{"id":123,"date":"2010-10-11T09:00:00","date_gmt":"2010-10-11T08:00:00","guid":{"rendered":""},"modified":"2010-10-11T08:00:00","modified_gmt":"2010-10-11T09:00:00","slug":"","status":"publish","type":"post","link":"https:\/\/www.2-ruote.com\/IT\/?p=123","title":{"rendered":"Pedrosa si congratula con Lorenzo"},"content":{"rendered":"<p style=\"\"text-align: justify;\"\">Il grande assente a Sepang \u00e8 stato, ovviamente, Dani Pedrosa. Fuori gioco per la frattura alla clavicola rimediata a Motegi, il pilota della Honda ha praticamente consegnato il titolo mondiale a Jorge Lorenzo senza possibilit\u00e0\u00a0 di proseguire alla rimonta iniziata nelle ultime gare stagionali. Proprio Pedrosa ha affidato al comunicato stampa Repsol Honda il proprio pensiero sulla conquista del titolo del connazionale Lorenzo, complimentandosi con lui per questo risultato.<br \/>\n<BR><br \/>\nPenso che sia una bella cosa per la Spagna avere un altro campione del mondo dopo il titolo di Alex Criville nel 1999: \u00e8 stato tanto tempo fa\u00e2\u20ac\u00a6 un periodo troppo lungo. Vorrei sinceramente complimentarmi con Lorenzo, ha guidato molto bene quest&#8217;anno sin dall&#8217;inizio della stagione e ha commesso pochissimi errori\u00e2\u20ac\u00a6 si merita il titolo. Certo, mi sarebbe piaciuto esser l\u00ec a cercare di mantener vivo e aperto il campionato, ma non \u00e8 andata cos\u00ec.<br \/>\n<BR><BR><br \/>\nPedrosa ha poi parlato di come sta procedendo la riabilitazione, sperando di poter rientrare in gara il prossimo fine settimana in Australia.<br \/>\n<BR>Il mio recupero prosegue bene, spero di stare abbastanza in forma per Phillip Island e tornare al livello che avevamo raggiunto nelle ultime gare, ha concluso Dani.\n<\/p>\n<p style=\"text-align: right;\"><em>Fonte: WEB<\/em><\/p>\n<div class=\"sharedaddy sd-sharing-enabled\"><div class=\"robots-nocontent sd-block sd-social sd-social-icon sd-sharing\"><h3 class=\"sd-title\">Condividi:<\/h3><div class=\"sd-content\"><ul><li class=\"share-facebook\"><a rel=\"nofollow noopener noreferrer\" data-shared=\"sharing-facebook-123\" class=\"share-facebook sd-button share-icon no-text\" href=\"https:\/\/www.2-ruote.com\/IT\/?p=123&amp;share=facebook\" target=\"_blank\" title=\"Fai clic per condividere su Facebook\"><span><\/span><span class=\"sharing-screen-reader-text\">Fai clic per condividere su Facebook (Si apre in una nuova finestra)<\/span><\/a><\/li><li class=\"share-twitter\"><a rel=\"nofollow noopener noreferrer\" data-shared=\"sharing-twitter-123\" class=\"share-twitter sd-button share-icon no-text\" href=\"https:\/\/www.2-ruote.com\/IT\/?p=123&amp;share=twitter\" target=\"_blank\" title=\"Fai clic qui per condividere su Twitter\"><span><\/span><span class=\"sharing-screen-reader-text\">Fai clic qui per condividere su Twitter (Si apre in una nuova finestra)<\/span><\/a><\/li><li class=\"share-pinterest\"><a rel=\"nofollow noopener noreferrer\" data-shared=\"sharing-pinterest-123\" class=\"share-pinterest sd-button share-icon no-text\" href=\"https:\/\/www.2-ruote.com\/IT\/?p=123&amp;share=pinterest\" target=\"_blank\" title=\"Fai clic qui per condividere su Pinterest\"><span><\/span><span class=\"sharing-screen-reader-text\">Fai clic qui per condividere su Pinterest (Si apre in una nuova finestra)<\/span><\/a><\/li><li class=\"share-whatsapp\"><a rel=\"nofollow noopener noreferrer\" data-shared=\"\" class=\"share-whatsapp sd-button share-icon no-text\" href=\"https:\/\/www.2-ruote.com\/IT\/?p=123&amp;share=whatsapp\" target=\"_blank\" title=\"Clicca per condividere su WhatsApp\"><span><\/span><span class=\"sharing-screen-reader-text\">Clicca per condividere su WhatsApp (Si apre in una nuova finestra)<\/span><\/a><\/li><li class=\"share-linkedin\"><a rel=\"nofollow noopener noreferrer\" data-shared=\"sharing-linkedin-123\" class=\"share-linkedin sd-button share-icon no-text\" href=\"https:\/\/www.2-ruote.com\/IT\/?p=123&amp;share=linkedin\" target=\"_blank\" title=\"Fai clic qui per condividere su LinkedIn\"><span><\/span><span class=\"sharing-screen-reader-text\">Fai clic qui per condividere su LinkedIn (Si apre in una nuova finestra)<\/span><\/a><\/li><li class=\"share-tumblr\"><a rel=\"nofollow noopener noreferrer\" data-shared=\"\" class=\"share-tumblr sd-button share-icon no-text\" href=\"https:\/\/www.2-ruote.com\/IT\/?p=123&amp;share=tumblr\" target=\"_blank\" title=\"Fai clic qui per condividere su Tumblr\"><span><\/span><span class=\"sharing-screen-reader-text\">Fai clic qui per condividere su Tumblr (Si apre in una nuova finestra)<\/span><\/a><\/li><li class=\"share-pocket\"><a rel=\"nofollow noopener noreferrer\" data-shared=\"\" class=\"share-pocket sd-button share-icon no-text\" href=\"https:\/\/www.2-ruote.com\/IT\/?p=123&amp;share=pocket\" target=\"_blank\" title=\"Fai clic qui per condividere su Pocket\"><span><\/span><span class=\"sharing-screen-reader-text\">Fai clic qui per condividere su Pocket (Si apre in una nuova finestra)<\/span><\/a><\/li><li class=\"share-reddit\"><a rel=\"nofollow noopener noreferrer\" data-shared=\"\" class=\"share-reddit sd-button share-icon no-text\" href=\"https:\/\/www.2-ruote.com\/IT\/?p=123&amp;share=reddit\" target=\"_blank\" title=\"Fai clic qui per condividere su Reddit\"><span><\/span><span class=\"sharing-screen-reader-text\">Fai clic qui per condividere su Reddit (Si apre in una nuova finestra)<\/span><\/a><\/li><li class=\"share-print\"><a rel=\"nofollow noopener noreferrer\" data-shared=\"\" class=\"share-print sd-button share-icon no-text\" href=\"https:\/\/www.2-ruote.com\/IT\/?p=123\" target=\"_blank\" title=\"Fai clic qui per stampare\"><span><\/span><span class=\"sharing-screen-reader-text\">Fai clic qui per stampare (Si apre in una nuova finestra)<\/span><\/a><\/li><li class=\"share-end\"><\/li><\/ul><\/div><\/div><\/div>","protected":false},"excerpt":{"rendered":"<p>Il grande assente a Sepang \u00e8 stato, ovviamente, Dani Pedrosa. Fuori gioco per la frattura alla clavicola rimediata a Motegi,&hellip;<\/p>\n<div class=\"sharedaddy sd-sharing-enabled\"><div class=\"robots-nocontent sd-block sd-social sd-social-icon sd-sharing\"><h3 class=\"sd-title\">Condividi:<\/h3><div class=\"sd-content\"><ul><li class=\"share-facebook\"><a rel=\"nofollow noopener noreferrer\" data-shared=\"sharing-facebook-123\" class=\"share-facebook sd-button share-icon no-text\" href=\"https:\/\/www.2-ruote.com\/IT\/?p=123&amp;share=facebook\" target=\"_blank\" title=\"Fai clic per condividere su Facebook\"><span><\/span><span class=\"sharing-screen-reader-text\">Fai clic per condividere su Facebook (Si apre in una nuova finestra)<\/span><\/a><\/li><li class=\"share-twitter\"><a rel=\"nofollow noopener noreferrer\" data-shared=\"sharing-twitter-123\" class=\"share-twitter sd-button share-icon no-text\" href=\"https:\/\/www.2-ruote.com\/IT\/?p=123&amp;share=twitter\" target=\"_blank\" title=\"Fai clic qui per condividere su Twitter\"><span><\/span><span class=\"sharing-screen-reader-text\">Fai clic qui per condividere su Twitter (Si apre in una nuova finestra)<\/span><\/a><\/li><li class=\"share-pinterest\"><a rel=\"nofollow noopener noreferrer\" data-shared=\"sharing-pinterest-123\" class=\"share-pinterest sd-button share-icon no-text\" href=\"https:\/\/www.2-ruote.com\/IT\/?p=123&amp;share=pinterest\" target=\"_blank\" title=\"Fai clic qui per condividere su Pinterest\"><span><\/span><span class=\"sharing-screen-reader-text\">Fai clic qui per condividere su Pinterest (Si apre in una nuova finestra)<\/span><\/a><\/li><li class=\"share-whatsapp\"><a rel=\"nofollow noopener noreferrer\" data-shared=\"\" class=\"share-whatsapp sd-button share-icon no-text\" href=\"https:\/\/www.2-ruote.com\/IT\/?p=123&amp;share=whatsapp\" target=\"_blank\" title=\"Clicca per condividere su WhatsApp\"><span><\/span><span class=\"sharing-screen-reader-text\">Clicca per condividere su WhatsApp (Si apre in una nuova finestra)<\/span><\/a><\/li><li class=\"share-linkedin\"><a rel=\"nofollow noopener noreferrer\" data-shared=\"sharing-linkedin-123\" class=\"share-linkedin sd-button share-icon no-text\" href=\"https:\/\/www.2-ruote.com\/IT\/?p=123&amp;share=linkedin\" target=\"_blank\" title=\"Fai clic qui per condividere su LinkedIn\"><span><\/span><span class=\"sharing-screen-reader-text\">Fai clic qui per condividere su LinkedIn (Si apre in una nuova finestra)<\/span><\/a><\/li><li class=\"share-tumblr\"><a rel=\"nofollow noopener noreferrer\" data-shared=\"\" class=\"share-tumblr sd-button share-icon no-text\" href=\"https:\/\/www.2-ruote.com\/IT\/?p=123&amp;share=tumblr\" target=\"_blank\" title=\"Fai clic qui per condividere su Tumblr\"><span><\/span><span class=\"sharing-screen-reader-text\">Fai clic qui per condividere su Tumblr (Si apre in una nuova finestra)<\/span><\/a><\/li><li class=\"share-pocket\"><a rel=\"nofollow noopener noreferrer\" data-shared=\"\" class=\"share-pocket sd-button share-icon no-text\" href=\"https:\/\/www.2-ruote.com\/IT\/?p=123&amp;share=pocket\" target=\"_blank\" title=\"Fai clic qui per condividere su Pocket\"><span><\/span><span class=\"sharing-screen-reader-text\">Fai clic qui per condividere su Pocket (Si apre in una nuova finestra)<\/span><\/a><\/li><li class=\"share-reddit\"><a rel=\"nofollow noopener noreferrer\" data-shared=\"\" class=\"share-reddit sd-button share-icon no-text\" href=\"https:\/\/www.2-ruote.com\/IT\/?p=123&amp;share=reddit\" target=\"_blank\" title=\"Fai clic qui per condividere su Reddit\"><span><\/span><span class=\"sharing-screen-reader-text\">Fai clic qui per condividere su Reddit (Si apre in una nuova finestra)<\/span><\/a><\/li><li class=\"share-print\"><a rel=\"nofollow noopener noreferrer\" data-shared=\"\" class=\"share-print sd-button share-icon no-text\" href=\"https:\/\/www.2-ruote.com\/IT\/?p=123\" target=\"_blank\" title=\"Fai clic qui per stampare\"><span><\/span><span class=\"sharing-screen-reader-text\">Fai clic qui per stampare (Si apre in una nuova finestra)<\/span><\/a><\/li><li class=\"share-end\"><\/li><\/ul><\/div><\/div><\/div>","protected":false},"author":1,"featured_media":0,"comment_status":"open","ping_status":"open","sticky":false,"template":"","format":"standard","meta":{"_mi_skip_tracking":false,"_monsterinsights_sitenote_active":false,"_monsterinsights_sitenote_note":"","_monsterinsights_sitenote_category":0,"spay_email":"","jetpack_publicize_message":"","jetpack_is_tweetstorm":false},"categories":[3,1],"tags":[],"aioseo_notices":[],"jetpack_featured_media_url":"","jetpack_publicize_connections":[],"jetpack_sharing_enabled":true,"jetpack_shortlink":"https:\/\/wp.me\/s6TDfQ-","jetpack-related-posts":[{"id":828,"url":"https:\/\/www.2-ruote.com\/IT\/?p=828","url_meta":{"origin":123,"position":0},"title":"Valentino Rossi- Jorge Lorenzo: veleni senza fine","date":"10 Novembre 2015","format":false,"excerpt":"Il re \u00e8 nudo, ma per ora si tuffa in un brodo di giuggiole, mentre i guardaspalle sono in libera uscita e possono ancora rimandare il momento di rendere conto all'evidenza. \u00abPovero Valentino, questa era la sua ultima occasione per vincere il mondiale, ci sono piloti pi\u00f9 giovani e pi\u00f9\u2026","rel":"","context":"In &quot;MotoGP&quot;","img":{"alt_text":"","src":"","width":0,"height":0},"classes":[]},{"id":256,"url":"https:\/\/www.2-ruote.com\/IT\/?p=256","url_meta":{"origin":123,"position":1},"title":"ROSSI TERZO NELLE LIBERE DI JEREZ, HAYDEN NONO","date":"1 Aprile 2011","format":false,"excerpt":"Valentino Rossi ha ottenuto il terzo miglior tempo assoluto della prima giornata di prove del Gran Premio di Spagna a Jerez. Lo ha fatto, come i primi sette della classifica, nel turno del mattino, dalle condizioni leggermente pi\u00f9 fresche e un po' meno ventose. Valentino ed il suo team hanno\u2026","rel":"","context":"In &quot;Ducati Corse&quot;","img":{"alt_text":"","src":"","width":0,"height":0},"classes":[]},{"id":6329,"url":"https:\/\/www.2-ruote.com\/IT\/?p=6329","url_meta":{"origin":123,"position":2},"title":"Podio ad Austin per Andrea Iannone, terzo nel GP of the Americas","date":"10 Aprile 2016","format":false,"excerpt":"Dovizioso cade colpito dalla moto di Pedrosa mentre era in lotta nel gruppo di testa. Andrea Iannone ha conquistato il podio oggi ad Austin grazie al terzo posto ottenuto nel GP of the Americas, disputato questo pomeriggio sul circuito texano. Il pilota abruzzese, scattato dalla terza fila, \u00e8 transitato in\u2026","rel":"","context":"In &quot;Ducati Corse&quot;","img":{"alt_text":"","src":"https:\/\/i1.wp.com\/www.2-ruote.com\/IT\/wp-content\/uploads\/2017\/02\/2016-Ducati-Circuit-of-The-Americas-34.jpg?fit=1200%2C800&ssl=1&resize=350%2C200","width":350,"height":200},"classes":[]},{"id":304,"url":"https:\/\/www.2-ruote.com\/IT\/?p=304","url_meta":{"origin":123,"position":3},"title":"Le Mans: Lorenzo aumenta il proprio vantaggio in classifica","date":"15 Maggio 2011","format":false,"excerpt":"Il Gran Premio di Francia e le tribune gremite di Le Mans sono stati testimoni di una gara entusiasmante caratterizzata da numerosi incidenti. Il campione del mondo in carica Jorge Lorenzo ha subito una caduta nel corso del warm up del mattino, durante la quale si \u00e8 procurato un piccolo\u2026","rel":"","context":"In &quot;MotoGP&quot;","img":{"alt_text":"","src":"","width":0,"height":0},"classes":[]},{"id":379,"url":"https:\/\/www.2-ruote.com\/IT\/?p=379","url_meta":{"origin":123,"position":4},"title":"Lorenzo Lotta per la Vittoria a Laguna Seca","date":"25 Luglio 2011","format":false,"excerpt":"Oggi a Laguna Seca il Campione del Mondo in carica, Jorge Lorenzo, \u00e8 stato costretto ad uno sforzo sovrumano nel duello per il primo posto con Casey Stoner, per poi finire secondo sul podio dietro all'australiano. Lorenzo \u00e8 stato artefice di una partenza perfetta che gli ha consentito di mantenere\u2026","rel":"","context":"In &quot;MotoGP&quot;","img":{"alt_text":"","src":"","width":0,"height":0},"classes":[]}],"jetpack_likes_enabled":true,"_links":{"self":[{"href":"https:\/\/www.2-ruote.com\/IT\/index.php?rest_route=\/wp\/v2\/posts\/123"}],"collection":[{"href":"https:\/\/www.2-ruote.com\/IT\/index.php?rest_route=\/wp\/v2\/posts"}],"about":[{"href":"https:\/\/www.2-ruote.com\/IT\/index.php?rest_route=\/wp\/v2\/types\/post"}],"author":[{"embeddable":true,"href":"https:\/\/www.2-ruote.com\/IT\/index.php?rest_route=\/wp\/v2\/users\/1"}],"replies":[{"embeddable":true,"href":"https:\/\/www.2-ruote.com\/IT\/index.php?rest_route=%2Fwp%2Fv2%2Fcomments&post=123"}],"version-history":[{"count":0,"href":"https:\/\/www.2-ruote.com\/IT\/index.php?rest_route=\/wp\/v2\/posts\/123\/revisions"}],"wp:attachment":[{"href":"https:\/\/www.2-ruote.com\/IT\/index.php?rest_route=%2Fwp%2Fv2%2Fmedia&parent=123"}],"wp:term":[{"taxonomy":"category","embeddable":true,"href":"https:\/\/www.2-ruote.com\/IT\/index.php?rest_route=%2Fwp%2Fv2%2Fcategories&post=123"},{"taxonomy":"post_tag","embeddable":true,"href":"https:\/\/www.2-ruote.com\/IT\/index.php?rest_route=%2Fwp%2Fv2%2Ftags&post=123"}],"curies":[{"name":"wp","href":"https:\/\/api.w.org\/{rel}","templated":true}]}}