{"id":124,"date":"2010-10-11T09:00:00","date_gmt":"2010-10-11T08:00:00","guid":{"rendered":""},"modified":"2010-10-11T08:00:00","modified_gmt":"2010-10-11T09:00:00","slug":"","status":"publish","type":"post","link":"https:\/\/www.2-ruote.com\/IT\/?p=124","title":{"rendered":"Stampa spagnola: &#8220;&#8221;Lorenzo nuovo re del mondo&#8221;&#8221;"},"content":{"rendered":"<p style=\"\"text-align: justify;\"\">El Pais incorona Jorge Lorenzo &#8220;&#8221;nuovo re del mondo&#8221;&#8221;.<br \/>\n<BR>Per El Mundo Lorenzo \u00e8 &#8220;&#8221;Un campione spartano&#8221;&#8221;, che ha &#8220;&#8221;realizzato il sogno della sua vita&#8221;&#8221;.<br \/>\n<BR>Marca sottolinea in un editoriale che quella di ieri \u00e8 stata &#8220;&#8221;un&#8217;altra domenica di quelle che ci invidia il resto del mondo&#8221;&#8221; un altro &#8220;&#8221;di quei giorni nei quali lo sport spagnolo tocca il vertice e conferma pi\u00f9 che mai la sua Stagione d&#8217;Oro&#8221;&#8221;.\n<\/p>\n<p style=\"text-align: right;\"><em>Fonte: WEB<\/em><\/p>\n<div class=\"sharedaddy sd-sharing-enabled\"><div class=\"robots-nocontent sd-block sd-social sd-social-icon sd-sharing\"><h3 class=\"sd-title\">Condividi:<\/h3><div class=\"sd-content\"><ul><li class=\"share-facebook\"><a rel=\"nofollow noopener noreferrer\" data-shared=\"sharing-facebook-124\" class=\"share-facebook sd-button share-icon no-text\" href=\"https:\/\/www.2-ruote.com\/IT\/?p=124&amp;share=facebook\" target=\"_blank\" title=\"Fai clic per condividere su Facebook\"><span><\/span><span class=\"sharing-screen-reader-text\">Fai clic per condividere su Facebook (Si apre in una nuova finestra)<\/span><\/a><\/li><li class=\"share-twitter\"><a rel=\"nofollow noopener noreferrer\" data-shared=\"sharing-twitter-124\" class=\"share-twitter sd-button share-icon no-text\" href=\"https:\/\/www.2-ruote.com\/IT\/?p=124&amp;share=twitter\" target=\"_blank\" title=\"Fai clic qui per condividere su Twitter\"><span><\/span><span class=\"sharing-screen-reader-text\">Fai clic qui per condividere su Twitter (Si apre in una nuova finestra)<\/span><\/a><\/li><li class=\"share-pinterest\"><a rel=\"nofollow noopener noreferrer\" data-shared=\"sharing-pinterest-124\" class=\"share-pinterest sd-button share-icon no-text\" href=\"https:\/\/www.2-ruote.com\/IT\/?p=124&amp;share=pinterest\" target=\"_blank\" title=\"Fai clic qui per condividere su Pinterest\"><span><\/span><span class=\"sharing-screen-reader-text\">Fai clic qui per condividere su Pinterest (Si apre in una nuova finestra)<\/span><\/a><\/li><li class=\"share-whatsapp\"><a rel=\"nofollow noopener noreferrer\" data-shared=\"\" class=\"share-whatsapp sd-button share-icon no-text\" href=\"https:\/\/www.2-ruote.com\/IT\/?p=124&amp;share=whatsapp\" target=\"_blank\" title=\"Clicca per condividere su WhatsApp\"><span><\/span><span class=\"sharing-screen-reader-text\">Clicca per condividere su WhatsApp (Si apre in una nuova finestra)<\/span><\/a><\/li><li class=\"share-linkedin\"><a rel=\"nofollow noopener noreferrer\" data-shared=\"sharing-linkedin-124\" class=\"share-linkedin sd-button share-icon no-text\" href=\"https:\/\/www.2-ruote.com\/IT\/?p=124&amp;share=linkedin\" target=\"_blank\" title=\"Fai clic qui per condividere su LinkedIn\"><span><\/span><span class=\"sharing-screen-reader-text\">Fai clic qui per condividere su LinkedIn (Si apre in una nuova finestra)<\/span><\/a><\/li><li class=\"share-tumblr\"><a rel=\"nofollow noopener noreferrer\" data-shared=\"\" class=\"share-tumblr sd-button share-icon no-text\" href=\"https:\/\/www.2-ruote.com\/IT\/?p=124&amp;share=tumblr\" target=\"_blank\" title=\"Fai clic qui per condividere su Tumblr\"><span><\/span><span class=\"sharing-screen-reader-text\">Fai clic qui per condividere su Tumblr (Si apre in una nuova finestra)<\/span><\/a><\/li><li class=\"share-pocket\"><a rel=\"nofollow noopener noreferrer\" data-shared=\"\" class=\"share-pocket sd-button share-icon no-text\" href=\"https:\/\/www.2-ruote.com\/IT\/?p=124&amp;share=pocket\" target=\"_blank\" title=\"Fai clic qui per condividere su Pocket\"><span><\/span><span class=\"sharing-screen-reader-text\">Fai clic qui per condividere su Pocket (Si apre in una nuova finestra)<\/span><\/a><\/li><li class=\"share-reddit\"><a rel=\"nofollow noopener noreferrer\" data-shared=\"\" class=\"share-reddit sd-button share-icon no-text\" href=\"https:\/\/www.2-ruote.com\/IT\/?p=124&amp;share=reddit\" target=\"_blank\" title=\"Fai clic qui per condividere su Reddit\"><span><\/span><span class=\"sharing-screen-reader-text\">Fai clic qui per condividere su Reddit (Si apre in una nuova finestra)<\/span><\/a><\/li><li class=\"share-print\"><a rel=\"nofollow noopener noreferrer\" data-shared=\"\" class=\"share-print sd-button share-icon no-text\" href=\"https:\/\/www.2-ruote.com\/IT\/?p=124\" target=\"_blank\" title=\"Fai clic qui per stampare\"><span><\/span><span class=\"sharing-screen-reader-text\">Fai clic qui per stampare (Si apre in una nuova finestra)<\/span><\/a><\/li><li class=\"share-end\"><\/li><\/ul><\/div><\/div><\/div>","protected":false},"excerpt":{"rendered":"<p>El Pais incorona Jorge Lorenzo &#8220;&#8221;nuovo re del mondo&#8221;&#8221;. Per El Mundo Lorenzo \u00e8 &#8220;&#8221;Un campione spartano&#8221;&#8221;, che ha &#8220;&#8221;realizzato&hellip;<\/p>\n<div class=\"sharedaddy sd-sharing-enabled\"><div class=\"robots-nocontent sd-block sd-social sd-social-icon sd-sharing\"><h3 class=\"sd-title\">Condividi:<\/h3><div class=\"sd-content\"><ul><li class=\"share-facebook\"><a rel=\"nofollow noopener noreferrer\" data-shared=\"sharing-facebook-124\" class=\"share-facebook sd-button share-icon no-text\" href=\"https:\/\/www.2-ruote.com\/IT\/?p=124&amp;share=facebook\" target=\"_blank\" title=\"Fai clic per condividere su Facebook\"><span><\/span><span class=\"sharing-screen-reader-text\">Fai clic per condividere su Facebook (Si apre in una nuova finestra)<\/span><\/a><\/li><li class=\"share-twitter\"><a rel=\"nofollow noopener noreferrer\" data-shared=\"sharing-twitter-124\" class=\"share-twitter sd-button share-icon no-text\" href=\"https:\/\/www.2-ruote.com\/IT\/?p=124&amp;share=twitter\" target=\"_blank\" title=\"Fai clic qui per condividere su Twitter\"><span><\/span><span class=\"sharing-screen-reader-text\">Fai clic qui per condividere su Twitter (Si apre in una nuova finestra)<\/span><\/a><\/li><li class=\"share-pinterest\"><a rel=\"nofollow noopener noreferrer\" data-shared=\"sharing-pinterest-124\" class=\"share-pinterest sd-button share-icon no-text\" href=\"https:\/\/www.2-ruote.com\/IT\/?p=124&amp;share=pinterest\" target=\"_blank\" title=\"Fai clic qui per condividere su Pinterest\"><span><\/span><span class=\"sharing-screen-reader-text\">Fai clic qui per condividere su Pinterest (Si apre in una nuova finestra)<\/span><\/a><\/li><li class=\"share-whatsapp\"><a rel=\"nofollow noopener noreferrer\" data-shared=\"\" class=\"share-whatsapp sd-button share-icon no-text\" href=\"https:\/\/www.2-ruote.com\/IT\/?p=124&amp;share=whatsapp\" target=\"_blank\" title=\"Clicca per condividere su WhatsApp\"><span><\/span><span class=\"sharing-screen-reader-text\">Clicca per condividere su WhatsApp (Si apre in una nuova finestra)<\/span><\/a><\/li><li class=\"share-linkedin\"><a rel=\"nofollow noopener noreferrer\" data-shared=\"sharing-linkedin-124\" class=\"share-linkedin sd-button share-icon no-text\" href=\"https:\/\/www.2-ruote.com\/IT\/?p=124&amp;share=linkedin\" target=\"_blank\" title=\"Fai clic qui per condividere su LinkedIn\"><span><\/span><span class=\"sharing-screen-reader-text\">Fai clic qui per condividere su LinkedIn (Si apre in una nuova finestra)<\/span><\/a><\/li><li class=\"share-tumblr\"><a rel=\"nofollow noopener noreferrer\" data-shared=\"\" class=\"share-tumblr sd-button share-icon no-text\" href=\"https:\/\/www.2-ruote.com\/IT\/?p=124&amp;share=tumblr\" target=\"_blank\" title=\"Fai clic qui per condividere su Tumblr\"><span><\/span><span class=\"sharing-screen-reader-text\">Fai clic qui per condividere su Tumblr (Si apre in una nuova finestra)<\/span><\/a><\/li><li class=\"share-pocket\"><a rel=\"nofollow noopener noreferrer\" data-shared=\"\" class=\"share-pocket sd-button share-icon no-text\" href=\"https:\/\/www.2-ruote.com\/IT\/?p=124&amp;share=pocket\" target=\"_blank\" title=\"Fai clic qui per condividere su Pocket\"><span><\/span><span class=\"sharing-screen-reader-text\">Fai clic qui per condividere su Pocket (Si apre in una nuova finestra)<\/span><\/a><\/li><li class=\"share-reddit\"><a rel=\"nofollow noopener noreferrer\" data-shared=\"\" class=\"share-reddit sd-button share-icon no-text\" href=\"https:\/\/www.2-ruote.com\/IT\/?p=124&amp;share=reddit\" target=\"_blank\" title=\"Fai clic qui per condividere su Reddit\"><span><\/span><span class=\"sharing-screen-reader-text\">Fai clic qui per condividere su Reddit (Si apre in una nuova finestra)<\/span><\/a><\/li><li class=\"share-print\"><a rel=\"nofollow noopener noreferrer\" data-shared=\"\" class=\"share-print sd-button share-icon no-text\" href=\"https:\/\/www.2-ruote.com\/IT\/?p=124\" target=\"_blank\" title=\"Fai clic qui per stampare\"><span><\/span><span class=\"sharing-screen-reader-text\">Fai clic qui per stampare (Si apre in una nuova finestra)<\/span><\/a><\/li><li class=\"share-end\"><\/li><\/ul><\/div><\/div><\/div>","protected":false},"author":1,"featured_media":0,"comment_status":"open","ping_status":"open","sticky":false,"template":"","format":"standard","meta":{"_mi_skip_tracking":false,"_monsterinsights_sitenote_active":false,"_monsterinsights_sitenote_note":"","_monsterinsights_sitenote_category":0,"spay_email":"","jetpack_publicize_message":"","jetpack_is_tweetstorm":false},"categories":[3,1],"tags":[],"aioseo_notices":[],"jetpack_featured_media_url":"","jetpack_publicize_connections":[],"jetpack_sharing_enabled":true,"jetpack_shortlink":"https:\/\/wp.me\/s6TDfQ-","jetpack-related-posts":[{"id":258,"url":"https:\/\/www.2-ruote.com\/IT\/?p=258","url_meta":{"origin":124,"position":0},"title":"Lorenzo mostra tutta la propria classe in Spagna con una grande vittoria sul bagnato","date":"4 Aprile 2011","format":false,"excerpt":"Jorge Lorenzo e la sua Yamaha YZR-M1 Factory Racing hanno dato prova di grande abilit\u00e0\u00a0 sulla pista bagnata di Jerez de la Frontera nel secondo round del Campionato del Mondo MotoGP 2011. La gara si \u00e8 decisa in condizioni meteo particolarmente ardue, data la pioggia che ha caratterizzato lintera giornata\u2026","rel":"","context":"In &quot;MotoGP&quot;","img":{"alt_text":"","src":"","width":0,"height":0},"classes":[]},{"id":138,"url":"https:\/\/www.2-ruote.com\/IT\/?p=138","url_meta":{"origin":124,"position":1},"title":"Il Fiat Yamaha Team insegue la \"\"tripla corona\"\" mentre la MotoGP ritorna in Europa","date":"26 Ottobre 2010","format":false,"excerpt":"Dopo aver gi\u00e0\u00a0 conquistato il mondiale Piloti e Squadre, il Fiat Yamaha Team torna sulle coste europee in questo fine settimana per la penultima gara della stagione, a Estoril in Portogallo. Il nuovo Campione del Mondo MotoGP, Jorge Lorenzo e il suo compagno di squadra, Valentino Rossi, sono impazienti di\u2026","rel":"","context":"In &quot;MotoGP&quot;","img":{"alt_text":"","src":"","width":0,"height":0},"classes":[]},{"id":122,"url":"https:\/\/www.2-ruote.com\/IT\/?p=122","url_meta":{"origin":124,"position":2},"title":"Separati e vincenti","date":"10 Ottobre 2010","format":false,"excerpt":"Separati in casa, divisi da un muro netto e, da ormai due anni, pronti a contendersi gara dopo gara il titolo di miglior pilota al mondo. Tuttavia, dal gran premio della Malesia escono entrambi vincitori, Valentino Rossi e Jorge Lorenzo hanno infatti regalato ai propri tifosi una giornata di festa.\u2026","rel":"","context":"In &quot;MotoGP&quot;","img":{"alt_text":"","src":"","width":0,"height":0},"classes":[]},{"id":390,"url":"https:\/\/www.2-ruote.com\/IT\/?p=390","url_meta":{"origin":124,"position":3},"title":"Stradaorinaria Vittoria per Jorge Lorenzo a Misano","date":"4 Settembre 2011","format":false,"excerpt":"Oggi a Misano Jorge Lorenzo \u00e8 stato autore di una prestazione perfetta, dalla partenza alla bandiera a scacchi. Il Campione del Mondo in carica \u00e8 scattato dalla seconda posizione in griglia e, gi\u00e0\u00a0 alla prima curva, si \u00e8 subito portato davanti al leader del mondiale Casey Stoner. Alla pressione del\u2026","rel":"","context":"In &quot;MotoGP&quot;","img":{"alt_text":"","src":"","width":0,"height":0},"classes":[]},{"id":166,"url":"https:\/\/www.2-ruote.com\/IT\/?p=166","url_meta":{"origin":124,"position":4},"title":"A Valencia, vittoria di Lorenzo mentre Valentino \u00e0\u00a8 terzo nel giorno dell'addio","date":"7 Novembre 2010","format":false,"excerpt":"Jorge Lorenzo, campione del mondo, ha concluso in gran spolvero la stagione, cogliendo oggi la nona vittoria di fronte al pubblico di casa, a Valencia. Valentino, alla sua 117a ed ultima gara per Yamaha, ha concluso al terzo posto, sigillando cos\u00ec sette favolosi anni di partnership con la YZR-M1. Sia\u2026","rel":"","context":"In &quot;MotoGP&quot;","img":{"alt_text":"","src":"","width":0,"height":0},"classes":[]},{"id":298,"url":"https:\/\/www.2-ruote.com\/IT\/?p=298","url_meta":{"origin":124,"position":5},"title":"3\u00b0 GIOVEDI DEL MOTOCICLISTA","date":"20 Maggio 2011","format":false,"excerpt":"\u00e0\u02c6 in arrivo il terzo appuntamento stagionale de Il Gioved\u00ec del Motociclista, la serie di incontri dedicati alla passione per le due ruote, organizzata da Yamaha Motor Italia presso il Red Point Caf\u00e8 Milano, in collaborazione con il suo Concessionario Ufficiale Negri Motors. Dopo The Rocker Luca Scassa e Macio\u2026","rel":"","context":"In &quot;Tutte le news&quot;","img":{"alt_text":"","src":"","width":0,"height":0},"classes":[]}],"jetpack_likes_enabled":true,"_links":{"self":[{"href":"https:\/\/www.2-ruote.com\/IT\/index.php?rest_route=\/wp\/v2\/posts\/124"}],"collection":[{"href":"https:\/\/www.2-ruote.com\/IT\/index.php?rest_route=\/wp\/v2\/posts"}],"about":[{"href":"https:\/\/www.2-ruote.com\/IT\/index.php?rest_route=\/wp\/v2\/types\/post"}],"author":[{"embeddable":true,"href":"https:\/\/www.2-ruote.com\/IT\/index.php?rest_route=\/wp\/v2\/users\/1"}],"replies":[{"embeddable":true,"href":"https:\/\/www.2-ruote.com\/IT\/index.php?rest_route=%2Fwp%2Fv2%2Fcomments&post=124"}],"version-history":[{"count":0,"href":"https:\/\/www.2-ruote.com\/IT\/index.php?rest_route=\/wp\/v2\/posts\/124\/revisions"}],"wp:attachment":[{"href":"https:\/\/www.2-ruote.com\/IT\/index.php?rest_route=%2Fwp%2Fv2%2Fmedia&parent=124"}],"wp:term":[{"taxonomy":"category","embeddable":true,"href":"https:\/\/www.2-ruote.com\/IT\/index.php?rest_route=%2Fwp%2Fv2%2Fcategories&post=124"},{"taxonomy":"post_tag","embeddable":true,"href":"https:\/\/www.2-ruote.com\/IT\/index.php?rest_route=%2Fwp%2Fv2%2Ftags&post=124"}],"curies":[{"name":"wp","href":"https:\/\/api.w.org\/{rel}","templated":true}]}}