{"id":130,"date":"2010-10-18T09:00:00","date_gmt":"2010-10-18T08:00:00","guid":{"rendered":""},"modified":"2010-10-18T08:00:00","modified_gmt":"2010-10-18T09:00:00","slug":"","status":"publish","type":"post","link":"https:\/\/www.2-ruote.com\/IT\/?p=130","title":{"rendered":"Kallio e Pramac Racing si separano dopo il GP d&#8217;Australia"},"content":{"rendered":"<p style=\"\"text-align: justify;\"\">Giunge al termine la relazione tra il team italiano e il pilota finlandese, limitato da un forte dolore alla spalla che si trascina da Le Mans. A giorni l&#8217;annuncio del sostituto.<br \/>\n<BR><BR>Con il Gran Premio d&#8217;Australia il pilota finlandese Mika Kallio chiude la sua avventura con il Pramac Racing Team. Mika ha risentito nelle ultime gare forti dolori alla spalla sinistra infortunata nella gara francese di Le Mans e al suo rientro in Finlandia si sottoporr\u00e0\u00a0 a cure mediche per poter essere nelle migliori condizioni fisiche per la prossima stagione. Tutto il Pramac Racing Team ringrazia Mika per i due anni passati insieme e gli augura un futuro ricco di successo e felicit\u00e0\u00a0.<\/p>\n<p><BR><\/p>\n<blockquote>\n<h3 style=\"text-align: center;\">Mika Kallio<\/h3>\n<p style=\"text-align: center;\"><em>Kallio e Pramac Racing si separano dopo il GP d&#8217;Australia<\/em><\/p>\n<p>E&#8217; dalla gara del Giappone che il dolore alla spalla sinistra, infortunata nella gara di Le Mans, \u00e8 diventato troppo intenso. Ne ho da subito parlato con il Team che ha compreso la mia situazione ed ha accettato che avrei provato a correre in Malesia e Australia per poi decidere se proseguire nelle ultime due gare. Purtroppo, nonostante la buona gara corsa oggi, il dolore limita le mie prestazioni e, insieme al Team, abbiamo preferito concludere oggi la nostra collaborazione. E&#8217; stata una scelta dura per me, ma in questo modo potr\u00e0 ritrovare la condizione fisica ottimale e pensare nel miglior modo al mio futuro. Ci tengo molto a ringraziare Paolo Campinoti che \u00e8 stato molto disponibile nel gestire questa situazione. Ringrazio inoltre tutto lo staff tecnico del Pramac Racing Team con cui mi sono trovato molto bene e li ricorder\u00e0 sempre con grande affetto.<\/p><\/blockquote>\n<p><BR><\/p>\n<blockquote>\n<h3 style=\"text-align: center;\">Paolo Campinoti<\/h3>\n<p style=\"text-align: center;\"><em>Team Principal Pramac Racing Team<\/em><\/p>\n<p>Non vorrei mai trovarmi in queste situazioni, ma quando un pilota ti chiede di poter non correre perch\u00e9 non pu\u00e0 dare il 100% per il Team, non puoi fare altro che prendere atto di questo gesto di sincerit\u00e0\u00a0 e andargli incontro. Abbiamo accettato la sua richiesta e ci tengo, a nome del Pramac Racing Team e dei nostri partner, a ringraziare Mika e augurargli un futuro ricco di felicit\u00e0\u00a0 e successi. In questi due anni, Mika ha sempre dimostrato grande correttezza, dando sempre il massimo per i nostri colori e per questo lo considereremo anche in futuro parte della nostra famiglia. Al momento abbiamo in testa un possibile sostituto per le ultime due gare in Portogallo e Spagna, ma solo tra qualche giorno, quando avremo firmato il nostro accordo, potremo annunciarlo ufficialmente.<\/p><\/blockquote>\n<p style=\"text-align: right;\"><em>Fonte: WEB<\/em><\/p>\n<div class=\"sharedaddy sd-sharing-enabled\"><div class=\"robots-nocontent sd-block sd-social sd-social-icon sd-sharing\"><h3 class=\"sd-title\">Condividi:<\/h3><div class=\"sd-content\"><ul><li class=\"share-facebook\"><a rel=\"nofollow noopener noreferrer\" data-shared=\"sharing-facebook-130\" class=\"share-facebook sd-button share-icon no-text\" href=\"https:\/\/www.2-ruote.com\/IT\/?p=130&amp;share=facebook\" target=\"_blank\" title=\"Fai clic per condividere su Facebook\"><span><\/span><span class=\"sharing-screen-reader-text\">Fai clic per condividere su Facebook (Si apre in una nuova finestra)<\/span><\/a><\/li><li class=\"share-twitter\"><a rel=\"nofollow noopener noreferrer\" data-shared=\"sharing-twitter-130\" class=\"share-twitter sd-button share-icon no-text\" href=\"https:\/\/www.2-ruote.com\/IT\/?p=130&amp;share=twitter\" target=\"_blank\" title=\"Fai clic qui per condividere su Twitter\"><span><\/span><span class=\"sharing-screen-reader-text\">Fai clic qui per condividere su Twitter (Si apre in una nuova finestra)<\/span><\/a><\/li><li class=\"share-pinterest\"><a rel=\"nofollow noopener noreferrer\" data-shared=\"sharing-pinterest-130\" class=\"share-pinterest sd-button share-icon no-text\" href=\"https:\/\/www.2-ruote.com\/IT\/?p=130&amp;share=pinterest\" target=\"_blank\" title=\"Fai clic qui per condividere su Pinterest\"><span><\/span><span class=\"sharing-screen-reader-text\">Fai clic qui per condividere su Pinterest (Si apre in una nuova finestra)<\/span><\/a><\/li><li class=\"share-whatsapp\"><a rel=\"nofollow noopener noreferrer\" data-shared=\"\" class=\"share-whatsapp sd-button share-icon no-text\" href=\"https:\/\/www.2-ruote.com\/IT\/?p=130&amp;share=whatsapp\" target=\"_blank\" title=\"Clicca per condividere su WhatsApp\"><span><\/span><span class=\"sharing-screen-reader-text\">Clicca per condividere su WhatsApp (Si apre in una nuova finestra)<\/span><\/a><\/li><li class=\"share-linkedin\"><a rel=\"nofollow noopener noreferrer\" data-shared=\"sharing-linkedin-130\" class=\"share-linkedin sd-button share-icon no-text\" href=\"https:\/\/www.2-ruote.com\/IT\/?p=130&amp;share=linkedin\" target=\"_blank\" title=\"Fai clic qui per condividere su LinkedIn\"><span><\/span><span class=\"sharing-screen-reader-text\">Fai clic qui per condividere su LinkedIn (Si apre in una nuova finestra)<\/span><\/a><\/li><li class=\"share-tumblr\"><a rel=\"nofollow noopener noreferrer\" data-shared=\"\" class=\"share-tumblr sd-button share-icon no-text\" href=\"https:\/\/www.2-ruote.com\/IT\/?p=130&amp;share=tumblr\" target=\"_blank\" title=\"Fai clic qui per condividere su Tumblr\"><span><\/span><span class=\"sharing-screen-reader-text\">Fai clic qui per condividere su Tumblr (Si apre in una nuova finestra)<\/span><\/a><\/li><li class=\"share-pocket\"><a rel=\"nofollow noopener noreferrer\" data-shared=\"\" class=\"share-pocket sd-button share-icon no-text\" href=\"https:\/\/www.2-ruote.com\/IT\/?p=130&amp;share=pocket\" target=\"_blank\" title=\"Fai clic qui per condividere su Pocket\"><span><\/span><span class=\"sharing-screen-reader-text\">Fai clic qui per condividere su Pocket (Si apre in una nuova finestra)<\/span><\/a><\/li><li class=\"share-reddit\"><a rel=\"nofollow noopener noreferrer\" data-shared=\"\" class=\"share-reddit sd-button share-icon no-text\" href=\"https:\/\/www.2-ruote.com\/IT\/?p=130&amp;share=reddit\" target=\"_blank\" title=\"Fai clic qui per condividere su Reddit\"><span><\/span><span class=\"sharing-screen-reader-text\">Fai clic qui per condividere su Reddit (Si apre in una nuova finestra)<\/span><\/a><\/li><li class=\"share-print\"><a rel=\"nofollow noopener noreferrer\" data-shared=\"\" class=\"share-print sd-button share-icon no-text\" href=\"https:\/\/www.2-ruote.com\/IT\/?p=130\" target=\"_blank\" title=\"Fai clic qui per stampare\"><span><\/span><span class=\"sharing-screen-reader-text\">Fai clic qui per stampare (Si apre in una nuova finestra)<\/span><\/a><\/li><li class=\"share-end\"><\/li><\/ul><\/div><\/div><\/div>","protected":false},"excerpt":{"rendered":"<p>Giunge al termine la relazione tra il team italiano e il pilota finlandese, limitato da un forte dolore alla spalla&hellip;<\/p>\n<div class=\"sharedaddy sd-sharing-enabled\"><div class=\"robots-nocontent sd-block sd-social sd-social-icon sd-sharing\"><h3 class=\"sd-title\">Condividi:<\/h3><div class=\"sd-content\"><ul><li class=\"share-facebook\"><a rel=\"nofollow noopener noreferrer\" data-shared=\"sharing-facebook-130\" class=\"share-facebook sd-button share-icon no-text\" href=\"https:\/\/www.2-ruote.com\/IT\/?p=130&amp;share=facebook\" target=\"_blank\" title=\"Fai clic per condividere su Facebook\"><span><\/span><span class=\"sharing-screen-reader-text\">Fai clic per condividere su Facebook (Si apre in una nuova finestra)<\/span><\/a><\/li><li class=\"share-twitter\"><a rel=\"nofollow noopener noreferrer\" data-shared=\"sharing-twitter-130\" class=\"share-twitter sd-button share-icon no-text\" href=\"https:\/\/www.2-ruote.com\/IT\/?p=130&amp;share=twitter\" target=\"_blank\" title=\"Fai clic qui per condividere su Twitter\"><span><\/span><span class=\"sharing-screen-reader-text\">Fai clic qui per condividere su Twitter (Si apre in una nuova finestra)<\/span><\/a><\/li><li class=\"share-pinterest\"><a rel=\"nofollow noopener noreferrer\" data-shared=\"sharing-pinterest-130\" class=\"share-pinterest sd-button share-icon no-text\" href=\"https:\/\/www.2-ruote.com\/IT\/?p=130&amp;share=pinterest\" target=\"_blank\" title=\"Fai clic qui per condividere su Pinterest\"><span><\/span><span class=\"sharing-screen-reader-text\">Fai clic qui per condividere su Pinterest (Si apre in una nuova finestra)<\/span><\/a><\/li><li class=\"share-whatsapp\"><a rel=\"nofollow noopener noreferrer\" data-shared=\"\" class=\"share-whatsapp sd-button share-icon no-text\" href=\"https:\/\/www.2-ruote.com\/IT\/?p=130&amp;share=whatsapp\" target=\"_blank\" title=\"Clicca per condividere su WhatsApp\"><span><\/span><span class=\"sharing-screen-reader-text\">Clicca per condividere su WhatsApp (Si apre in una nuova finestra)<\/span><\/a><\/li><li class=\"share-linkedin\"><a rel=\"nofollow noopener noreferrer\" data-shared=\"sharing-linkedin-130\" class=\"share-linkedin sd-button share-icon no-text\" href=\"https:\/\/www.2-ruote.com\/IT\/?p=130&amp;share=linkedin\" target=\"_blank\" title=\"Fai clic qui per condividere su LinkedIn\"><span><\/span><span class=\"sharing-screen-reader-text\">Fai clic qui per condividere su LinkedIn (Si apre in una nuova finestra)<\/span><\/a><\/li><li class=\"share-tumblr\"><a rel=\"nofollow noopener noreferrer\" data-shared=\"\" class=\"share-tumblr sd-button share-icon no-text\" href=\"https:\/\/www.2-ruote.com\/IT\/?p=130&amp;share=tumblr\" target=\"_blank\" title=\"Fai clic qui per condividere su Tumblr\"><span><\/span><span class=\"sharing-screen-reader-text\">Fai clic qui per condividere su Tumblr (Si apre in una nuova finestra)<\/span><\/a><\/li><li class=\"share-pocket\"><a rel=\"nofollow noopener noreferrer\" data-shared=\"\" class=\"share-pocket sd-button share-icon no-text\" href=\"https:\/\/www.2-ruote.com\/IT\/?p=130&amp;share=pocket\" target=\"_blank\" title=\"Fai clic qui per condividere su Pocket\"><span><\/span><span class=\"sharing-screen-reader-text\">Fai clic qui per condividere su Pocket (Si apre in una nuova finestra)<\/span><\/a><\/li><li class=\"share-reddit\"><a rel=\"nofollow noopener noreferrer\" data-shared=\"\" class=\"share-reddit sd-button share-icon no-text\" href=\"https:\/\/www.2-ruote.com\/IT\/?p=130&amp;share=reddit\" target=\"_blank\" title=\"Fai clic qui per condividere su Reddit\"><span><\/span><span class=\"sharing-screen-reader-text\">Fai clic qui per condividere su Reddit (Si apre in una nuova finestra)<\/span><\/a><\/li><li class=\"share-print\"><a rel=\"nofollow noopener noreferrer\" data-shared=\"\" class=\"share-print sd-button share-icon no-text\" href=\"https:\/\/www.2-ruote.com\/IT\/?p=130\" target=\"_blank\" title=\"Fai clic qui per stampare\"><span><\/span><span class=\"sharing-screen-reader-text\">Fai clic qui per stampare (Si apre in una nuova finestra)<\/span><\/a><\/li><li class=\"share-end\"><\/li><\/ul><\/div><\/div><\/div>","protected":false},"author":1,"featured_media":0,"comment_status":"open","ping_status":"open","sticky":false,"template":"","format":"standard","meta":{"_mi_skip_tracking":false,"_monsterinsights_sitenote_active":false,"_monsterinsights_sitenote_note":"","_monsterinsights_sitenote_category":0,"spay_email":"","jetpack_publicize_message":"","jetpack_is_tweetstorm":false},"categories":[3,4,1],"tags":[],"aioseo_notices":[],"jetpack_featured_media_url":"","jetpack_publicize_connections":[],"jetpack_sharing_enabled":true,"jetpack_shortlink":"https:\/\/wp.me\/s6TDfQ-","jetpack-related-posts":[{"id":141,"url":"https:\/\/www.2-ruote.com\/IT\/?p=141","url_meta":{"origin":130,"position":0},"title":"IL PRAMAC RACING TEAM TORNA IN EUROPA PER GLI ULTIMI DUE GRAN PREMI DELL'ANNO","date":"27 Ottobre 2010","format":false,"excerpt":"Dopo la lunga trasferta tra Giappone, Malesia e Australia che ha visto disputarsi tre Gran Premi in altrettanti weekend, il mondo delle due ruote torna in Europa per gli ultimi due appuntamenti stagionali. I riflettori saranno puntati anche sul Pramac Racing Team che schierer\u00e0\u00a0, negli ultimi due Gran Premi, un\u2026","rel":"","context":"In &quot;MotoGP&quot;","img":{"alt_text":"","src":"","width":0,"height":0},"classes":[]},{"id":425,"url":"https:\/\/www.2-ruote.com\/IT\/?p=425","url_meta":{"origin":130,"position":1},"title":"DE PUNIET DODICESIMO, LUSSAZIONE ALLA SPALLA PER CAPIREX","date":"18 Settembre 2011","format":false,"excerpt":"Il gran premio di Aragon si conclude nel peggiore dei modi per il Pramac Racing Team, con Loris Capirossi messo ko a otto giri dal termine della gara e Randy De Puniet che dopo una partenza sfortunata ha chiuso al dodicesimo posto la sua gara. Il pilota italiano ha riportato\u2026","rel":"","context":"In &quot;MotoGP&quot;","img":{"alt_text":"","src":"","width":0,"height":0},"classes":[]},{"id":376,"url":"https:\/\/www.2-ruote.com\/IT\/?p=376","url_meta":{"origin":130,"position":2},"title":"EROICO CAPIROSSI A LAGUNA SECA. DODICESIMO NONOSTANTE IL DOLORE ALLA SPALLA","date":"25 Luglio 2011","format":false,"excerpt":"Gara eroica per Loris Capirossi. Il pilota del Pramac Racing Team stringe i denti e conclude la gara, nonostante l'infortunio alla spalla destra, in dodicesima posizione conquistando cosi quattro punti mondiali. Si sapeva che per Loris sarebbe stata una gara difficile: dopo una buona partenza, dove il pilota italiano ha\u2026","rel":"","context":"In &quot;MotoGP&quot;","img":{"alt_text":"","src":"","width":0,"height":0},"classes":[]},{"id":137,"url":"https:\/\/www.2-ruote.com\/IT\/?p=137","url_meta":{"origin":130,"position":3},"title":"CARLOS CHECA IN SELLA ALLA MOTO DEL PRAMAC RACING TEAM PER LE ULTIME DUE GARE","date":"25 Ottobre 2010","format":false,"excerpt":"Dopo l'indisponibilit\u00e0\u00a0 da parte di Mika Kallio di correre gli ultimi due Gran Premi della stagione 2010 a causa del problema alla spalla rimediato in seguito alla caduta durante le prime prove libere del Gran Premio di Francia, il Pramac Racing Team si \u00e8 messo subito alla ricerca di un\u2026","rel":"","context":"In &quot;MotoGP&quot;","img":{"alt_text":"","src":"","width":0,"height":0},"classes":[]},{"id":373,"url":"https:\/\/www.2-ruote.com\/IT\/?p=373","url_meta":{"origin":130,"position":4},"title":"CADUTA PER DE PUNIET DURANTE LE QUALIFICHE. CAPIROSSI STRINGE I DENTI FINO ALL'ULTIMO","date":"24 Luglio 2011","format":false,"excerpt":"Randy De Puniet, pilota del Pramac Racing Team, \u00e8 caduto dopo pochi giri dall'inizio del turno di qualifica valido per il Gran Premio d'America. Dopo gli accertamenti medici sono stati rilevati una frattura del processo trasversale di L3 ed L4 a destra, oltre ad una sospetta frattura del bacino a\u2026","rel":"","context":"In &quot;MotoGP&quot;","img":{"alt_text":"","src":"","width":0,"height":0},"classes":[]},{"id":299,"url":"https:\/\/www.2-ruote.com\/IT\/?p=299","url_meta":{"origin":130,"position":5},"title":"DE PUNIET SCIVOLA MA SI RIPRENDE E SFIORA LA TOP TEN. CAPIROSSI IN QUINTA","date":"14 Maggio 2011","format":false,"excerpt":"Lo schieramento di partenza per la quarta tappa del Motomondiale a Le Mans \u00e8 stato completato oggi pomeriggio. C'\u00e8 molta amarezza all'interno del box Pramac Racing Team, con Randy De Puniet vittima di uno scivolone durante la prima parte delle qualifiche. Il francese, nonostante una forte botta subita alla spalla\u2026","rel":"","context":"In &quot;MotoGP&quot;","img":{"alt_text":"","src":"","width":0,"height":0},"classes":[]}],"jetpack_likes_enabled":true,"_links":{"self":[{"href":"https:\/\/www.2-ruote.com\/IT\/index.php?rest_route=\/wp\/v2\/posts\/130"}],"collection":[{"href":"https:\/\/www.2-ruote.com\/IT\/index.php?rest_route=\/wp\/v2\/posts"}],"about":[{"href":"https:\/\/www.2-ruote.com\/IT\/index.php?rest_route=\/wp\/v2\/types\/post"}],"author":[{"embeddable":true,"href":"https:\/\/www.2-ruote.com\/IT\/index.php?rest_route=\/wp\/v2\/users\/1"}],"replies":[{"embeddable":true,"href":"https:\/\/www.2-ruote.com\/IT\/index.php?rest_route=%2Fwp%2Fv2%2Fcomments&post=130"}],"version-history":[{"count":0,"href":"https:\/\/www.2-ruote.com\/IT\/index.php?rest_route=\/wp\/v2\/posts\/130\/revisions"}],"wp:attachment":[{"href":"https:\/\/www.2-ruote.com\/IT\/index.php?rest_route=%2Fwp%2Fv2%2Fmedia&parent=130"}],"wp:term":[{"taxonomy":"category","embeddable":true,"href":"https:\/\/www.2-ruote.com\/IT\/index.php?rest_route=%2Fwp%2Fv2%2Fcategories&post=130"},{"taxonomy":"post_tag","embeddable":true,"href":"https:\/\/www.2-ruote.com\/IT\/index.php?rest_route=%2Fwp%2Fv2%2Ftags&post=130"}],"curies":[{"name":"wp","href":"https:\/\/api.w.org\/{rel}","templated":true}]}}