{"id":164,"date":"2010-11-07T09:00:00","date_gmt":"2010-11-07T08:00:00","guid":{"rendered":""},"modified":"2010-11-07T08:00:00","modified_gmt":"2010-11-07T09:00:00","slug":"","status":"publish","type":"post","link":"https:\/\/www.2-ruote.com\/IT\/?p=164","title":{"rendered":"SI CONCLUDE A VALENCIA IL CAMPIONATO DEL MONDO MOTOGP 2010"},"content":{"rendered":"<p style=\"\"text-align: justify;\"\">Discreta prova per il Pramac Racing Team nell&#8217;ultimo Gran Premio della stagione 2010. Aleix Espargar\u00e0 termina la gara in undicesima posizione a meno di due secondi di distacco dall&#8217;ottava posizione di Barber\u00e0\u00a0. Carlos Checa conclude la gara in quindicesima posizione, conquistando cosi un punto iridato. La gara \u00e8 stata molto combattuta specialmente per Aleix che si \u00e8 trovato, fin dai primi giri, a lottare con Edwards, De Puniet e Barber\u00e0\u00a0. Dopo alcune tornate Aleix ha iniziato a girare con un ritmo molto buono che non gli ha fatto perdere il contatto dagli altri piloti. Al diciannovesimo giro per\u00e0 Aleix \u00e8 stato sorpassato da De Puniet che ha cosi relegato il pilota spagnolo in undicesima posizione.<BR><br \/>\nAl ventitreesimo giro Aleix \u00e8 stato poi superato da Bautista. Il suo ritmo era comunque buono per non far andare via il gruppetto formato da Melandri, Barber\u00e0\u00a0, Bautista e De Puniet. Al ventisettesimo giro ha poi ingaggiato con Melandri una bagarre che si \u00e8 conclusa con sorpasso ai danni del pilota italiano e che ha permesso al giovane catalano di conquistare l&#8217;undicesima posizione. Gara difficile per Carlos Checa, nonostante una bellissima partenza che gli ha visto conquistare ben due posizioni dopo il primo giro, si \u00e8 dovuto arrendere agli altri piloti che avevano un ritmo di gara migliore del suo. Carlos nonostante il distacco ha portato a termine la gara completandola in ultima posizione.<\/p>\n<p><BR><\/p>\n<blockquote>\n<h3 style=\"text-align: center;\">Fabiano Sterlacchini<\/h3>\n<p style=\"text-align: center;\"><em>Direttore Tecnico Pramac Racing Team<\/em><\/p>\n<p>&#8220;&#8221;Ci dispiace non esser riusciti a lottare per una posizione migliore oggi. Aleix aveva veramente un buon ritmo questa mattina e questo ci aveva fatto ben sperare per la gara. I primi giri sono stati realmente buoni per lui, l&#8217;ottava posizione era vicinissima. Poi giro dopo giro mentre gli altri hanno abbassato leggermente il ritmo, lui non \u00e8 stato in grado di avvicinarli e di sorpassarli. I 109 punti conquistati durante quest&#8217;anno non sono molti, ma da questi ripartiremo per puntare a buoni risultati il prossimo anno.&#8221;&#8221;<\/p><\/blockquote>\n<p><BR><\/p>\n<blockquote>\n<h3 style=\"text-align: center;\">Aleix Espargar\u00e0<\/h3>\n<p style=\"text-align: center;\"><em>Pilota Pramac Racing Team &#8211; 11\u00b0 in gara &#8211; 14\u00b0 nel campionato del mondo<\/em><\/p>\n<p>&#8220;&#8221;Sono veramente dispiaciuto per la posizione finale. Questa era per me l&#8217;ultima gara in questo Team dove ho trovato amici veri e a cui volevo regalare un buon piazzamento. Non ho molto da dire sulla gara, ho provato a sorpassare i miei avversari ma il mio ritmo non era cos\u00ec veloce da consentirmi di avvicinarmi a loro. Vorrei ringraziare il Pramac Racing Team, Paolo Campinoti e tutti i tecnici che mi hanno accompagnato durante quest&#8217;anno. E&#8217; stata per una grande esperienza dove ho imparato molto e sono sicuro che mi servir\u00e0\u00a0 per il proseguo della mia carriera.&#8221;&#8221;<\/p><\/blockquote>\n<p><BR><\/p>\n<blockquote>\n<h3 style=\"text-align: center;\">Carlos Checa<\/h3>\n<p style=\"text-align: center;\"><em>Pilota Pramac Racing Team &#8211; 15\u00b0 in gara &#8211; 21\u00b0 nel campionato del mondo<\/em><\/p>\n<p>&#8220;&#8221;Volevo portare a termine in tutti i modi questa gara e ci sono riuscito. Il risultato non \u00e8 certo eccezionale, ma il feeling con la mia moto non era tale da permettermi di andare forte e confrontarmi con i miei avversari. Ho fatto veramente una bella partenza, purtroppo per\u00e0 dopo sei giri il mio ritmo non era abbastanza veloce da farmi tenere la posizione conquistata. Sono stato prima sorpassato da Bautista al settimo giro, mentre al giro successivo mi hanno passato Capirossi e Aoyama. Ringrazio comunque il Pramac Racing Team per avermi permesso di correre queste due ultime gare in sella ad una loro moto e auguro a loro una futuro ricco di successi.&#8221;&#8221;<\/p><\/blockquote>\n<p style=\"text-align: right;\"><em>Fonte: Pramac Racing Team Press<\/em><\/p>\n<div class=\"sharedaddy sd-sharing-enabled\"><div class=\"robots-nocontent sd-block sd-social sd-social-icon sd-sharing\"><h3 class=\"sd-title\">Condividi:<\/h3><div class=\"sd-content\"><ul><li class=\"share-facebook\"><a rel=\"nofollow noopener noreferrer\" data-shared=\"sharing-facebook-164\" class=\"share-facebook sd-button share-icon no-text\" href=\"https:\/\/www.2-ruote.com\/IT\/?p=164&amp;share=facebook\" target=\"_blank\" title=\"Fai clic per condividere su Facebook\"><span><\/span><span class=\"sharing-screen-reader-text\">Fai clic per condividere su Facebook (Si apre in una nuova finestra)<\/span><\/a><\/li><li class=\"share-twitter\"><a rel=\"nofollow noopener noreferrer\" data-shared=\"sharing-twitter-164\" class=\"share-twitter sd-button share-icon no-text\" href=\"https:\/\/www.2-ruote.com\/IT\/?p=164&amp;share=twitter\" target=\"_blank\" title=\"Fai clic qui per condividere su Twitter\"><span><\/span><span class=\"sharing-screen-reader-text\">Fai clic qui per condividere su Twitter (Si apre in una nuova finestra)<\/span><\/a><\/li><li class=\"share-pinterest\"><a rel=\"nofollow noopener noreferrer\" data-shared=\"sharing-pinterest-164\" class=\"share-pinterest sd-button share-icon no-text\" href=\"https:\/\/www.2-ruote.com\/IT\/?p=164&amp;share=pinterest\" target=\"_blank\" title=\"Fai clic qui per condividere su Pinterest\"><span><\/span><span class=\"sharing-screen-reader-text\">Fai clic qui per condividere su Pinterest (Si apre in una nuova finestra)<\/span><\/a><\/li><li class=\"share-whatsapp\"><a rel=\"nofollow noopener noreferrer\" data-shared=\"\" class=\"share-whatsapp sd-button share-icon no-text\" href=\"https:\/\/www.2-ruote.com\/IT\/?p=164&amp;share=whatsapp\" target=\"_blank\" title=\"Clicca per condividere su WhatsApp\"><span><\/span><span class=\"sharing-screen-reader-text\">Clicca per condividere su WhatsApp (Si apre in una nuova finestra)<\/span><\/a><\/li><li class=\"share-linkedin\"><a rel=\"nofollow noopener noreferrer\" data-shared=\"sharing-linkedin-164\" class=\"share-linkedin sd-button share-icon no-text\" href=\"https:\/\/www.2-ruote.com\/IT\/?p=164&amp;share=linkedin\" target=\"_blank\" title=\"Fai clic qui per condividere su LinkedIn\"><span><\/span><span class=\"sharing-screen-reader-text\">Fai clic qui per condividere su LinkedIn (Si apre in una nuova finestra)<\/span><\/a><\/li><li class=\"share-tumblr\"><a rel=\"nofollow noopener noreferrer\" data-shared=\"\" class=\"share-tumblr sd-button share-icon no-text\" href=\"https:\/\/www.2-ruote.com\/IT\/?p=164&amp;share=tumblr\" target=\"_blank\" title=\"Fai clic qui per condividere su Tumblr\"><span><\/span><span class=\"sharing-screen-reader-text\">Fai clic qui per condividere su Tumblr (Si apre in una nuova finestra)<\/span><\/a><\/li><li class=\"share-pocket\"><a rel=\"nofollow noopener noreferrer\" data-shared=\"\" class=\"share-pocket sd-button share-icon no-text\" href=\"https:\/\/www.2-ruote.com\/IT\/?p=164&amp;share=pocket\" target=\"_blank\" title=\"Fai clic qui per condividere su Pocket\"><span><\/span><span class=\"sharing-screen-reader-text\">Fai clic qui per condividere su Pocket (Si apre in una nuova finestra)<\/span><\/a><\/li><li class=\"share-reddit\"><a rel=\"nofollow noopener noreferrer\" data-shared=\"\" class=\"share-reddit sd-button share-icon no-text\" href=\"https:\/\/www.2-ruote.com\/IT\/?p=164&amp;share=reddit\" target=\"_blank\" title=\"Fai clic qui per condividere su Reddit\"><span><\/span><span class=\"sharing-screen-reader-text\">Fai clic qui per condividere su Reddit (Si apre in una nuova finestra)<\/span><\/a><\/li><li class=\"share-print\"><a rel=\"nofollow noopener noreferrer\" data-shared=\"\" class=\"share-print sd-button share-icon no-text\" href=\"https:\/\/www.2-ruote.com\/IT\/?p=164\" target=\"_blank\" title=\"Fai clic qui per stampare\"><span><\/span><span class=\"sharing-screen-reader-text\">Fai clic qui per stampare (Si apre in una nuova finestra)<\/span><\/a><\/li><li class=\"share-end\"><\/li><\/ul><\/div><\/div><\/div>","protected":false},"excerpt":{"rendered":"<p>Discreta prova per il Pramac Racing Team nell&#8217;ultimo Gran Premio della stagione 2010. Aleix Espargar\u00e0 termina la gara in undicesima&hellip;<\/p>\n<div class=\"sharedaddy sd-sharing-enabled\"><div class=\"robots-nocontent sd-block sd-social sd-social-icon sd-sharing\"><h3 class=\"sd-title\">Condividi:<\/h3><div class=\"sd-content\"><ul><li class=\"share-facebook\"><a rel=\"nofollow noopener noreferrer\" data-shared=\"sharing-facebook-164\" class=\"share-facebook sd-button share-icon no-text\" href=\"https:\/\/www.2-ruote.com\/IT\/?p=164&amp;share=facebook\" target=\"_blank\" title=\"Fai clic per condividere su Facebook\"><span><\/span><span class=\"sharing-screen-reader-text\">Fai clic per condividere su Facebook (Si apre in una nuova finestra)<\/span><\/a><\/li><li class=\"share-twitter\"><a rel=\"nofollow noopener noreferrer\" data-shared=\"sharing-twitter-164\" class=\"share-twitter sd-button share-icon no-text\" href=\"https:\/\/www.2-ruote.com\/IT\/?p=164&amp;share=twitter\" target=\"_blank\" title=\"Fai clic qui per condividere su Twitter\"><span><\/span><span class=\"sharing-screen-reader-text\">Fai clic qui per condividere su Twitter (Si apre in una nuova finestra)<\/span><\/a><\/li><li class=\"share-pinterest\"><a rel=\"nofollow noopener noreferrer\" data-shared=\"sharing-pinterest-164\" class=\"share-pinterest sd-button share-icon no-text\" href=\"https:\/\/www.2-ruote.com\/IT\/?p=164&amp;share=pinterest\" target=\"_blank\" title=\"Fai clic qui per condividere su Pinterest\"><span><\/span><span class=\"sharing-screen-reader-text\">Fai clic qui per condividere su Pinterest (Si apre in una nuova finestra)<\/span><\/a><\/li><li class=\"share-whatsapp\"><a rel=\"nofollow noopener noreferrer\" data-shared=\"\" class=\"share-whatsapp sd-button share-icon no-text\" href=\"https:\/\/www.2-ruote.com\/IT\/?p=164&amp;share=whatsapp\" target=\"_blank\" title=\"Clicca per condividere su WhatsApp\"><span><\/span><span class=\"sharing-screen-reader-text\">Clicca per condividere su WhatsApp (Si apre in una nuova finestra)<\/span><\/a><\/li><li class=\"share-linkedin\"><a rel=\"nofollow noopener noreferrer\" data-shared=\"sharing-linkedin-164\" class=\"share-linkedin sd-button share-icon no-text\" href=\"https:\/\/www.2-ruote.com\/IT\/?p=164&amp;share=linkedin\" target=\"_blank\" title=\"Fai clic qui per condividere su LinkedIn\"><span><\/span><span class=\"sharing-screen-reader-text\">Fai clic qui per condividere su LinkedIn (Si apre in una nuova finestra)<\/span><\/a><\/li><li class=\"share-tumblr\"><a rel=\"nofollow noopener noreferrer\" data-shared=\"\" class=\"share-tumblr sd-button share-icon no-text\" href=\"https:\/\/www.2-ruote.com\/IT\/?p=164&amp;share=tumblr\" target=\"_blank\" title=\"Fai clic qui per condividere su Tumblr\"><span><\/span><span class=\"sharing-screen-reader-text\">Fai clic qui per condividere su Tumblr (Si apre in una nuova finestra)<\/span><\/a><\/li><li class=\"share-pocket\"><a rel=\"nofollow noopener noreferrer\" data-shared=\"\" class=\"share-pocket sd-button share-icon no-text\" href=\"https:\/\/www.2-ruote.com\/IT\/?p=164&amp;share=pocket\" target=\"_blank\" title=\"Fai clic qui per condividere su Pocket\"><span><\/span><span class=\"sharing-screen-reader-text\">Fai clic qui per condividere su Pocket (Si apre in una nuova finestra)<\/span><\/a><\/li><li class=\"share-reddit\"><a rel=\"nofollow noopener noreferrer\" data-shared=\"\" class=\"share-reddit sd-button share-icon no-text\" href=\"https:\/\/www.2-ruote.com\/IT\/?p=164&amp;share=reddit\" target=\"_blank\" title=\"Fai clic qui per condividere su Reddit\"><span><\/span><span class=\"sharing-screen-reader-text\">Fai clic qui per condividere su Reddit (Si apre in una nuova finestra)<\/span><\/a><\/li><li class=\"share-print\"><a rel=\"nofollow noopener noreferrer\" data-shared=\"\" class=\"share-print sd-button share-icon no-text\" href=\"https:\/\/www.2-ruote.com\/IT\/?p=164\" target=\"_blank\" title=\"Fai clic qui per stampare\"><span><\/span><span class=\"sharing-screen-reader-text\">Fai clic qui per stampare (Si apre in una nuova finestra)<\/span><\/a><\/li><li class=\"share-end\"><\/li><\/ul><\/div><\/div><\/div>","protected":false},"author":1,"featured_media":0,"comment_status":"open","ping_status":"open","sticky":false,"template":"","format":"standard","meta":{"_mi_skip_tracking":false,"_monsterinsights_sitenote_active":false,"_monsterinsights_sitenote_note":"","_monsterinsights_sitenote_category":0,"spay_email":"","jetpack_publicize_message":"","jetpack_is_tweetstorm":false},"categories":[3,4,1],"tags":[],"aioseo_notices":[],"jetpack_featured_media_url":"","jetpack_publicize_connections":[],"jetpack_sharing_enabled":true,"jetpack_shortlink":"https:\/\/wp.me\/s6TDfQ-","jetpack-related-posts":[{"id":151,"url":"https:\/\/www.2-ruote.com\/IT\/?p=151","url_meta":{"origin":164,"position":0},"title":"GARA SFORTUNATA PER IL PRAMAC RACING TEAM SULLA PISTA DI ESTORIL.","date":"30 Ottobre 2010","format":false,"excerpt":"Gara sfortunata per i piloti del Pramac Racing Team che hanno entrambi terminato in anticipo il Gran Premio del Portogallo. In particolare Aleix Espargar\u00e0 \u00e8 caduto durante il primo giro a poche curve dalla partenza a causa della perdita del posteriore. Il giovane spagnolo \u00e8 scivolato terminando amaramente un weekend\u2026","rel":"","context":"In &quot;MotoGP&quot;","img":{"alt_text":"","src":"","width":0,"height":0},"classes":[]},{"id":161,"url":"https:\/\/www.2-ruote.com\/IT\/?p=161","url_meta":{"origin":164,"position":1},"title":"IL PRAMAC RACING TEAM IN DODICESIMA E SEDICESIMA POSIZIONE CON ESPARGARO' E CHECA NELLE ULTIME QUALIFICHE DELLA STAGIONE.","date":"6 Novembre 2010","format":false,"excerpt":"Sul circuito di Valencia si sono disputate oggi l'ultima sessione di qualifica della MotoGP di questa stagione. Discreta prova dei piloti del Pramac Racing Team che conquistano la dodicesima posizione con Aleix Espargar\u00e0 e la sedicesima con Carlos Checa. Il duo bianco-verde spagnolo ha avuto un po' di problemi riguardanti\u2026","rel":"","context":"In &quot;MotoGP&quot;","img":{"alt_text":"","src":"","width":0,"height":0},"classes":[]},{"id":147,"url":"https:\/\/www.2-ruote.com\/IT\/?p=147","url_meta":{"origin":164,"position":2},"title":"QUALIFICHE CANCELLATE SULLA PISTA DI ESTORIL. LE MOTO DEL PRAMAC RACING TEAM PARTIRANNO DOMANI IN UNDICESIMA E DICIASSETTESIMA POSIZIONE.","date":"30 Ottobre 2010","format":false,"excerpt":"La pioggia incessante caduta durante tutta la giornata sulla pista di Estoril, ha fatto cancellare le qualifiche che avrebbero dovuto formare la griglia di partenza del Gran Premio del Portogallo. Lo schieramento di partenza verr\u00e0\u00a0 cosi stabilito grazie ai tempi combinati della seconde prove libere di ieri pomeriggio e quelle\u2026","rel":"","context":"In &quot;MotoGP&quot;","img":{"alt_text":"","src":"","width":0,"height":0},"classes":[]},{"id":6858,"url":"https:\/\/www.2-ruote.com\/IT\/?p=6858","url_meta":{"origin":164,"position":3},"title":"Andrea Dovizioso sale sul podio a Motegi, grazie all\u2019ottimo secondo posto ottenuto nel GP del Giappone. Hector Barbera cade al nono giro e poi chiude la gara in diciassettesima posizione","date":"16 Ottobre 2016","format":false,"excerpt":"Grande prestazione di Andrea Dovizioso a Motegi. Il pilota del Ducati Team ha ottenuto un ottimo podio nel GP del Giappone grazie al secondo posto ottenuto nella gara di oggi. Dovizioso, che partiva dalla seconda fila, \u00e8 scattato bene al via ma ha perso alcune posizioni alla prima curva ed\u2026","rel":"","context":"In &quot;Ducati Corse&quot;","img":{"alt_text":"","src":"https:\/\/i2.wp.com\/www.2-ruote.com\/IT\/wp-content\/uploads\/2017\/02\/2016-Motegi-Ducati-1.jpg?fit=1200%2C800&ssl=1&resize=350%2C200","width":350,"height":200},"classes":[]},{"id":402,"url":"https:\/\/www.2-ruote.com\/IT\/?p=402","url_meta":{"origin":164,"position":4},"title":"DE PUNIET CONQUISTA LA MIGLIORE POSIZIONE DELLANNO CON LOTTAVO POSTO A INDIANPOLIS. CAPIROSSI COSTRETTO AL RITIRO","date":"28 Agosto 2011","format":false,"excerpt":"Grande rimonta del pilota francese questoggi sul circuito di Indianapolis. Scattato al via non nel miglior modo, De Puniet si \u00e8 trovato nelle retrovie al termine del primo giro ma a denti stretti \u00e8 riuscito a risalire la classifica lottando fino allultima curva. Appassionante la rimonta di De Puniet che\u2026","rel":"","context":"In &quot;MotoGP&quot;","img":{"alt_text":"","src":"","width":0,"height":0},"classes":[]},{"id":6910,"url":"https:\/\/www.2-ruote.com\/IT\/?p=6910","url_meta":{"origin":164,"position":5},"title":"Quarto posto per Andrea Dovizioso nel GP di Australia a Phillip Island. Hector Barbera cade e si deve ritirare a tre giri dalla fine","date":"23 Ottobre 2016","format":false,"excerpt":"Andrea Dovizioso ha ottenuto un buon quarto posto nel GP di Australia, che si \u00e8 disputato oggi a Phillip Island in condizioni di asciutto. Il pilota italiano del Ducati Team, che scattava dalla terza fila, \u00e8 transitato in settima posizione alla fine del primo passaggio ed \u00e8 poi risalito fino\u2026","rel":"","context":"In &quot;Ducati Corse&quot;","img":{"alt_text":"","src":"https:\/\/i2.wp.com\/www.2-ruote.com\/IT\/wp-content\/uploads\/2017\/02\/2016-Phillip-Island-Ducati-33.jpg?fit=1200%2C800&ssl=1&resize=350%2C200","width":350,"height":200},"classes":[]}],"jetpack_likes_enabled":true,"_links":{"self":[{"href":"https:\/\/www.2-ruote.com\/IT\/index.php?rest_route=\/wp\/v2\/posts\/164"}],"collection":[{"href":"https:\/\/www.2-ruote.com\/IT\/index.php?rest_route=\/wp\/v2\/posts"}],"about":[{"href":"https:\/\/www.2-ruote.com\/IT\/index.php?rest_route=\/wp\/v2\/types\/post"}],"author":[{"embeddable":true,"href":"https:\/\/www.2-ruote.com\/IT\/index.php?rest_route=\/wp\/v2\/users\/1"}],"replies":[{"embeddable":true,"href":"https:\/\/www.2-ruote.com\/IT\/index.php?rest_route=%2Fwp%2Fv2%2Fcomments&post=164"}],"version-history":[{"count":0,"href":"https:\/\/www.2-ruote.com\/IT\/index.php?rest_route=\/wp\/v2\/posts\/164\/revisions"}],"wp:attachment":[{"href":"https:\/\/www.2-ruote.com\/IT\/index.php?rest_route=%2Fwp%2Fv2%2Fmedia&parent=164"}],"wp:term":[{"taxonomy":"category","embeddable":true,"href":"https:\/\/www.2-ruote.com\/IT\/index.php?rest_route=%2Fwp%2Fv2%2Fcategories&post=164"},{"taxonomy":"post_tag","embeddable":true,"href":"https:\/\/www.2-ruote.com\/IT\/index.php?rest_route=%2Fwp%2Fv2%2Ftags&post=164"}],"curies":[{"name":"wp","href":"https:\/\/api.w.org\/{rel}","templated":true}]}}