{"id":166,"date":"2010-11-07T09:00:00","date_gmt":"2010-11-07T08:00:00","guid":{"rendered":""},"modified":"2010-11-07T08:00:00","modified_gmt":"2010-11-07T09:00:00","slug":"","status":"publish","type":"post","link":"https:\/\/www.2-ruote.com\/IT\/?p=166","title":{"rendered":"A Valencia, vittoria di Lorenzo mentre Valentino \u00e0\u00a8 terzo nel giorno dell&#8217;addio"},"content":{"rendered":"<p style=\"\"text-align: justify;\"\">Jorge Lorenzo, campione del mondo, ha concluso in gran spolvero la stagione, cogliendo oggi la nona vittoria di fronte al pubblico di casa, a Valencia. Valentino, alla sua 117a ed ultima gara per Yamaha, ha concluso al terzo posto, sigillando cos\u00ec sette favolosi anni di partnership con la YZR-M1.<BR><br \/>\nSia Lorenzo che Rossi hanno perso posizioni alla partenza, con il pilota di Maiorca scivolato al quinto posto alla prima curva, e l&#8217;italiano al nono. Molto presto, Lorenzo ha iniziato a cercare il modo di passare Marco Simoncelli; nel farlo, \u00e8 quasi caduto. E&#8217; riuscito in uno spettacolare recupero della situazione, pagando per\u00e0 pegno e scivolando in nona posizione. Nel frattempo, Rossi era risalito: al termine del terzo giro risultava quarto e lanciato alla caccia del terzo posto, appannaggio del determinatissimo compatriota Simoncelli.<BR><br \/>\nAl sesto giro ci riusciva, ritrovandosi quindi terzo. Lorenzo, che brillantemente ricomposto dopo aver quasi perso la moto, riguadagnava le posizioni perdute e si portava in quarta. Davanti alla coppia Yamaha, Dani Pedrosa e Casey Stoner. Ad un terzo di gara, Rossi e Lorenzo hanno superato Pedrosa. Subito dopo, Lorenzo ha sorpassato il compagno di squadra, portandosi alle spalle di Stoner, in seconda posizione. Rossi ha cercato di tenerne il passo ma la spalla, che lo ha tormentato tutta la stagione, gli ha impedito di esprimersi al massimo su un tracciato cos\u00ec tortuoso, rallentandolo. Il pilota si \u00e8 accontentato cos\u00ec di conquistare il podio per l&#8217;ultima volta in Yamaha.<BR><br \/>\nLorenzo, a quel punto, era inarrestabile; al 23\u00b0 giro ha superato anche Stoner, conquistando al termine la vittoria sul tracciato di casa. Il successo di oggi fa s\u00ec che il suo punteggio salga a quota 383, nuovo record per una stagione della massima categoria.<BR><br \/>\nIl podio conquistato da Rossi per la Yamaha gli ha garantito il terzo posto in classifica; l&#8217;italiano ha rivolto un addio carico di emozione alla amata M1, fermandosi nel giro di rientro per baciare la moto, in una immagine che ha ricordato quella del primo successo, a Welkom, nel 2004, quando la storia &#8220;&#8221;Yamaha e Rossi&#8221;&#8221; \u00e8 iniziata.<BR><br \/>\n<BR><br \/>\nLunghezza Circuito (m): 4005<br \/>\n<BR>Temperatura: 22<br \/>\n<BR>Meteo: Asciutto<\/p>\n<p><BR><\/p>\n<blockquote>\n<h3 style=\"text-align: center;\">Jorge Lorenzo<\/h3>\n<p style=\"text-align: center;\"><em>Posizione: 1 &#8211; Tempo: 46&#8217;44.622 <\/em><\/p>\n<p>&#8220;&#8221;Arrivando a Valencia, ero assolutamente deciso a vincere ancora una volta, in questa fantastica stagione, di fronte al pubblico di casa. Nelle libere sono risultato sempre veloce, ma sembrava che Casey lo fosse ancora pi\u00f9. Oggi sono partito bene ma, alla seconda curva, mentre mi accingevo a superare Stoner, sono stato passato da tre o quattro piloti. Poi, ho avuto un confronto duro con Simoncelli, e quasi sono caduto! Mi sono mantenuto calmo e concentrato; giro dopo giro, ho recuperato. Alla fine, la battaglia con Casey \u00e8 stata splendida. Vincere di fronte al pubblico di casa ha rappresentato uno dei momenti pi\u00f9 felici della mia vita. Siamo orgogliosi di aver conquistato il record di punti con 383. Sono stato considerato un tempo come un pilota un po&#8217; folle, che cadeva spesso. Dimostrare invece una continuit\u00e0\u00a0 come quella di oggi mi rende orgoglioso. Ringrazio la Yamaha e tutti coloro che hanno contribuito a questa fantastica stagione. Questa sera ci sar\u00e0\u00a0 modo di celebrare, prima di iniziare il lavoro in vista del 2011, il prossimo marted\u00ec. E, da ultimo, saluto Valentino Rossi, e gli auguro in bocca al lupo: non vedo l&#8217;ora di incontrarlo nuovamente in pista, l&#8217;anno prossimo!&#8221;&#8221;<\/p><\/blockquote>\n<p><BR><\/p>\n<blockquote>\n<h3 style=\"text-align: center;\">Valentino Rossi<\/h3>\n<p style=\"text-align: center;\"><em>Posizione: 3 &#8211; Tempo: +8.998 <\/em><\/p>\n<p>&#8220;&#8221;Onestamente sono contento di questo risultato finale con la Yamaha, perch\u00e9 abbiamo avuto un weekend difficile. Non ho fatto una buona partenza, ma ho capito subito che oggi ero molto pi\u00f9 veloce e che la mia moto andava bene. A un certo punto ho pensato che avrei potuto vincere, ma nell&#8217;ultima parte della gara semplicemente non ho avuto abbastanza forza per stare con Lorenzo e Stoner, questa \u00e8 una pista molto difficile quando non sei completamente in forma. Ho iniziato a fare qualche errore perch\u00e9 non avevo abbastanza forza per fermare la moto, quindi dopo un po&#8217; ho deciso che era meglio rallentare e mantenere il mio terzo posto. Salire sul podio sul podio \u00e8 stato il mio modo per dire grazie alla mia moto, alla Yamaha e a tutte le persone che hanno lavorato con me in queste sette stagioni. E&#8217; stata una grande esperienza, e mi sono divertito tanto. 46 \u00e8 un gran numero di vittorie &#8211; ovviamente ne avrei volute di pi\u00f9, ma credo di poter essere felice con quello che ho ottenuto. Abbiamo finito bene la stagione, con cinque podi di fila e, dopo un campionato cos\u00ec difficile si pu\u00e0 essere soddisfatti di come l&#8217;abbiamo finito. Sono stati sette anni meravigliosi, ci siamo divertiti molto, con un&#8217;atmosfera particolare, molte fantastiche vittorie e quattro campionati del mondo. Mi sono fermato con la mia moto dopo la gara di oggi proprio come ho fatto a Welkom quando questa storia cominci\u00e0, \u00e8 stato il modo giusto per dire addio a &#8220;&#8221;lei&#8221;&#8221;. Grazie a tutti, abbiamo ricordi bellissimi\u00c2\u00bb.<\/p><\/blockquote>\n<p><BR><\/p>\n<blockquote>\n<h3 style=\"text-align: center;\">Wilco Zeelenberg<\/h3>\n<p style=\"text-align: center;\"><em>Team Manager<\/em><\/p>\n<p>&#8220;&#8221;Il numero 99 con nove vittorie nel 2010 &#8211; suona un po&#8217; strano, ma siamo molto contenti! Penso che sia stata per noi la miglior gara della stagione Ha dimostrato che Jorge \u00e8 il vero campione perch\u00e9 ha battuto tutti dopo essere scivolato in nona posizione, una impresa che il suo compagno di squadra Valentino ha fatto in tante gare. Cosa posso dire se non che abbiamo il miglior pilota sulla moto migliore!? Complimenti a Jorge e a tutta la squadra per il grande lavoro in questa stagione&#8221;&#8221;.<\/p><\/blockquote>\n<p><BR><\/p>\n<blockquote>\n<h3 style=\"text-align: center;\">Davide Brivio<\/h3>\n<p style=\"text-align: center;\"><em>Team Manager<\/em><\/p>\n<p>&#8220;&#8221;Penso che abbiamo fatto una buona gara con Valentino, dopo un weekend difficile. La squadra ha lavorato duramente e abbiamo finalmente trovato un buon assetto per la gara. Purtroppo le condizioni fisiche di Valentino, quando tutti i suoi avversari sono al limite, lo ha costretto a pagare il prezzo di oggi e non \u00e8 stato in grado di lottare fino alla fine, ma siamo stati molto competitivi e questo \u00e8 quello che volevamo per la nostra ultima gara Questa \u00e8 l&#8217;ultimo Gran premio con la Yamaha per molti di noi, me compreso; la mia esperienza di diciannove anni con la Yamaha finisce qui. Voglio solo ringraziare la Yamaha e tutti coloro che hanno lavorato insieme a noi, sono stati anni che non dimenticher\u00e0 mai&#8221;&#8221;.<\/p><\/blockquote>\n<p style=\"text-align: right;\"><em>Fonte: Yamaha Press<\/em><\/p>\n<div class=\"sharedaddy sd-sharing-enabled\"><div class=\"robots-nocontent sd-block sd-social sd-social-icon sd-sharing\"><h3 class=\"sd-title\">Condividi:<\/h3><div class=\"sd-content\"><ul><li class=\"share-facebook\"><a rel=\"nofollow noopener noreferrer\" data-shared=\"sharing-facebook-166\" class=\"share-facebook sd-button share-icon no-text\" href=\"https:\/\/www.2-ruote.com\/IT\/?p=166&amp;share=facebook\" target=\"_blank\" title=\"Fai clic per condividere su Facebook\"><span><\/span><span class=\"sharing-screen-reader-text\">Fai clic per condividere su Facebook (Si apre in una nuova finestra)<\/span><\/a><\/li><li class=\"share-twitter\"><a rel=\"nofollow noopener noreferrer\" data-shared=\"sharing-twitter-166\" class=\"share-twitter sd-button share-icon no-text\" href=\"https:\/\/www.2-ruote.com\/IT\/?p=166&amp;share=twitter\" target=\"_blank\" title=\"Fai clic qui per condividere su Twitter\"><span><\/span><span class=\"sharing-screen-reader-text\">Fai clic qui per condividere su Twitter (Si apre in una nuova finestra)<\/span><\/a><\/li><li class=\"share-pinterest\"><a rel=\"nofollow noopener noreferrer\" data-shared=\"sharing-pinterest-166\" class=\"share-pinterest sd-button share-icon no-text\" href=\"https:\/\/www.2-ruote.com\/IT\/?p=166&amp;share=pinterest\" target=\"_blank\" title=\"Fai clic qui per condividere su Pinterest\"><span><\/span><span class=\"sharing-screen-reader-text\">Fai clic qui per condividere su Pinterest (Si apre in una nuova finestra)<\/span><\/a><\/li><li class=\"share-whatsapp\"><a rel=\"nofollow noopener noreferrer\" data-shared=\"\" class=\"share-whatsapp sd-button share-icon no-text\" href=\"https:\/\/www.2-ruote.com\/IT\/?p=166&amp;share=whatsapp\" target=\"_blank\" title=\"Clicca per condividere su WhatsApp\"><span><\/span><span class=\"sharing-screen-reader-text\">Clicca per condividere su WhatsApp (Si apre in una nuova finestra)<\/span><\/a><\/li><li class=\"share-linkedin\"><a rel=\"nofollow noopener noreferrer\" data-shared=\"sharing-linkedin-166\" class=\"share-linkedin sd-button share-icon no-text\" href=\"https:\/\/www.2-ruote.com\/IT\/?p=166&amp;share=linkedin\" target=\"_blank\" title=\"Fai clic qui per condividere su LinkedIn\"><span><\/span><span class=\"sharing-screen-reader-text\">Fai clic qui per condividere su LinkedIn (Si apre in una nuova finestra)<\/span><\/a><\/li><li class=\"share-tumblr\"><a rel=\"nofollow noopener noreferrer\" data-shared=\"\" class=\"share-tumblr sd-button share-icon no-text\" href=\"https:\/\/www.2-ruote.com\/IT\/?p=166&amp;share=tumblr\" target=\"_blank\" title=\"Fai clic qui per condividere su Tumblr\"><span><\/span><span class=\"sharing-screen-reader-text\">Fai clic qui per condividere su Tumblr (Si apre in una nuova finestra)<\/span><\/a><\/li><li class=\"share-pocket\"><a rel=\"nofollow noopener noreferrer\" data-shared=\"\" class=\"share-pocket sd-button share-icon no-text\" href=\"https:\/\/www.2-ruote.com\/IT\/?p=166&amp;share=pocket\" target=\"_blank\" title=\"Fai clic qui per condividere su Pocket\"><span><\/span><span class=\"sharing-screen-reader-text\">Fai clic qui per condividere su Pocket (Si apre in una nuova finestra)<\/span><\/a><\/li><li class=\"share-reddit\"><a rel=\"nofollow noopener noreferrer\" data-shared=\"\" class=\"share-reddit sd-button share-icon no-text\" href=\"https:\/\/www.2-ruote.com\/IT\/?p=166&amp;share=reddit\" target=\"_blank\" title=\"Fai clic qui per condividere su Reddit\"><span><\/span><span class=\"sharing-screen-reader-text\">Fai clic qui per condividere su Reddit (Si apre in una nuova finestra)<\/span><\/a><\/li><li class=\"share-print\"><a rel=\"nofollow noopener noreferrer\" data-shared=\"\" class=\"share-print sd-button share-icon no-text\" href=\"https:\/\/www.2-ruote.com\/IT\/?p=166\" target=\"_blank\" title=\"Fai clic qui per stampare\"><span><\/span><span class=\"sharing-screen-reader-text\">Fai clic qui per stampare (Si apre in una nuova finestra)<\/span><\/a><\/li><li class=\"share-end\"><\/li><\/ul><\/div><\/div><\/div>","protected":false},"excerpt":{"rendered":"<p>Jorge Lorenzo, campione del mondo, ha concluso in gran spolvero la stagione, cogliendo oggi la nona vittoria di fronte al&hellip;<\/p>\n<div class=\"sharedaddy sd-sharing-enabled\"><div class=\"robots-nocontent sd-block sd-social sd-social-icon sd-sharing\"><h3 class=\"sd-title\">Condividi:<\/h3><div class=\"sd-content\"><ul><li class=\"share-facebook\"><a rel=\"nofollow noopener noreferrer\" data-shared=\"sharing-facebook-166\" class=\"share-facebook sd-button share-icon no-text\" href=\"https:\/\/www.2-ruote.com\/IT\/?p=166&amp;share=facebook\" target=\"_blank\" title=\"Fai clic per condividere su Facebook\"><span><\/span><span class=\"sharing-screen-reader-text\">Fai clic per condividere su Facebook (Si apre in una nuova finestra)<\/span><\/a><\/li><li class=\"share-twitter\"><a rel=\"nofollow noopener noreferrer\" data-shared=\"sharing-twitter-166\" class=\"share-twitter sd-button share-icon no-text\" href=\"https:\/\/www.2-ruote.com\/IT\/?p=166&amp;share=twitter\" target=\"_blank\" title=\"Fai clic qui per condividere su Twitter\"><span><\/span><span class=\"sharing-screen-reader-text\">Fai clic qui per condividere su Twitter (Si apre in una nuova finestra)<\/span><\/a><\/li><li class=\"share-pinterest\"><a rel=\"nofollow noopener noreferrer\" data-shared=\"sharing-pinterest-166\" class=\"share-pinterest sd-button share-icon no-text\" href=\"https:\/\/www.2-ruote.com\/IT\/?p=166&amp;share=pinterest\" target=\"_blank\" title=\"Fai clic qui per condividere su Pinterest\"><span><\/span><span class=\"sharing-screen-reader-text\">Fai clic qui per condividere su Pinterest (Si apre in una nuova finestra)<\/span><\/a><\/li><li class=\"share-whatsapp\"><a rel=\"nofollow noopener noreferrer\" data-shared=\"\" class=\"share-whatsapp sd-button share-icon no-text\" href=\"https:\/\/www.2-ruote.com\/IT\/?p=166&amp;share=whatsapp\" target=\"_blank\" title=\"Clicca per condividere su WhatsApp\"><span><\/span><span class=\"sharing-screen-reader-text\">Clicca per condividere su WhatsApp (Si apre in una nuova finestra)<\/span><\/a><\/li><li class=\"share-linkedin\"><a rel=\"nofollow noopener noreferrer\" data-shared=\"sharing-linkedin-166\" class=\"share-linkedin sd-button share-icon no-text\" href=\"https:\/\/www.2-ruote.com\/IT\/?p=166&amp;share=linkedin\" target=\"_blank\" title=\"Fai clic qui per condividere su LinkedIn\"><span><\/span><span class=\"sharing-screen-reader-text\">Fai clic qui per condividere su LinkedIn (Si apre in una nuova finestra)<\/span><\/a><\/li><li class=\"share-tumblr\"><a rel=\"nofollow noopener noreferrer\" data-shared=\"\" class=\"share-tumblr sd-button share-icon no-text\" href=\"https:\/\/www.2-ruote.com\/IT\/?p=166&amp;share=tumblr\" target=\"_blank\" title=\"Fai clic qui per condividere su Tumblr\"><span><\/span><span class=\"sharing-screen-reader-text\">Fai clic qui per condividere su Tumblr (Si apre in una nuova finestra)<\/span><\/a><\/li><li class=\"share-pocket\"><a rel=\"nofollow noopener noreferrer\" data-shared=\"\" class=\"share-pocket sd-button share-icon no-text\" href=\"https:\/\/www.2-ruote.com\/IT\/?p=166&amp;share=pocket\" target=\"_blank\" title=\"Fai clic qui per condividere su Pocket\"><span><\/span><span class=\"sharing-screen-reader-text\">Fai clic qui per condividere su Pocket (Si apre in una nuova finestra)<\/span><\/a><\/li><li class=\"share-reddit\"><a rel=\"nofollow noopener noreferrer\" data-shared=\"\" class=\"share-reddit sd-button share-icon no-text\" href=\"https:\/\/www.2-ruote.com\/IT\/?p=166&amp;share=reddit\" target=\"_blank\" title=\"Fai clic qui per condividere su Reddit\"><span><\/span><span class=\"sharing-screen-reader-text\">Fai clic qui per condividere su Reddit (Si apre in una nuova finestra)<\/span><\/a><\/li><li class=\"share-print\"><a rel=\"nofollow noopener noreferrer\" data-shared=\"\" class=\"share-print sd-button share-icon no-text\" href=\"https:\/\/www.2-ruote.com\/IT\/?p=166\" target=\"_blank\" title=\"Fai clic qui per stampare\"><span><\/span><span class=\"sharing-screen-reader-text\">Fai clic qui per stampare (Si apre in una nuova finestra)<\/span><\/a><\/li><li class=\"share-end\"><\/li><\/ul><\/div><\/div><\/div>","protected":false},"author":1,"featured_media":0,"comment_status":"open","ping_status":"open","sticky":false,"template":"","format":"standard","meta":{"_mi_skip_tracking":false,"_monsterinsights_sitenote_active":false,"_monsterinsights_sitenote_note":"","_monsterinsights_sitenote_category":0,"spay_email":"","jetpack_publicize_message":"","jetpack_is_tweetstorm":false},"categories":[3,1,14],"tags":[],"aioseo_notices":[],"jetpack_featured_media_url":"","jetpack_publicize_connections":[],"jetpack_sharing_enabled":true,"jetpack_shortlink":"https:\/\/wp.me\/s6TDfQ-","jetpack-related-posts":[{"id":828,"url":"https:\/\/www.2-ruote.com\/IT\/?p=828","url_meta":{"origin":166,"position":0},"title":"Valentino Rossi- Jorge Lorenzo: veleni senza fine","date":"10 Novembre 2015","format":false,"excerpt":"Il re \u00e8 nudo, ma per ora si tuffa in un brodo di giuggiole, mentre i guardaspalle sono in libera uscita e possono ancora rimandare il momento di rendere conto all'evidenza. \u00abPovero Valentino, questa era la sua ultima occasione per vincere il mondiale, ci sono piloti pi\u00f9 giovani e pi\u00f9\u2026","rel":"","context":"In &quot;MotoGP&quot;","img":{"alt_text":"","src":"","width":0,"height":0},"classes":[]},{"id":379,"url":"https:\/\/www.2-ruote.com\/IT\/?p=379","url_meta":{"origin":166,"position":1},"title":"Lorenzo Lotta per la Vittoria a Laguna Seca","date":"25 Luglio 2011","format":false,"excerpt":"Oggi a Laguna Seca il Campione del Mondo in carica, Jorge Lorenzo, \u00e8 stato costretto ad uno sforzo sovrumano nel duello per il primo posto con Casey Stoner, per poi finire secondo sul podio dietro all'australiano. Lorenzo \u00e8 stato artefice di una partenza perfetta che gli ha consentito di mantenere\u2026","rel":"","context":"In &quot;MotoGP&quot;","img":{"alt_text":"","src":"","width":0,"height":0},"classes":[]},{"id":119,"url":"https:\/\/www.2-ruote.com\/IT\/?p=119","url_meta":{"origin":166,"position":2},"title":"Un doppio podio all'Estoril consegna alla Yamaha la triplice corona","date":"31 Ottobre 2010","format":false,"excerpt":"I piloti Fiat Yamaha Jorge Lorenzo e Valentino Rossi hanno mostrato una superba prestazione di squadra oggi nel Gran Premio del Portogallo, sul circuito dell'Estoril, cogliendo il primo ed il secondo posto che hanno consegnato alla Yamaha la Triplice Corona - i titoli piloti, costruttori e squadra - per la\u2026","rel":"","context":"In &quot;MotoGP&quot;","img":{"alt_text":"","src":"","width":0,"height":0},"classes":[]},{"id":160,"url":"https:\/\/www.2-ruote.com\/IT\/?p=160","url_meta":{"origin":166,"position":3},"title":"Prima fila per Lorenzo. Rossi migliora, ed \u00e0\u00a8 quarto per l'ultima gara","date":"6 Novembre 2010","format":false,"excerpt":"Jorge Lorenzo, campione del mondo, ha ottenuto la prima fila per la diciassettesima volta nella stagione, qualificandosi secondo, alle spalle di Stoner, per l'ultima gara dell'anno. Valentino Rossi, suo compagno di squadra nel Team Fiat Yamaha, ha faticato in tutte e quattro le sessioni. Nell'ultima parte di quella di oggi\u2026","rel":"","context":"In &quot;MotoGP&quot;","img":{"alt_text":"","src":"","width":0,"height":0},"classes":[]},{"id":203,"url":"https:\/\/www.2-ruote.com\/IT\/?p=203","url_meta":{"origin":166,"position":4},"title":"NICKY HAYDEN","date":"12 Gennaio 2011","format":false,"excerpt":"Alla sua nona stagione in MotoGP Nicky Hayden, uno dei piloti pi\u00f9 popolari della serie, corre per il terzo anno con il Ducati Marlboro Team dove ritrova il compagno di squadra del suo esordio iridato nel 2003, Valentino Rossi. Nicky \u00e8 cresciuto in una casa di campagna nei dintorni di\u2026","rel":"","context":"In &quot;Ducati Corse&quot;","img":{"alt_text":"","src":"","width":0,"height":0},"classes":[]},{"id":454,"url":"https:\/\/www.2-ruote.com\/IT\/?p=454","url_meta":{"origin":166,"position":5},"title":"Iannone: \"Vorrei poter aiutare Rossi. Marquez? Non \u00e8 scorretto\"","date":"1 Novembre 2015","format":false,"excerpt":"Il pilota della Ducati: \"Situazione difficile, si era gi\u00e0 capito in Australia. Far passare Vale a Valencia? A questo punto corrano solo loro due...\" \"Vorrei poter dare una mano a Valentino\". Cos\u00ec Andrea Iannone, ospite di Fabio Fazio a Che Fuori tempo che fa su RaiTre, parlando del Gp di\u2026","rel":"","context":"In &quot;Ducati Corse&quot;","img":{"alt_text":"","src":"https:\/\/i1.wp.com\/www.2-ruote.com\/IT\/wp-content\/uploads\/2015\/11\/ducati-team-test-valencia-2014-motogp-9.jpg?fit=620%2C413&ssl=1&resize=350%2C200","width":350,"height":200},"classes":[]}],"jetpack_likes_enabled":true,"_links":{"self":[{"href":"https:\/\/www.2-ruote.com\/IT\/index.php?rest_route=\/wp\/v2\/posts\/166"}],"collection":[{"href":"https:\/\/www.2-ruote.com\/IT\/index.php?rest_route=\/wp\/v2\/posts"}],"about":[{"href":"https:\/\/www.2-ruote.com\/IT\/index.php?rest_route=\/wp\/v2\/types\/post"}],"author":[{"embeddable":true,"href":"https:\/\/www.2-ruote.com\/IT\/index.php?rest_route=\/wp\/v2\/users\/1"}],"replies":[{"embeddable":true,"href":"https:\/\/www.2-ruote.com\/IT\/index.php?rest_route=%2Fwp%2Fv2%2Fcomments&post=166"}],"version-history":[{"count":0,"href":"https:\/\/www.2-ruote.com\/IT\/index.php?rest_route=\/wp\/v2\/posts\/166\/revisions"}],"wp:attachment":[{"href":"https:\/\/www.2-ruote.com\/IT\/index.php?rest_route=%2Fwp%2Fv2%2Fmedia&parent=166"}],"wp:term":[{"taxonomy":"category","embeddable":true,"href":"https:\/\/www.2-ruote.com\/IT\/index.php?rest_route=%2Fwp%2Fv2%2Fcategories&post=166"},{"taxonomy":"post_tag","embeddable":true,"href":"https:\/\/www.2-ruote.com\/IT\/index.php?rest_route=%2Fwp%2Fv2%2Ftags&post=166"}],"curies":[{"name":"wp","href":"https:\/\/api.w.org\/{rel}","templated":true}]}}