{"id":167,"date":"2010-11-08T09:00:00","date_gmt":"2010-11-08T08:00:00","guid":{"rendered":""},"modified":"2010-11-08T08:00:00","modified_gmt":"2010-11-08T09:00:00","slug":"","status":"publish","type":"post","link":"https:\/\/www.2-ruote.com\/IT\/?p=167","title":{"rendered":"Da adesso in poi&#8230; Valentino Rossi e la Yamaha"},"content":{"rendered":"<p style=\"\"text-align: justify;\"\"><B>Valentino Rossi<\/B><BR><br \/>\n&#8220;&#8221;Questo \u00e8 un giorno molto emozionante, ma sono molto felice anche perch\u00e9 non ho nessun rimpianto e non ci sono stati momenti brutti nel corso di queste sette stagioni con Yamaha. Fin dall&#8217;inizio \u00e8 stato qualcosa di grande e abbiamo lavorato molto bene insieme. Come nella vita, nello sport i risultati sono fondamentali, ma altrettanto importante \u00e8 il divertimento che non \u00e8 mai mancato in Yamaha&#8221;&#8221;.<BR><br \/>\n&#8220;&#8221;C&#8217;\u00e8 stata un&#8217;unione perfetta nel team: gli australiani, gli italiani, i giapponesi, gli inglesi e molti altri&#8230; un sacco di persone tutte insieme divertendosi. Se nel 2004 qualcuno mi avesse detto che avrei vinto quattro campionati del mondo con la Yamaha e 46 Grand Prix io avrei firmato col sangue! Sono felice&#8221;&#8221;.<BR><br \/>\n&#8220;&#8221;Devo ringraziare prima di tutto Masao Furusawa, perch\u00e9 abbiamo attraversato momenti difficili, ma siamo stati in grado di migliorare la moto e renderla la migliore, quindi non mi resta che dire un grande grazie a tutti coloro che mi hanno aiutato in questi sette stagioni, e auguro buona fortuna a tutti&#8221;&#8221;.<BR><br \/>\n<BR><center><br \/>\n<object width=\"\"600\"\" height=\"\"362\"\"><param name=\"\"movie\"\" value=\"\"http:\/\/www.youtube.com\/v\/_1yZceMCSm8?fs=1&amp;hl=it_IT&amp;rel=0&amp;hd=1&amp;color1=0x5d1719&amp;color2=0xcd311b\"\"><\/param><param name=\"\"allowFullScreen\"\" value=\"\"true\"\"><\/param><param name=\"\"allowscriptaccess\"\" value=\"\"always\"\"><\/param><\/object><\/center><BR><br \/>\n<B>Masao Furusawa<\/B><BR><br \/>\n&#8220;&#8221;Vorrei ringraziare Valentino&#8230;Ho iniziato in MotoGP nel 2003 ed \u00e8 stato un anno terribile, era quasi come se fossi all&#8217;inferno! Volevo davvero far diventare la YZR-M1 una moto migliore, ma pi\u00f9 cercavo di riuscirci, pi\u00f9 mi rendevo conto che avevo bisogno qualcos&#8217;altro, pi\u00f9 che della moto&#8221;&#8221;.<BR><br \/>\n&#8220;&#8221;Cos\u00ec abbiamo trovato Valentino Rossi. Prima di tutto non credevo sarebbe venuto Valentino alla Yamaha perch\u00e8 la moto non era forte, ma in qualche modo ha funzionato. Dopo il Sud Africa nel 2004, mi sentivo come se fossi in cielo, \u00e8 stato un anno molto eccitante e memorabile&#8221;&#8221;.<BR><br \/>\n&#8220;&#8221;Nel 2004 Valentino era l&#8217;unico che arebbe potuto vincere con la YZR-M1 e il suo contributo \u00e8 stato incredibile. Quest&#8217;anno non solo Valentino, ma anche altri tre piloti sono stati veloci e questo significa che la nostra YZR-M1 \u00e8 una moto abbastanza buona. Voglio augurargli tutto il meglio in futuro&#8221;&#8221;.<BR><BR><br \/>\n<B>Lin Jarvis<\/B><BR><br \/>\n&#8220;&#8221;Nel 2003, quando abbiamo avuto il nostro peggior anno di sempre in MotoGP, abbiamo capito che senza Valentino saremmo potuti tutti andare a lavorare! L\u00ec abbiamo capito che avevamo bisogno di lui. Ci sono state alcune trattative interessanti e segrete con Valentino ed \u00e8 stata una decisione molto importante ma, con l&#8217;appoggio di Masao Furusawa e il Presidente di Yamaha Motor Company, ci siamo riusciti&#8221;&#8221;.<BR><br \/>\n&#8220;&#8221;Con un impegno enorme da parte di Yamaha, gli ingegneri e tutta la squadra hanno lavorato a fondo. Siamo molto, molto grati a lui perch\u00e9 il suo arrivo ha davvero cambiato le cose per Yamaha. Gli siamo incredibilmente riconoscenti per questo&#8221;&#8221;.<BR><br \/>\n&#8220;&#8221;Abbiamo avuto momenti emozionanti e divertenti con lui e con il team che ha portato con s\u00e8. Oggi ci sar\u00e0\u00a0 da dire addio ad un gran numero di persone, tra cui Davide Brivio, Jeremy Burgess e tutta la squadra. Abbiamo trascorso momenti incredibili, \u00e8 stata una squadra davvero eccellente e ci mancheranno. Domani sar\u00e0\u00a0 una giornata strana&#8221;&#8221;.\n<\/p>\n<p style=\"text-align: right;\"><em>Fonte: MotoGP.com<\/em><\/p>\n<div class=\"sharedaddy sd-sharing-enabled\"><div class=\"robots-nocontent sd-block sd-social sd-social-icon sd-sharing\"><h3 class=\"sd-title\">Condividi:<\/h3><div class=\"sd-content\"><ul><li class=\"share-facebook\"><a rel=\"nofollow noopener noreferrer\" data-shared=\"sharing-facebook-167\" class=\"share-facebook sd-button share-icon no-text\" href=\"https:\/\/www.2-ruote.com\/IT\/?p=167&amp;share=facebook\" target=\"_blank\" title=\"Fai clic per condividere su Facebook\"><span><\/span><span class=\"sharing-screen-reader-text\">Fai clic per condividere su Facebook (Si apre in una nuova finestra)<\/span><\/a><\/li><li class=\"share-twitter\"><a rel=\"nofollow noopener noreferrer\" data-shared=\"sharing-twitter-167\" class=\"share-twitter sd-button share-icon no-text\" href=\"https:\/\/www.2-ruote.com\/IT\/?p=167&amp;share=twitter\" target=\"_blank\" title=\"Fai clic qui per condividere su Twitter\"><span><\/span><span class=\"sharing-screen-reader-text\">Fai clic qui per condividere su Twitter (Si apre in una nuova finestra)<\/span><\/a><\/li><li class=\"share-pinterest\"><a rel=\"nofollow noopener noreferrer\" data-shared=\"sharing-pinterest-167\" class=\"share-pinterest sd-button share-icon no-text\" href=\"https:\/\/www.2-ruote.com\/IT\/?p=167&amp;share=pinterest\" target=\"_blank\" title=\"Fai clic qui per condividere su Pinterest\"><span><\/span><span class=\"sharing-screen-reader-text\">Fai clic qui per condividere su Pinterest (Si apre in una nuova finestra)<\/span><\/a><\/li><li class=\"share-whatsapp\"><a rel=\"nofollow noopener noreferrer\" data-shared=\"\" class=\"share-whatsapp sd-button share-icon no-text\" href=\"https:\/\/www.2-ruote.com\/IT\/?p=167&amp;share=whatsapp\" target=\"_blank\" title=\"Clicca per condividere su WhatsApp\"><span><\/span><span class=\"sharing-screen-reader-text\">Clicca per condividere su WhatsApp (Si apre in una nuova finestra)<\/span><\/a><\/li><li class=\"share-linkedin\"><a rel=\"nofollow noopener noreferrer\" data-shared=\"sharing-linkedin-167\" class=\"share-linkedin sd-button share-icon no-text\" href=\"https:\/\/www.2-ruote.com\/IT\/?p=167&amp;share=linkedin\" target=\"_blank\" title=\"Fai clic qui per condividere su LinkedIn\"><span><\/span><span class=\"sharing-screen-reader-text\">Fai clic qui per condividere su LinkedIn (Si apre in una nuova finestra)<\/span><\/a><\/li><li class=\"share-tumblr\"><a rel=\"nofollow noopener noreferrer\" data-shared=\"\" class=\"share-tumblr sd-button share-icon no-text\" href=\"https:\/\/www.2-ruote.com\/IT\/?p=167&amp;share=tumblr\" target=\"_blank\" title=\"Fai clic qui per condividere su Tumblr\"><span><\/span><span class=\"sharing-screen-reader-text\">Fai clic qui per condividere su Tumblr (Si apre in una nuova finestra)<\/span><\/a><\/li><li class=\"share-pocket\"><a rel=\"nofollow noopener noreferrer\" data-shared=\"\" class=\"share-pocket sd-button share-icon no-text\" href=\"https:\/\/www.2-ruote.com\/IT\/?p=167&amp;share=pocket\" target=\"_blank\" title=\"Fai clic qui per condividere su Pocket\"><span><\/span><span class=\"sharing-screen-reader-text\">Fai clic qui per condividere su Pocket (Si apre in una nuova finestra)<\/span><\/a><\/li><li class=\"share-reddit\"><a rel=\"nofollow noopener noreferrer\" data-shared=\"\" class=\"share-reddit sd-button share-icon no-text\" href=\"https:\/\/www.2-ruote.com\/IT\/?p=167&amp;share=reddit\" target=\"_blank\" title=\"Fai clic qui per condividere su Reddit\"><span><\/span><span class=\"sharing-screen-reader-text\">Fai clic qui per condividere su Reddit (Si apre in una nuova finestra)<\/span><\/a><\/li><li class=\"share-print\"><a rel=\"nofollow noopener noreferrer\" data-shared=\"\" class=\"share-print sd-button share-icon no-text\" href=\"https:\/\/www.2-ruote.com\/IT\/?p=167\" target=\"_blank\" title=\"Fai clic qui per stampare\"><span><\/span><span class=\"sharing-screen-reader-text\">Fai clic qui per stampare (Si apre in una nuova finestra)<\/span><\/a><\/li><li class=\"share-end\"><\/li><\/ul><\/div><\/div><\/div>","protected":false},"excerpt":{"rendered":"<p>Valentino Rossi &#8220;&#8221;Questo \u00e8 un giorno molto emozionante, ma sono molto felice anche perch\u00e9 non ho nessun rimpianto e non&hellip;<\/p>\n<div class=\"sharedaddy sd-sharing-enabled\"><div class=\"robots-nocontent sd-block sd-social sd-social-icon sd-sharing\"><h3 class=\"sd-title\">Condividi:<\/h3><div class=\"sd-content\"><ul><li class=\"share-facebook\"><a rel=\"nofollow noopener noreferrer\" data-shared=\"sharing-facebook-167\" class=\"share-facebook sd-button share-icon no-text\" href=\"https:\/\/www.2-ruote.com\/IT\/?p=167&amp;share=facebook\" target=\"_blank\" title=\"Fai clic per condividere su Facebook\"><span><\/span><span class=\"sharing-screen-reader-text\">Fai clic per condividere su Facebook (Si apre in una nuova finestra)<\/span><\/a><\/li><li class=\"share-twitter\"><a rel=\"nofollow noopener noreferrer\" data-shared=\"sharing-twitter-167\" class=\"share-twitter sd-button share-icon no-text\" href=\"https:\/\/www.2-ruote.com\/IT\/?p=167&amp;share=twitter\" target=\"_blank\" title=\"Fai clic qui per condividere su Twitter\"><span><\/span><span class=\"sharing-screen-reader-text\">Fai clic qui per condividere su Twitter (Si apre in una nuova finestra)<\/span><\/a><\/li><li class=\"share-pinterest\"><a rel=\"nofollow noopener noreferrer\" data-shared=\"sharing-pinterest-167\" class=\"share-pinterest sd-button share-icon no-text\" href=\"https:\/\/www.2-ruote.com\/IT\/?p=167&amp;share=pinterest\" target=\"_blank\" title=\"Fai clic qui per condividere su Pinterest\"><span><\/span><span class=\"sharing-screen-reader-text\">Fai clic qui per condividere su Pinterest (Si apre in una nuova finestra)<\/span><\/a><\/li><li class=\"share-whatsapp\"><a rel=\"nofollow noopener noreferrer\" data-shared=\"\" class=\"share-whatsapp sd-button share-icon no-text\" href=\"https:\/\/www.2-ruote.com\/IT\/?p=167&amp;share=whatsapp\" target=\"_blank\" title=\"Clicca per condividere su WhatsApp\"><span><\/span><span class=\"sharing-screen-reader-text\">Clicca per condividere su WhatsApp (Si apre in una nuova finestra)<\/span><\/a><\/li><li class=\"share-linkedin\"><a rel=\"nofollow noopener noreferrer\" data-shared=\"sharing-linkedin-167\" class=\"share-linkedin sd-button share-icon no-text\" href=\"https:\/\/www.2-ruote.com\/IT\/?p=167&amp;share=linkedin\" target=\"_blank\" title=\"Fai clic qui per condividere su LinkedIn\"><span><\/span><span class=\"sharing-screen-reader-text\">Fai clic qui per condividere su LinkedIn (Si apre in una nuova finestra)<\/span><\/a><\/li><li class=\"share-tumblr\"><a rel=\"nofollow noopener noreferrer\" data-shared=\"\" class=\"share-tumblr sd-button share-icon no-text\" href=\"https:\/\/www.2-ruote.com\/IT\/?p=167&amp;share=tumblr\" target=\"_blank\" title=\"Fai clic qui per condividere su Tumblr\"><span><\/span><span class=\"sharing-screen-reader-text\">Fai clic qui per condividere su Tumblr (Si apre in una nuova finestra)<\/span><\/a><\/li><li class=\"share-pocket\"><a rel=\"nofollow noopener noreferrer\" data-shared=\"\" class=\"share-pocket sd-button share-icon no-text\" href=\"https:\/\/www.2-ruote.com\/IT\/?p=167&amp;share=pocket\" target=\"_blank\" title=\"Fai clic qui per condividere su Pocket\"><span><\/span><span class=\"sharing-screen-reader-text\">Fai clic qui per condividere su Pocket (Si apre in una nuova finestra)<\/span><\/a><\/li><li class=\"share-reddit\"><a rel=\"nofollow noopener noreferrer\" data-shared=\"\" class=\"share-reddit sd-button share-icon no-text\" href=\"https:\/\/www.2-ruote.com\/IT\/?p=167&amp;share=reddit\" target=\"_blank\" title=\"Fai clic qui per condividere su Reddit\"><span><\/span><span class=\"sharing-screen-reader-text\">Fai clic qui per condividere su Reddit (Si apre in una nuova finestra)<\/span><\/a><\/li><li class=\"share-print\"><a rel=\"nofollow noopener noreferrer\" data-shared=\"\" class=\"share-print sd-button share-icon no-text\" href=\"https:\/\/www.2-ruote.com\/IT\/?p=167\" target=\"_blank\" title=\"Fai clic qui per stampare\"><span><\/span><span class=\"sharing-screen-reader-text\">Fai clic qui per stampare (Si apre in una nuova finestra)<\/span><\/a><\/li><li class=\"share-end\"><\/li><\/ul><\/div><\/div><\/div>","protected":false},"author":1,"featured_media":0,"comment_status":"open","ping_status":"open","sticky":false,"template":"","format":"standard","meta":{"_mi_skip_tracking":false,"_monsterinsights_sitenote_active":false,"_monsterinsights_sitenote_note":"","_monsterinsights_sitenote_category":0,"spay_email":"","jetpack_publicize_message":"","jetpack_is_tweetstorm":false},"categories":[3,1,14],"tags":[],"aioseo_notices":[],"jetpack_featured_media_url":"","jetpack_publicize_connections":[],"jetpack_sharing_enabled":true,"jetpack_shortlink":"https:\/\/wp.me\/s6TDfQ-","jetpack-related-posts":[{"id":166,"url":"https:\/\/www.2-ruote.com\/IT\/?p=166","url_meta":{"origin":167,"position":0},"title":"A Valencia, vittoria di Lorenzo mentre Valentino \u00e0\u00a8 terzo nel giorno dell'addio","date":"7 Novembre 2010","format":false,"excerpt":"Jorge Lorenzo, campione del mondo, ha concluso in gran spolvero la stagione, cogliendo oggi la nona vittoria di fronte al pubblico di casa, a Valencia. Valentino, alla sua 117a ed ultima gara per Yamaha, ha concluso al terzo posto, sigillando cos\u00ec sette favolosi anni di partnership con la YZR-M1. Sia\u2026","rel":"","context":"In &quot;MotoGP&quot;","img":{"alt_text":"","src":"","width":0,"height":0},"classes":[]},{"id":119,"url":"https:\/\/www.2-ruote.com\/IT\/?p=119","url_meta":{"origin":167,"position":1},"title":"Un doppio podio all'Estoril consegna alla Yamaha la triplice corona","date":"31 Ottobre 2010","format":false,"excerpt":"I piloti Fiat Yamaha Jorge Lorenzo e Valentino Rossi hanno mostrato una superba prestazione di squadra oggi nel Gran Premio del Portogallo, sul circuito dell'Estoril, cogliendo il primo ed il secondo posto che hanno consegnato alla Yamaha la Triplice Corona - i titoli piloti, costruttori e squadra - per la\u2026","rel":"","context":"In &quot;MotoGP&quot;","img":{"alt_text":"","src":"","width":0,"height":0},"classes":[]},{"id":157,"url":"https:\/\/www.2-ruote.com\/IT\/?p=157","url_meta":{"origin":167,"position":2},"title":"Lorenzo al vertice mentre inizia l'ultimo appuntamento della stagione","date":"5 Novembre 2010","format":false,"excerpt":"E' iniziato l'ultimo atto della stagione e Jorge Lorenzo, Campione del Mondo, ha concluso al comando delle operazioni, con un fulminante ultimo giro nella seconda sessione di prove libere. Valentino Rossi, suo compagno di squadra, all'ultimo fine settimana con la Yamaha, ha terminato al nono posto, in difficolt\u00e0\u00a0 con il\u2026","rel":"","context":"In &quot;MotoGP&quot;","img":{"alt_text":"","src":"","width":0,"height":0},"classes":[]},{"id":386,"url":"https:\/\/www.2-ruote.com\/IT\/?p=386","url_meta":{"origin":167,"position":3},"title":"Dura battaglia per le Yamaha al Gran Premio della Repubblica Ceca","date":"15 Agosto 2011","format":false,"excerpt":"I piloti Yamaha Factory Racing Jorge Lorenzo e Ben Spies si sono aggiudicati rispettivamente la quarta e la quinta piazza al Gran Premio della Repubblica Ceca.Il Campione del Mondo in carica, Jorge Lorenzo, partito dalla seconda posizione, ha preso il comando della gara al primo giro e ha tenuto dietro\u2026","rel":"","context":"In &quot;MotoGP&quot;","img":{"alt_text":"","src":"","width":0,"height":0},"classes":[]},{"id":160,"url":"https:\/\/www.2-ruote.com\/IT\/?p=160","url_meta":{"origin":167,"position":4},"title":"Prima fila per Lorenzo. Rossi migliora, ed \u00e0\u00a8 quarto per l'ultima gara","date":"6 Novembre 2010","format":false,"excerpt":"Jorge Lorenzo, campione del mondo, ha ottenuto la prima fila per la diciassettesima volta nella stagione, qualificandosi secondo, alle spalle di Stoner, per l'ultima gara dell'anno. Valentino Rossi, suo compagno di squadra nel Team Fiat Yamaha, ha faticato in tutte e quattro le sessioni. Nell'ultima parte di quella di oggi\u2026","rel":"","context":"In &quot;MotoGP&quot;","img":{"alt_text":"","src":"","width":0,"height":0},"classes":[]},{"id":240,"url":"https:\/\/www.2-ruote.com\/IT\/?p=240","url_meta":{"origin":167,"position":5},"title":"GARA DETERMINATA PER ROSSI E HAYDEN IN QATAR","date":"20 Marzo 2011","format":false,"excerpt":"Valentino Rossi ha concluso al settimo posto il Gran Premio del Qatar guidando con la determinazione e la grinta che lo contraddistinguono da sempre. Il pilota italiano ha duellato con Ben Spies per il sesto posto fino a quando la forza nella spalla convalescente glielo ha permesso e ha comunque\u2026","rel":"","context":"In &quot;Ducati Corse&quot;","img":{"alt_text":"","src":"","width":0,"height":0},"classes":[]}],"jetpack_likes_enabled":true,"_links":{"self":[{"href":"https:\/\/www.2-ruote.com\/IT\/index.php?rest_route=\/wp\/v2\/posts\/167"}],"collection":[{"href":"https:\/\/www.2-ruote.com\/IT\/index.php?rest_route=\/wp\/v2\/posts"}],"about":[{"href":"https:\/\/www.2-ruote.com\/IT\/index.php?rest_route=\/wp\/v2\/types\/post"}],"author":[{"embeddable":true,"href":"https:\/\/www.2-ruote.com\/IT\/index.php?rest_route=\/wp\/v2\/users\/1"}],"replies":[{"embeddable":true,"href":"https:\/\/www.2-ruote.com\/IT\/index.php?rest_route=%2Fwp%2Fv2%2Fcomments&post=167"}],"version-history":[{"count":0,"href":"https:\/\/www.2-ruote.com\/IT\/index.php?rest_route=\/wp\/v2\/posts\/167\/revisions"}],"wp:attachment":[{"href":"https:\/\/www.2-ruote.com\/IT\/index.php?rest_route=%2Fwp%2Fv2%2Fmedia&parent=167"}],"wp:term":[{"taxonomy":"category","embeddable":true,"href":"https:\/\/www.2-ruote.com\/IT\/index.php?rest_route=%2Fwp%2Fv2%2Fcategories&post=167"},{"taxonomy":"post_tag","embeddable":true,"href":"https:\/\/www.2-ruote.com\/IT\/index.php?rest_route=%2Fwp%2Fv2%2Ftags&post=167"}],"curies":[{"name":"wp","href":"https:\/\/api.w.org\/{rel}","templated":true}]}}