{"id":173,"date":"2010-11-10T09:00:00","date_gmt":"2010-11-10T08:00:00","guid":{"rendered":""},"modified":"2010-11-10T08:00:00","modified_gmt":"2010-11-10T09:00:00","slug":"","status":"publish","type":"post","link":"https:\/\/www.2-ruote.com\/IT\/?p=173","title":{"rendered":"SI CHIUDONO I TEST DI VALENCIA PER ROSSI E HAYDEN"},"content":{"rendered":"<p style=\"\"text-align: justify;\"\">La seconda ed ultima giornata  di test a Valencia si \u00e8 svolta in condizioni soleggiate e sia Valentino Rossi sia Nicky Hayden hanno potuto sfruttare pienamente il tempo a disposizione in pista. Valentino Rossi, seguito da vicino da Filippo Preziosi, ha lavorato intensamente sugli assetti della GP11 con il motore in versione big bang completando 70 giri. Il suo dettagliato feedback, insieme ai dati raccolti in questi due giorni, servir\u00e0\u00a0 agli ingegneri Ducati per lavorare sullo sviluppo della GP11 e adattarla allo stile di guida del nove volte campione del mondo.<BR><BR><br \/>\nNicky Hayden ha completato a sua volta un gran numero di giri, 91 allo scadere della sessione, provando sia il motore screamer sia il big bang, con il quale ha realizzato il suo miglior tempo, il sesto assoluto. Il pilota americano \u00e8 stato in generale pi\u00f9 veloce rispetto al fine settimana di gara e alla fine si \u00e8 detto soddisfatto del lavoro svolto.<BR><BR><BR><br \/>\n<B>Tempi di oggi 10 novembre 2010<\/b><br \/>\n<BR><br \/>\n<BR>1.Casey Stoner  1:32.066<br \/>\n<BR>2.Jorge Lorenzo 1:32.179<br \/>\n<BR>3.Ben Spies   1:32.322<br \/>\n<BR>4.Marco Simoncelli  1:32.450<br \/>\n<BR>5.Dani Pedrosa  1:32.497<br \/>\n<BR>6.Nicky Hayden  1:32.583<br \/>\n<BR>7.Alvaro Bautista  1:32.738<br \/>\n<BR>8.Randy De Puniet   1:32.836<br \/>\n<BR>9.Andrea Dovizioso  1:32.942<br \/>\n<BR>10.Hiroshi Aoyama  1:33.105<br \/>\n<BR>11.Hector Barbera   1:33.168<br \/>\n<BR>12.Colin Edwards  1:33.325<br \/>\n<BR>13.Cal Crutchlow  1:33.483<br \/>\n<BR>14.Loris Capirossi  1:33.740<br \/>\n<BR>15.Valentino Rossi  1:33.761<br \/>\n<BR>16.Karel Abraham  1:33.793<br \/>\n<BR>17.Toni Elias  1:34.800<br \/>\n<BR><br \/>\n<BR>Circuit Record: Casey Stoner (Ducati &#8211; 2008), 1&#8243;32.582 a 155.732 Km\/h<br \/>\n<BR>Best Pole: Valentino Rossi (Yamaha &#8211; 2006), 1&#8243;31.002 a 158.436 Km\/<\/p>\n<p><BR><\/p>\n<blockquote>\n<h3 style=\"text-align: center;\">Nicky Hayden<\/h3>\n<p style=\"text-align: center;\"><em>(Ducati Marlboro Team)  6\u00b0 tempo in 1:32&#8217;583<\/em><\/p>\n<p>E&#8217; andata, adesso la stagione \u00e8 proprio finita. Oggi \u00e8 stata una giornata positiva per noi. Abbiamo provato un po&#8221; di pi\u00f9 lo screamer e non \u00e8 stato facile passare da una versione all&#8217;altra ma era importante farlo per poter effettuare un test veritiero e avere i dati per poter prendere una decisione importante. Io sarei orientato per rimanere con il big bang ma  decideremo insieme. In generale sono contento, siamo stati abbastanza veloci, pi\u00f9 che nel fine settimana di gara. Sappiamo che c&#8221;\u00e8 molto lavoro da fare ma siamo pronti a farlo. Abbiamo provato anche una nuova gomma Bridgestone che mi piace molto, e il mio miglior tempo l&#8217;ho fatto con quella, ma anche con la gomma del fine settimana di gara ho girato bene, a un paio di decimi dal mio best. Ci sono anche diverse cose nuove di ciclistica che mi piacciono ma che vorrei provare ancora. Vorrei ringraziare tutta la mia squadra perch\u00e9 come sempre ha fatto un ottimo lavoro e non \u00e8 facile, dopo due gare di fila.<\/p><\/blockquote>\n<p><BR><\/p>\n<blockquote>\n<h3 style=\"text-align: center;\">Filippo Preziosi<\/h3>\n<p style=\"text-align: center;\"><em>Direttore Generale Ducati Corse<\/em><\/p>\n<p>Dopo questi due giorni di test torneremo in Ducati per un meeting nel quale decideremo quale strada prendere tra i due motori, il big bang e lo screamer anche se le informazioni che abbiamo raccolto pare ci indichino la direzione del primo. Sar\u00e0\u00a0 una delle cose che decideremo analizzando a fondo i dati, oltre a pianificare il lavoro per tutte le altre idee che ci hanno dato questi test. l&#8217;obiettivo naturalmente \u00e8 mettere Valentino nelle condizioni di guidare da \u00e2\u20ac\u00a6 Valentino, e sappiamo che dobbiamo migliore la moto per questo, soprattutto sull&#8217;anteriore. Ci ha fornito delle indicazioni molto precise e sta a noi adesso metterle in pratica. Ovviamente ci sarebbe piaciuto avergli gi\u00e0\u00a0 dato la possibilit\u00e0\u00a0 di essere pi\u00f9 veloce ma anche se non \u00e8 stato cos\u00ec, in questi due giorni ha impressionato tutti per il metodo di lavoro, la calma e la positivit\u00e0\u00a0 con cui affronta ogni cosa. Anche Nicky ha lavorato moltissimo, come consueto, ed ha ottenuto un buon tempo, sia con la nuova gomma Bridgestone sia con quella che gi\u00e0\u00a0 conoscevamo e questo \u00e8 sicuramente un fatto molto positivo. Adesso dobbiamo lavorare per dare ad entrambi una moto competitiva per i prossimi test.<\/p><\/blockquote>\n<p style=\"text-align: right;\"><em>Fonte: DucatiCorse Press<\/em><\/p>\n<div class=\"sharedaddy sd-sharing-enabled\"><div class=\"robots-nocontent sd-block sd-social sd-social-icon sd-sharing\"><h3 class=\"sd-title\">Condividi:<\/h3><div class=\"sd-content\"><ul><li class=\"share-facebook\"><a rel=\"nofollow noopener noreferrer\" data-shared=\"sharing-facebook-173\" class=\"share-facebook sd-button share-icon no-text\" href=\"https:\/\/www.2-ruote.com\/IT\/?p=173&amp;share=facebook\" target=\"_blank\" title=\"Fai clic per condividere su Facebook\"><span><\/span><span class=\"sharing-screen-reader-text\">Fai clic per condividere su Facebook (Si apre in una nuova finestra)<\/span><\/a><\/li><li class=\"share-twitter\"><a rel=\"nofollow noopener noreferrer\" data-shared=\"sharing-twitter-173\" class=\"share-twitter sd-button share-icon no-text\" href=\"https:\/\/www.2-ruote.com\/IT\/?p=173&amp;share=twitter\" target=\"_blank\" title=\"Fai clic qui per condividere su Twitter\"><span><\/span><span class=\"sharing-screen-reader-text\">Fai clic qui per condividere su Twitter (Si apre in una nuova finestra)<\/span><\/a><\/li><li class=\"share-pinterest\"><a rel=\"nofollow noopener noreferrer\" data-shared=\"sharing-pinterest-173\" class=\"share-pinterest sd-button share-icon no-text\" href=\"https:\/\/www.2-ruote.com\/IT\/?p=173&amp;share=pinterest\" target=\"_blank\" title=\"Fai clic qui per condividere su Pinterest\"><span><\/span><span class=\"sharing-screen-reader-text\">Fai clic qui per condividere su Pinterest (Si apre in una nuova finestra)<\/span><\/a><\/li><li class=\"share-whatsapp\"><a rel=\"nofollow noopener noreferrer\" data-shared=\"\" class=\"share-whatsapp sd-button share-icon no-text\" href=\"https:\/\/www.2-ruote.com\/IT\/?p=173&amp;share=whatsapp\" target=\"_blank\" title=\"Clicca per condividere su WhatsApp\"><span><\/span><span class=\"sharing-screen-reader-text\">Clicca per condividere su WhatsApp (Si apre in una nuova finestra)<\/span><\/a><\/li><li class=\"share-linkedin\"><a rel=\"nofollow noopener noreferrer\" data-shared=\"sharing-linkedin-173\" class=\"share-linkedin sd-button share-icon no-text\" href=\"https:\/\/www.2-ruote.com\/IT\/?p=173&amp;share=linkedin\" target=\"_blank\" title=\"Fai clic qui per condividere su LinkedIn\"><span><\/span><span class=\"sharing-screen-reader-text\">Fai clic qui per condividere su LinkedIn (Si apre in una nuova finestra)<\/span><\/a><\/li><li class=\"share-tumblr\"><a rel=\"nofollow noopener noreferrer\" data-shared=\"\" class=\"share-tumblr sd-button share-icon no-text\" href=\"https:\/\/www.2-ruote.com\/IT\/?p=173&amp;share=tumblr\" target=\"_blank\" title=\"Fai clic qui per condividere su Tumblr\"><span><\/span><span class=\"sharing-screen-reader-text\">Fai clic qui per condividere su Tumblr (Si apre in una nuova finestra)<\/span><\/a><\/li><li class=\"share-pocket\"><a rel=\"nofollow noopener noreferrer\" data-shared=\"\" class=\"share-pocket sd-button share-icon no-text\" href=\"https:\/\/www.2-ruote.com\/IT\/?p=173&amp;share=pocket\" target=\"_blank\" title=\"Fai clic qui per condividere su Pocket\"><span><\/span><span class=\"sharing-screen-reader-text\">Fai clic qui per condividere su Pocket (Si apre in una nuova finestra)<\/span><\/a><\/li><li class=\"share-reddit\"><a rel=\"nofollow noopener noreferrer\" data-shared=\"\" class=\"share-reddit sd-button share-icon no-text\" href=\"https:\/\/www.2-ruote.com\/IT\/?p=173&amp;share=reddit\" target=\"_blank\" title=\"Fai clic qui per condividere su Reddit\"><span><\/span><span class=\"sharing-screen-reader-text\">Fai clic qui per condividere su Reddit (Si apre in una nuova finestra)<\/span><\/a><\/li><li class=\"share-print\"><a rel=\"nofollow noopener noreferrer\" data-shared=\"\" class=\"share-print sd-button share-icon no-text\" href=\"https:\/\/www.2-ruote.com\/IT\/?p=173\" target=\"_blank\" title=\"Fai clic qui per stampare\"><span><\/span><span class=\"sharing-screen-reader-text\">Fai clic qui per stampare (Si apre in una nuova finestra)<\/span><\/a><\/li><li class=\"share-end\"><\/li><\/ul><\/div><\/div><\/div>","protected":false},"excerpt":{"rendered":"<p>La seconda ed ultima giornata di test a Valencia si \u00e8 svolta in condizioni soleggiate e sia Valentino Rossi sia&hellip;<\/p>\n<div class=\"sharedaddy sd-sharing-enabled\"><div class=\"robots-nocontent sd-block sd-social sd-social-icon sd-sharing\"><h3 class=\"sd-title\">Condividi:<\/h3><div class=\"sd-content\"><ul><li class=\"share-facebook\"><a rel=\"nofollow noopener noreferrer\" data-shared=\"sharing-facebook-173\" class=\"share-facebook sd-button share-icon no-text\" href=\"https:\/\/www.2-ruote.com\/IT\/?p=173&amp;share=facebook\" target=\"_blank\" title=\"Fai clic per condividere su Facebook\"><span><\/span><span class=\"sharing-screen-reader-text\">Fai clic per condividere su Facebook (Si apre in una nuova finestra)<\/span><\/a><\/li><li class=\"share-twitter\"><a rel=\"nofollow noopener noreferrer\" data-shared=\"sharing-twitter-173\" class=\"share-twitter sd-button share-icon no-text\" href=\"https:\/\/www.2-ruote.com\/IT\/?p=173&amp;share=twitter\" target=\"_blank\" title=\"Fai clic qui per condividere su Twitter\"><span><\/span><span class=\"sharing-screen-reader-text\">Fai clic qui per condividere su Twitter (Si apre in una nuova finestra)<\/span><\/a><\/li><li class=\"share-pinterest\"><a rel=\"nofollow noopener noreferrer\" data-shared=\"sharing-pinterest-173\" class=\"share-pinterest sd-button share-icon no-text\" href=\"https:\/\/www.2-ruote.com\/IT\/?p=173&amp;share=pinterest\" target=\"_blank\" title=\"Fai clic qui per condividere su Pinterest\"><span><\/span><span class=\"sharing-screen-reader-text\">Fai clic qui per condividere su Pinterest (Si apre in una nuova finestra)<\/span><\/a><\/li><li class=\"share-whatsapp\"><a rel=\"nofollow noopener noreferrer\" data-shared=\"\" class=\"share-whatsapp sd-button share-icon no-text\" href=\"https:\/\/www.2-ruote.com\/IT\/?p=173&amp;share=whatsapp\" target=\"_blank\" title=\"Clicca per condividere su WhatsApp\"><span><\/span><span class=\"sharing-screen-reader-text\">Clicca per condividere su WhatsApp (Si apre in una nuova finestra)<\/span><\/a><\/li><li class=\"share-linkedin\"><a rel=\"nofollow noopener noreferrer\" data-shared=\"sharing-linkedin-173\" class=\"share-linkedin sd-button share-icon no-text\" href=\"https:\/\/www.2-ruote.com\/IT\/?p=173&amp;share=linkedin\" target=\"_blank\" title=\"Fai clic qui per condividere su LinkedIn\"><span><\/span><span class=\"sharing-screen-reader-text\">Fai clic qui per condividere su LinkedIn (Si apre in una nuova finestra)<\/span><\/a><\/li><li class=\"share-tumblr\"><a rel=\"nofollow noopener noreferrer\" data-shared=\"\" class=\"share-tumblr sd-button share-icon no-text\" href=\"https:\/\/www.2-ruote.com\/IT\/?p=173&amp;share=tumblr\" target=\"_blank\" title=\"Fai clic qui per condividere su Tumblr\"><span><\/span><span class=\"sharing-screen-reader-text\">Fai clic qui per condividere su Tumblr (Si apre in una nuova finestra)<\/span><\/a><\/li><li class=\"share-pocket\"><a rel=\"nofollow noopener noreferrer\" data-shared=\"\" class=\"share-pocket sd-button share-icon no-text\" href=\"https:\/\/www.2-ruote.com\/IT\/?p=173&amp;share=pocket\" target=\"_blank\" title=\"Fai clic qui per condividere su Pocket\"><span><\/span><span class=\"sharing-screen-reader-text\">Fai clic qui per condividere su Pocket (Si apre in una nuova finestra)<\/span><\/a><\/li><li class=\"share-reddit\"><a rel=\"nofollow noopener noreferrer\" data-shared=\"\" class=\"share-reddit sd-button share-icon no-text\" href=\"https:\/\/www.2-ruote.com\/IT\/?p=173&amp;share=reddit\" target=\"_blank\" title=\"Fai clic qui per condividere su Reddit\"><span><\/span><span class=\"sharing-screen-reader-text\">Fai clic qui per condividere su Reddit (Si apre in una nuova finestra)<\/span><\/a><\/li><li class=\"share-print\"><a rel=\"nofollow noopener noreferrer\" data-shared=\"\" class=\"share-print sd-button share-icon no-text\" href=\"https:\/\/www.2-ruote.com\/IT\/?p=173\" target=\"_blank\" title=\"Fai clic qui per stampare\"><span><\/span><span class=\"sharing-screen-reader-text\">Fai clic qui per stampare (Si apre in una nuova finestra)<\/span><\/a><\/li><li class=\"share-end\"><\/li><\/ul><\/div><\/div><\/div>","protected":false},"author":1,"featured_media":0,"comment_status":"open","ping_status":"open","sticky":false,"template":"","format":"standard","meta":{"_mi_skip_tracking":false,"_monsterinsights_sitenote_active":false,"_monsterinsights_sitenote_note":"","_monsterinsights_sitenote_category":0,"spay_email":"","jetpack_publicize_message":"","jetpack_is_tweetstorm":false},"categories":[10,3,1],"tags":[],"aioseo_notices":[],"jetpack_featured_media_url":"","jetpack_publicize_connections":[],"jetpack_sharing_enabled":true,"jetpack_shortlink":"https:\/\/wp.me\/s6TDfQ-","jetpack-related-posts":[{"id":171,"url":"https:\/\/www.2-ruote.com\/IT\/?p=171","url_meta":{"origin":173,"position":0},"title":"A VALENCIA LA PRIMA VOLTA DI VALENTINO ROSSI SULLA DUCATI E HAYDEN COMINCIA LE COMPARATIVE DEL MOTORE","date":"9 Novembre 2010","format":false,"excerpt":"La giornata \u00e8 iniziata con il cielo grigio e una pioggia leggera ma insistente che dalle 9 alle 10, orario di apertura ufficiale della pista, ha di fatto reso inutilizzabile l'asfalto per le prime due ore degli attesissimi test MotoGP di Valencia. Fortunatamente il meteo \u00e8 andato progressivamente migliorando e\u2026","rel":"","context":"In &quot;Ducati Corse&quot;","img":{"alt_text":"","src":"","width":0,"height":0},"classes":[]},{"id":384,"url":"https:\/\/www.2-ruote.com\/IT\/?p=384","url_meta":{"origin":173,"position":1},"title":"FINE SETTIMANA POSITIVO PER ROSSI E HAYDEN A BRNO","date":"14 Agosto 2011","format":false,"excerpt":"Nel fine settimana del Gran Premio della Repubblica Ceca il Ducati Team ha fatto un positivo passo in avanti. Valentino Rossi e Nicky Hayden hanno ottenuto lo stesso risultato di Laguna Seca, ovvero rispettivamente il sesto e settimo posto, ma entrambi hanno ridotto considerevolmente il gap dai primi.In ogni sessione\u2026","rel":"","context":"In &quot;Ducati Corse&quot;","img":{"alt_text":"","src":"","width":0,"height":0},"classes":[]},{"id":331,"url":"https:\/\/www.2-ruote.com\/IT\/?p=331","url_meta":{"origin":173,"position":2},"title":"SETTIMO E OTTAVO TEMPO IN CATALUNYA PER VALENTINO ROSSI E NICKY HAYDEN","date":"4 Giugno 2011","format":false,"excerpt":"Valentino Rossi e Nicky Hayden hanno ottenuto rispettivamente il settimo e l'ottavo tempo nelle qualifiche del Gran Premio di Catalunya e domani partiranno entrambi dalla terza fila dello schieramento. Le prove si sono svolte in condizioni meteo buone che hanno permesso ai due piloti del Ducati Marlboro Team di lavorare\u2026","rel":"","context":"In &quot;Ducati Corse&quot;","img":{"alt_text":"","src":"","width":0,"height":0},"classes":[]},{"id":307,"url":"https:\/\/www.2-ruote.com\/IT\/?p=307","url_meta":{"origin":173,"position":3},"title":"HAYDEN QUARTO E ROSSI NONO NELLE LIBERE DEL GP DI FRANCIA","date":"13 Maggio 2011","format":false,"excerpt":"Al termine della bella giornata di sole che ha caratterizzato le prove libere del Gran Premio di Francia, Nicky Hayden e Valentino Rossi hanno ottenuto rispettivamente il quarto e nono tempo. Il pilota americano nel pomeriggio \u00e8 riuscito a trovare un buon feeling con la sua GP11 e spera di\u2026","rel":"","context":"In &quot;Ducati Corse&quot;","img":{"alt_text":"","src":"","width":0,"height":0},"classes":[]},{"id":209,"url":"https:\/\/www.2-ruote.com\/IT\/?p=209","url_meta":{"origin":173,"position":4},"title":"IL DUCATI MARLBORO TEAM CHIUDE LA PRIMA SESSIONE DI TEST CON BUONI PROGRESSI","date":"3 Febbraio 2011","format":false,"excerpt":"Oggi, sul circuito malese di Sepang, si sono chiusi i primi test pre-campionato della MotoGP. Valentino Rossi e Nicky Hayden hanno potuto approfittare di tre intere giornate in pista senza pioggia, un fatto piuttosto raro per il paese asiatico, che hanno permesso al Ducati Marlboro Team di ripartire alla volta\u2026","rel":"","context":"In &quot;Ducati Corse&quot;","img":{"alt_text":"","src":"","width":0,"height":0},"classes":[]},{"id":315,"url":"https:\/\/www.2-ruote.com\/IT\/?p=315","url_meta":{"origin":173,"position":5},"title":"IL DUCATI MARLBORO TEAM AD ASSEN CON NUOVI STEP DI SVILUPPO PER LA GP11","date":"20 Giugno 2011","format":false,"excerpt":"Il Ducati Marlboro Team, seguendo il suo processo di sviluppo della Desmosedici, ad Assen introdurr\u00e0\u00a0 diversi nuovi aggiornamenti. Valentino Rossi scender\u00e0\u00a0 in pista con la versione GP11.1, la cui progettazione \u00e8 iniziata dopo i test di Sepang e la realizzazione dopo l'approvazione da parte dei piloti della ciclistica della GP12\u2026","rel":"","context":"In &quot;Ducati Corse&quot;","img":{"alt_text":"","src":"","width":0,"height":0},"classes":[]}],"jetpack_likes_enabled":true,"_links":{"self":[{"href":"https:\/\/www.2-ruote.com\/IT\/index.php?rest_route=\/wp\/v2\/posts\/173"}],"collection":[{"href":"https:\/\/www.2-ruote.com\/IT\/index.php?rest_route=\/wp\/v2\/posts"}],"about":[{"href":"https:\/\/www.2-ruote.com\/IT\/index.php?rest_route=\/wp\/v2\/types\/post"}],"author":[{"embeddable":true,"href":"https:\/\/www.2-ruote.com\/IT\/index.php?rest_route=\/wp\/v2\/users\/1"}],"replies":[{"embeddable":true,"href":"https:\/\/www.2-ruote.com\/IT\/index.php?rest_route=%2Fwp%2Fv2%2Fcomments&post=173"}],"version-history":[{"count":0,"href":"https:\/\/www.2-ruote.com\/IT\/index.php?rest_route=\/wp\/v2\/posts\/173\/revisions"}],"wp:attachment":[{"href":"https:\/\/www.2-ruote.com\/IT\/index.php?rest_route=%2Fwp%2Fv2%2Fmedia&parent=173"}],"wp:term":[{"taxonomy":"category","embeddable":true,"href":"https:\/\/www.2-ruote.com\/IT\/index.php?rest_route=%2Fwp%2Fv2%2Fcategories&post=173"},{"taxonomy":"post_tag","embeddable":true,"href":"https:\/\/www.2-ruote.com\/IT\/index.php?rest_route=%2Fwp%2Fv2%2Ftags&post=173"}],"curies":[{"name":"wp","href":"https:\/\/api.w.org\/{rel}","templated":true}]}}