{"id":174,"date":"2010-11-15T09:00:00","date_gmt":"2010-11-15T08:00:00","guid":{"rendered":""},"modified":"2010-11-15T08:00:00","modified_gmt":"2010-11-15T09:00:00","slug":"","status":"publish","type":"post","link":"https:\/\/www.2-ruote.com\/IT\/?p=174","title":{"rendered":"Vale sotto i ferri a Cattolica: intervento riuscito."},"content":{"rendered":"<p style=\"\"text-align: justify;\"\">&#8220;&#8221;Meglio tardi che mai&#8221;&#8221; direbbero alcuni. Con un anticipo di un paio di giorni rispetto alle ultime dichiarazioni rilasciate, ma con un ritardo che, a detta di molti \u00e8 di qualche mese, Valentino Rossi \u00e8 stato operato ieri presso l&#8217;ospedale Cervesi di Cattolica dal Dottor Alex Castagna dell&#8217;istituto Humanitas di Milano e dal Dottoer Giuseppe Porcellini dell&#8217;unit\u00e0\u00a0 operativa di Chirurgia della Spalla e del Gomito dell&#8217;Azienda USL di Rimini.<br \/>\n<BR><BR><br \/>\nLe condizioni della spalla erano davvero critiche: Valentino \u00e8 stato tenace a correre con una lesione di questo tipo. L&#8217;intervento \u00e8 perfettamente riuscito, senza complicazioni: per la rieducazione sono previsti 90 giorni, ma si far\u00e0\u00a0 il possibile per andare incontro alle esigenze del pilota, (ndr 60gg) hanno spiegato i due dottori dopo 2 ore di intervento (dalle 11.30 alle 13.30).<br \/>\n<BR><BR><br \/>\nRossi si era infortunato durante un allenamento con la moto da cross il 15 aprile ed, inizialmente, l&#8217;entit\u00e0\u00a0 dell&#8217;incidente era stata da tutti sottovalutata.<br \/>\nA inizio giugno, due giorni prima di fratturarsi tibia e perone durante le prove al Mugello, Rossi aveva accusato Porcellini e il Dottor Claudio Costa di avere sbagliato diagnosi.<br \/>\nAl di l\u00e0\u00a0 della pace successiva tra le parti, Costa ha pi\u00f9 volte fatto capire che era stata precisa indicazione del pilota tenere un basso profilo, sperando in un recupero meno complicato.<br \/>\nLo stesso Costa, in alcune interviste, ha sostenuto che per Rossi era consigliabile una dolorosa convivenza con l&#8217;infortunio, potenziando la muscolatura e senza rischiare una soluzione chirurgica che pu\u00e0 risultare inutile o non risolutiva.<br \/>\n<BR><BR><br \/>\nA giudicare dalle ultime gare e dai primi test (non esaltanti) con la Ducati, la situazione era comunque diventata insostenibile.<br \/>\n<BR><BR><br \/>\nl&#8217;obiettivo \u00e8 rientrare per i test del 2 febbraio in Malesia, quando la Ducati avr\u00e0\u00a0 ritrovato il rosso e, presumibilmente, Valentino sar\u00e0\u00a0 tornato Dottore. Non pi\u00f9 convalescente.<\/p>\n<p style=\"text-align: right;\"><em>Fonte: WEB<\/em><\/p>\n<div class=\"sharedaddy sd-sharing-enabled\"><div class=\"robots-nocontent sd-block sd-social sd-social-icon sd-sharing\"><h3 class=\"sd-title\">Condividi:<\/h3><div class=\"sd-content\"><ul><li class=\"share-facebook\"><a rel=\"nofollow noopener noreferrer\" data-shared=\"sharing-facebook-174\" class=\"share-facebook sd-button share-icon no-text\" href=\"https:\/\/www.2-ruote.com\/IT\/?p=174&amp;share=facebook\" target=\"_blank\" title=\"Fai clic per condividere su Facebook\"><span><\/span><span class=\"sharing-screen-reader-text\">Fai clic per condividere su Facebook (Si apre in una nuova finestra)<\/span><\/a><\/li><li class=\"share-twitter\"><a rel=\"nofollow noopener noreferrer\" data-shared=\"sharing-twitter-174\" class=\"share-twitter sd-button share-icon no-text\" href=\"https:\/\/www.2-ruote.com\/IT\/?p=174&amp;share=twitter\" target=\"_blank\" title=\"Fai clic qui per condividere su Twitter\"><span><\/span><span class=\"sharing-screen-reader-text\">Fai clic qui per condividere su Twitter (Si apre in una nuova finestra)<\/span><\/a><\/li><li class=\"share-pinterest\"><a rel=\"nofollow noopener noreferrer\" data-shared=\"sharing-pinterest-174\" class=\"share-pinterest sd-button share-icon no-text\" href=\"https:\/\/www.2-ruote.com\/IT\/?p=174&amp;share=pinterest\" target=\"_blank\" title=\"Fai clic qui per condividere su Pinterest\"><span><\/span><span class=\"sharing-screen-reader-text\">Fai clic qui per condividere su Pinterest (Si apre in una nuova finestra)<\/span><\/a><\/li><li class=\"share-whatsapp\"><a rel=\"nofollow noopener noreferrer\" data-shared=\"\" class=\"share-whatsapp sd-button share-icon no-text\" href=\"https:\/\/www.2-ruote.com\/IT\/?p=174&amp;share=whatsapp\" target=\"_blank\" title=\"Clicca per condividere su WhatsApp\"><span><\/span><span class=\"sharing-screen-reader-text\">Clicca per condividere su WhatsApp (Si apre in una nuova finestra)<\/span><\/a><\/li><li class=\"share-linkedin\"><a rel=\"nofollow noopener noreferrer\" data-shared=\"sharing-linkedin-174\" class=\"share-linkedin sd-button share-icon no-text\" href=\"https:\/\/www.2-ruote.com\/IT\/?p=174&amp;share=linkedin\" target=\"_blank\" title=\"Fai clic qui per condividere su LinkedIn\"><span><\/span><span class=\"sharing-screen-reader-text\">Fai clic qui per condividere su LinkedIn (Si apre in una nuova finestra)<\/span><\/a><\/li><li class=\"share-tumblr\"><a rel=\"nofollow noopener noreferrer\" data-shared=\"\" class=\"share-tumblr sd-button share-icon no-text\" href=\"https:\/\/www.2-ruote.com\/IT\/?p=174&amp;share=tumblr\" target=\"_blank\" title=\"Fai clic qui per condividere su Tumblr\"><span><\/span><span class=\"sharing-screen-reader-text\">Fai clic qui per condividere su Tumblr (Si apre in una nuova finestra)<\/span><\/a><\/li><li class=\"share-pocket\"><a rel=\"nofollow noopener noreferrer\" data-shared=\"\" class=\"share-pocket sd-button share-icon no-text\" href=\"https:\/\/www.2-ruote.com\/IT\/?p=174&amp;share=pocket\" target=\"_blank\" title=\"Fai clic qui per condividere su Pocket\"><span><\/span><span class=\"sharing-screen-reader-text\">Fai clic qui per condividere su Pocket (Si apre in una nuova finestra)<\/span><\/a><\/li><li class=\"share-reddit\"><a rel=\"nofollow noopener noreferrer\" data-shared=\"\" class=\"share-reddit sd-button share-icon no-text\" href=\"https:\/\/www.2-ruote.com\/IT\/?p=174&amp;share=reddit\" target=\"_blank\" title=\"Fai clic qui per condividere su Reddit\"><span><\/span><span class=\"sharing-screen-reader-text\">Fai clic qui per condividere su Reddit (Si apre in una nuova finestra)<\/span><\/a><\/li><li class=\"share-print\"><a rel=\"nofollow noopener noreferrer\" data-shared=\"\" class=\"share-print sd-button share-icon no-text\" href=\"https:\/\/www.2-ruote.com\/IT\/?p=174\" target=\"_blank\" title=\"Fai clic qui per stampare\"><span><\/span><span class=\"sharing-screen-reader-text\">Fai clic qui per stampare (Si apre in una nuova finestra)<\/span><\/a><\/li><li class=\"share-end\"><\/li><\/ul><\/div><\/div><\/div>","protected":false},"excerpt":{"rendered":"<p>&#8220;&#8221;Meglio tardi che mai&#8221;&#8221; direbbero alcuni. Con un anticipo di un paio di giorni rispetto alle ultime dichiarazioni rilasciate, ma&hellip;<\/p>\n<div class=\"sharedaddy sd-sharing-enabled\"><div class=\"robots-nocontent sd-block sd-social sd-social-icon sd-sharing\"><h3 class=\"sd-title\">Condividi:<\/h3><div class=\"sd-content\"><ul><li class=\"share-facebook\"><a rel=\"nofollow noopener noreferrer\" data-shared=\"sharing-facebook-174\" class=\"share-facebook sd-button share-icon no-text\" href=\"https:\/\/www.2-ruote.com\/IT\/?p=174&amp;share=facebook\" target=\"_blank\" title=\"Fai clic per condividere su Facebook\"><span><\/span><span class=\"sharing-screen-reader-text\">Fai clic per condividere su Facebook (Si apre in una nuova finestra)<\/span><\/a><\/li><li class=\"share-twitter\"><a rel=\"nofollow noopener noreferrer\" data-shared=\"sharing-twitter-174\" class=\"share-twitter sd-button share-icon no-text\" href=\"https:\/\/www.2-ruote.com\/IT\/?p=174&amp;share=twitter\" target=\"_blank\" title=\"Fai clic qui per condividere su Twitter\"><span><\/span><span class=\"sharing-screen-reader-text\">Fai clic qui per condividere su Twitter (Si apre in una nuova finestra)<\/span><\/a><\/li><li class=\"share-pinterest\"><a rel=\"nofollow noopener noreferrer\" data-shared=\"sharing-pinterest-174\" class=\"share-pinterest sd-button share-icon no-text\" href=\"https:\/\/www.2-ruote.com\/IT\/?p=174&amp;share=pinterest\" target=\"_blank\" title=\"Fai clic qui per condividere su Pinterest\"><span><\/span><span class=\"sharing-screen-reader-text\">Fai clic qui per condividere su Pinterest (Si apre in una nuova finestra)<\/span><\/a><\/li><li class=\"share-whatsapp\"><a rel=\"nofollow noopener noreferrer\" data-shared=\"\" class=\"share-whatsapp sd-button share-icon no-text\" href=\"https:\/\/www.2-ruote.com\/IT\/?p=174&amp;share=whatsapp\" target=\"_blank\" title=\"Clicca per condividere su WhatsApp\"><span><\/span><span class=\"sharing-screen-reader-text\">Clicca per condividere su WhatsApp (Si apre in una nuova finestra)<\/span><\/a><\/li><li class=\"share-linkedin\"><a rel=\"nofollow noopener noreferrer\" data-shared=\"sharing-linkedin-174\" class=\"share-linkedin sd-button share-icon no-text\" href=\"https:\/\/www.2-ruote.com\/IT\/?p=174&amp;share=linkedin\" target=\"_blank\" title=\"Fai clic qui per condividere su LinkedIn\"><span><\/span><span class=\"sharing-screen-reader-text\">Fai clic qui per condividere su LinkedIn (Si apre in una nuova finestra)<\/span><\/a><\/li><li class=\"share-tumblr\"><a rel=\"nofollow noopener noreferrer\" data-shared=\"\" class=\"share-tumblr sd-button share-icon no-text\" href=\"https:\/\/www.2-ruote.com\/IT\/?p=174&amp;share=tumblr\" target=\"_blank\" title=\"Fai clic qui per condividere su Tumblr\"><span><\/span><span class=\"sharing-screen-reader-text\">Fai clic qui per condividere su Tumblr (Si apre in una nuova finestra)<\/span><\/a><\/li><li class=\"share-pocket\"><a rel=\"nofollow noopener noreferrer\" data-shared=\"\" class=\"share-pocket sd-button share-icon no-text\" href=\"https:\/\/www.2-ruote.com\/IT\/?p=174&amp;share=pocket\" target=\"_blank\" title=\"Fai clic qui per condividere su Pocket\"><span><\/span><span class=\"sharing-screen-reader-text\">Fai clic qui per condividere su Pocket (Si apre in una nuova finestra)<\/span><\/a><\/li><li class=\"share-reddit\"><a rel=\"nofollow noopener noreferrer\" data-shared=\"\" class=\"share-reddit sd-button share-icon no-text\" href=\"https:\/\/www.2-ruote.com\/IT\/?p=174&amp;share=reddit\" target=\"_blank\" title=\"Fai clic qui per condividere su Reddit\"><span><\/span><span class=\"sharing-screen-reader-text\">Fai clic qui per condividere su Reddit (Si apre in una nuova finestra)<\/span><\/a><\/li><li class=\"share-print\"><a rel=\"nofollow noopener noreferrer\" data-shared=\"\" class=\"share-print sd-button share-icon no-text\" href=\"https:\/\/www.2-ruote.com\/IT\/?p=174\" target=\"_blank\" title=\"Fai clic qui per stampare\"><span><\/span><span class=\"sharing-screen-reader-text\">Fai clic qui per stampare (Si apre in una nuova finestra)<\/span><\/a><\/li><li class=\"share-end\"><\/li><\/ul><\/div><\/div><\/div>","protected":false},"author":1,"featured_media":0,"comment_status":"open","ping_status":"open","sticky":false,"template":"","format":"standard","meta":{"_mi_skip_tracking":false,"_monsterinsights_sitenote_active":false,"_monsterinsights_sitenote_note":"","_monsterinsights_sitenote_category":0,"spay_email":"","jetpack_publicize_message":"","jetpack_is_tweetstorm":false},"categories":[1],"tags":[],"aioseo_notices":[],"jetpack_featured_media_url":"","jetpack_publicize_connections":[],"jetpack_sharing_enabled":true,"jetpack_shortlink":"https:\/\/wp.me\/s6TDfQ-","jetpack-related-posts":[{"id":200,"url":"https:\/\/www.2-ruote.com\/IT\/?p=200","url_meta":{"origin":174,"position":0},"title":"VALENTINO ROSSI PROVA A MISANO CON LA 1198 DUCATI SUPERBIKE","date":"26 Gennaio 2011","format":false,"excerpt":"Settantatre giorni dopo l'operazione alla spalla destra Valentino Rossi \u00e8 tornato in pista sul circuito di Misano Adriatico in sella ad una Ducati 1198 Superbike. Il pilota italiano era stato operato lo scorso 14 novembre presso l'ospedale Cervesi di Cattolica, a due tendini, il sopraspinato e il capolungo, oltre che\u2026","rel":"","context":"In &quot;Ducati Corse&quot;","img":{"alt_text":"","src":"","width":0,"height":0},"classes":[]},{"id":182,"url":"https:\/\/www.2-ruote.com\/IT\/?p=182","url_meta":{"origin":174,"position":1},"title":"Rossi ha tolto 10 punti","date":"30 Novembre 2010","format":false,"excerpt":"Questa mattina a Cattolica, nello studio del Dott. Giuseppe Porcellini, sono stati tolti a Valentino dieci punti di sutura dalla spalla destra infortunata il 15 aprile in allenamento ed operata lo scorso 14 novembre. Tutto sta procedendo secondo i tempi previsti e fra due settimane Rossi potr\u00e0\u00a0 iniziare la rieducazione\u2026","rel":"","context":"In &quot;Tutte le news&quot;","img":{"alt_text":"","src":"","width":0,"height":0},"classes":[]},{"id":238,"url":"https:\/\/www.2-ruote.com\/IT\/?p=238","url_meta":{"origin":174,"position":2},"title":"TERZA FILA PER ROSSI IN QATAR, HAYDEN TREDICESIMO","date":"19 Marzo 2011","format":false,"excerpt":"Valentino Rossi domani partir\u00e0\u00a0 dalla terza fila dello schieramento di partenza del Gran Premio del Qatar mentre il compagno di squadra, Nicky Hayden, dovr\u00e0\u00a0 provare a recuperare dalla quinta, dopo aver commesso un'imperfezione nell'ultimo split del suo giro lanciato che gli ha impedito di migliorare ulteriormente il suo crono. Record\u2026","rel":"","context":"In &quot;Ducati Corse&quot;","img":{"alt_text":"","src":"","width":0,"height":0},"classes":[]},{"id":224,"url":"https:\/\/www.2-ruote.com\/IT\/?p=224","url_meta":{"origin":174,"position":3},"title":"BUONI PROGRESSI PER IL DUCATI MARLBORO TEAM NEL PRIMO GIORNO DI TEST IN QATAR","date":"13 Marzo 2011","format":false,"excerpt":"Con il primo Gran Premio ormai alle porte (20 marzo), il Ducati Marlboro Team oggi \u00e8 tornato in azione per il primo di due giorni di test in Qatar. Valentino Rossi e Nicky Hayden hanno fatto buoni progressi nella messa a punto della GP11 per la pista di Losail, dove\u2026","rel":"","context":"In &quot;Ducati Corse&quot;","img":{"alt_text":"","src":"","width":0,"height":0},"classes":[]},{"id":208,"url":"https:\/\/www.2-ruote.com\/IT\/?p=208","url_meta":{"origin":174,"position":4},"title":"I PILOTI DEL DUCATI MARLBORO TEAM SODDISFATTI DELLA SECONDA GIORNATA DI TEST IN MALESIA","date":"2 Febbraio 2011","format":false,"excerpt":"Anche la seconda giornata dei test MotoGP a Sepang, in Malesia, ha smentito le previsioni di pioggia e i due piloti del Ducati Marlboro Team hanno potuto sfruttare con profitto l'orario di apertura della pista, dalle 10:00 alle 18:00. Valentino Rossi ha chiuso con una ventina di minuti di anticipo,\u2026","rel":"","context":"In &quot;Ducati Corse&quot;","img":{"alt_text":"","src":"","width":0,"height":0},"classes":[]},{"id":204,"url":"https:\/\/www.2-ruote.com\/IT\/?p=204","url_meta":{"origin":174,"position":5},"title":"VALENTINO ROSSI","date":"12 Gennaio 2011","format":false,"excerpt":"Se c'\u00e8 qualcuno nel mondo del motociclismo che non ha bisogno di presentazione, questi \u00e8 Valentino Rossi, uno dei piloti pi\u00f9 popolari e di maggior successo nella storia del campionato. Nove volte Campione del Mondo, \"\"The Doctor\"\" ha all'attivo una lunga lista di record tra cui: quindici anni con almeno\u2026","rel":"","context":"In &quot;Ducati Corse&quot;","img":{"alt_text":"","src":"","width":0,"height":0},"classes":[]}],"jetpack_likes_enabled":true,"_links":{"self":[{"href":"https:\/\/www.2-ruote.com\/IT\/index.php?rest_route=\/wp\/v2\/posts\/174"}],"collection":[{"href":"https:\/\/www.2-ruote.com\/IT\/index.php?rest_route=\/wp\/v2\/posts"}],"about":[{"href":"https:\/\/www.2-ruote.com\/IT\/index.php?rest_route=\/wp\/v2\/types\/post"}],"author":[{"embeddable":true,"href":"https:\/\/www.2-ruote.com\/IT\/index.php?rest_route=\/wp\/v2\/users\/1"}],"replies":[{"embeddable":true,"href":"https:\/\/www.2-ruote.com\/IT\/index.php?rest_route=%2Fwp%2Fv2%2Fcomments&post=174"}],"version-history":[{"count":0,"href":"https:\/\/www.2-ruote.com\/IT\/index.php?rest_route=\/wp\/v2\/posts\/174\/revisions"}],"wp:attachment":[{"href":"https:\/\/www.2-ruote.com\/IT\/index.php?rest_route=%2Fwp%2Fv2%2Fmedia&parent=174"}],"wp:term":[{"taxonomy":"category","embeddable":true,"href":"https:\/\/www.2-ruote.com\/IT\/index.php?rest_route=%2Fwp%2Fv2%2Fcategories&post=174"},{"taxonomy":"post_tag","embeddable":true,"href":"https:\/\/www.2-ruote.com\/IT\/index.php?rest_route=%2Fwp%2Fv2%2Ftags&post=174"}],"curies":[{"name":"wp","href":"https:\/\/api.w.org\/{rel}","templated":true}]}}