{"id":179,"date":"2010-11-19T09:00:00","date_gmt":"2010-11-19T08:00:00","guid":{"rendered":""},"modified":"2010-11-19T08:00:00","modified_gmt":"2010-11-19T09:00:00","slug":"","status":"publish","type":"post","link":"https:\/\/www.2-ruote.com\/IT\/?p=179","title":{"rendered":"Campionato Italiano Velocit\u00e0\u00a0: ufficializzato oggi il calendario R Series Cup 2011"},"content":{"rendered":"<p style=\"\"text-align: justify;\"\">Ufficializzato oggi il Calendario definitivo del Campionato Italiano Velocit\u00e0\u00a0 2011, che ospiter\u00e0\u00a0 al suo interno le 6 prove dell&#8217;R Series Cup. E&#8217; in parte variato rispetto a quello provvisorio annunciato alla fine della stagione 2010.<\/p>\n<p><b>Test generale di presentazione e inaugurazione stagione 2011<\/b><br \/>\n20 marzo, Misano Adriatico<\/p>\n<p><b>Yamaha R Series Cup 2011<\/b><br \/>\n<br \/>10 aprile, Misano, round 1<br \/>\n<br \/>1 maggio, Monza, round 2<br \/>\n<br \/>26 giugno, Misano, round 3<br \/>\n<br \/>24 luglio, Mugello, round 4<br \/>\n<br \/>11 settembre, Vallelunga, round 5<br \/>\n<br \/>23 ottobre, Mugello, round 6<\/p>\n<p style=\"text-align: right;\"><em>Fonte: Yamaha Press<\/em><\/p>\n<div class=\"sharedaddy sd-sharing-enabled\"><div class=\"robots-nocontent sd-block sd-social sd-social-icon sd-sharing\"><h3 class=\"sd-title\">Condividi:<\/h3><div class=\"sd-content\"><ul><li class=\"share-facebook\"><a rel=\"nofollow noopener noreferrer\" data-shared=\"sharing-facebook-179\" class=\"share-facebook sd-button share-icon no-text\" href=\"https:\/\/www.2-ruote.com\/IT\/?p=179&amp;share=facebook\" target=\"_blank\" title=\"Fai clic per condividere su Facebook\"><span><\/span><span class=\"sharing-screen-reader-text\">Fai clic per condividere su Facebook (Si apre in una nuova finestra)<\/span><\/a><\/li><li class=\"share-twitter\"><a rel=\"nofollow noopener noreferrer\" data-shared=\"sharing-twitter-179\" class=\"share-twitter sd-button share-icon no-text\" href=\"https:\/\/www.2-ruote.com\/IT\/?p=179&amp;share=twitter\" target=\"_blank\" title=\"Fai clic qui per condividere su Twitter\"><span><\/span><span class=\"sharing-screen-reader-text\">Fai clic qui per condividere su Twitter (Si apre in una nuova finestra)<\/span><\/a><\/li><li class=\"share-pinterest\"><a rel=\"nofollow noopener noreferrer\" data-shared=\"sharing-pinterest-179\" class=\"share-pinterest sd-button share-icon no-text\" href=\"https:\/\/www.2-ruote.com\/IT\/?p=179&amp;share=pinterest\" target=\"_blank\" title=\"Fai clic qui per condividere su Pinterest\"><span><\/span><span class=\"sharing-screen-reader-text\">Fai clic qui per condividere su Pinterest (Si apre in una nuova finestra)<\/span><\/a><\/li><li class=\"share-whatsapp\"><a rel=\"nofollow noopener noreferrer\" data-shared=\"\" class=\"share-whatsapp sd-button share-icon no-text\" href=\"https:\/\/www.2-ruote.com\/IT\/?p=179&amp;share=whatsapp\" target=\"_blank\" title=\"Clicca per condividere su WhatsApp\"><span><\/span><span class=\"sharing-screen-reader-text\">Clicca per condividere su WhatsApp (Si apre in una nuova finestra)<\/span><\/a><\/li><li class=\"share-linkedin\"><a rel=\"nofollow noopener noreferrer\" data-shared=\"sharing-linkedin-179\" class=\"share-linkedin sd-button share-icon no-text\" href=\"https:\/\/www.2-ruote.com\/IT\/?p=179&amp;share=linkedin\" target=\"_blank\" title=\"Fai clic qui per condividere su LinkedIn\"><span><\/span><span class=\"sharing-screen-reader-text\">Fai clic qui per condividere su LinkedIn (Si apre in una nuova finestra)<\/span><\/a><\/li><li class=\"share-tumblr\"><a rel=\"nofollow noopener noreferrer\" data-shared=\"\" class=\"share-tumblr sd-button share-icon no-text\" href=\"https:\/\/www.2-ruote.com\/IT\/?p=179&amp;share=tumblr\" target=\"_blank\" title=\"Fai clic qui per condividere su Tumblr\"><span><\/span><span class=\"sharing-screen-reader-text\">Fai clic qui per condividere su Tumblr (Si apre in una nuova finestra)<\/span><\/a><\/li><li class=\"share-pocket\"><a rel=\"nofollow noopener noreferrer\" data-shared=\"\" class=\"share-pocket sd-button share-icon no-text\" href=\"https:\/\/www.2-ruote.com\/IT\/?p=179&amp;share=pocket\" target=\"_blank\" title=\"Fai clic qui per condividere su Pocket\"><span><\/span><span class=\"sharing-screen-reader-text\">Fai clic qui per condividere su Pocket (Si apre in una nuova finestra)<\/span><\/a><\/li><li class=\"share-reddit\"><a rel=\"nofollow noopener noreferrer\" data-shared=\"\" class=\"share-reddit sd-button share-icon no-text\" href=\"https:\/\/www.2-ruote.com\/IT\/?p=179&amp;share=reddit\" target=\"_blank\" title=\"Fai clic qui per condividere su Reddit\"><span><\/span><span class=\"sharing-screen-reader-text\">Fai clic qui per condividere su Reddit (Si apre in una nuova finestra)<\/span><\/a><\/li><li class=\"share-print\"><a rel=\"nofollow noopener noreferrer\" data-shared=\"\" class=\"share-print sd-button share-icon no-text\" href=\"https:\/\/www.2-ruote.com\/IT\/?p=179\" target=\"_blank\" title=\"Fai clic qui per stampare\"><span><\/span><span class=\"sharing-screen-reader-text\">Fai clic qui per stampare (Si apre in una nuova finestra)<\/span><\/a><\/li><li class=\"share-end\"><\/li><\/ul><\/div><\/div><\/div>","protected":false},"excerpt":{"rendered":"<p>Ufficializzato oggi il Calendario definitivo del Campionato Italiano Velocit\u00e0\u00a0 2011, che ospiter\u00e0\u00a0 al suo interno le 6 prove dell&#8217;R Series&hellip;<\/p>\n<div class=\"sharedaddy sd-sharing-enabled\"><div class=\"robots-nocontent sd-block sd-social sd-social-icon sd-sharing\"><h3 class=\"sd-title\">Condividi:<\/h3><div class=\"sd-content\"><ul><li class=\"share-facebook\"><a rel=\"nofollow noopener noreferrer\" data-shared=\"sharing-facebook-179\" class=\"share-facebook sd-button share-icon no-text\" href=\"https:\/\/www.2-ruote.com\/IT\/?p=179&amp;share=facebook\" target=\"_blank\" title=\"Fai clic per condividere su Facebook\"><span><\/span><span class=\"sharing-screen-reader-text\">Fai clic per condividere su Facebook (Si apre in una nuova finestra)<\/span><\/a><\/li><li class=\"share-twitter\"><a rel=\"nofollow noopener noreferrer\" data-shared=\"sharing-twitter-179\" class=\"share-twitter sd-button share-icon no-text\" href=\"https:\/\/www.2-ruote.com\/IT\/?p=179&amp;share=twitter\" target=\"_blank\" title=\"Fai clic qui per condividere su Twitter\"><span><\/span><span class=\"sharing-screen-reader-text\">Fai clic qui per condividere su Twitter (Si apre in una nuova finestra)<\/span><\/a><\/li><li class=\"share-pinterest\"><a rel=\"nofollow noopener noreferrer\" data-shared=\"sharing-pinterest-179\" class=\"share-pinterest sd-button share-icon no-text\" href=\"https:\/\/www.2-ruote.com\/IT\/?p=179&amp;share=pinterest\" target=\"_blank\" title=\"Fai clic qui per condividere su Pinterest\"><span><\/span><span class=\"sharing-screen-reader-text\">Fai clic qui per condividere su Pinterest (Si apre in una nuova finestra)<\/span><\/a><\/li><li class=\"share-whatsapp\"><a rel=\"nofollow noopener noreferrer\" data-shared=\"\" class=\"share-whatsapp sd-button share-icon no-text\" href=\"https:\/\/www.2-ruote.com\/IT\/?p=179&amp;share=whatsapp\" target=\"_blank\" title=\"Clicca per condividere su WhatsApp\"><span><\/span><span class=\"sharing-screen-reader-text\">Clicca per condividere su WhatsApp (Si apre in una nuova finestra)<\/span><\/a><\/li><li class=\"share-linkedin\"><a rel=\"nofollow noopener noreferrer\" data-shared=\"sharing-linkedin-179\" class=\"share-linkedin sd-button share-icon no-text\" href=\"https:\/\/www.2-ruote.com\/IT\/?p=179&amp;share=linkedin\" target=\"_blank\" title=\"Fai clic qui per condividere su LinkedIn\"><span><\/span><span class=\"sharing-screen-reader-text\">Fai clic qui per condividere su LinkedIn (Si apre in una nuova finestra)<\/span><\/a><\/li><li class=\"share-tumblr\"><a rel=\"nofollow noopener noreferrer\" data-shared=\"\" class=\"share-tumblr sd-button share-icon no-text\" href=\"https:\/\/www.2-ruote.com\/IT\/?p=179&amp;share=tumblr\" target=\"_blank\" title=\"Fai clic qui per condividere su Tumblr\"><span><\/span><span class=\"sharing-screen-reader-text\">Fai clic qui per condividere su Tumblr (Si apre in una nuova finestra)<\/span><\/a><\/li><li class=\"share-pocket\"><a rel=\"nofollow noopener noreferrer\" data-shared=\"\" class=\"share-pocket sd-button share-icon no-text\" href=\"https:\/\/www.2-ruote.com\/IT\/?p=179&amp;share=pocket\" target=\"_blank\" title=\"Fai clic qui per condividere su Pocket\"><span><\/span><span class=\"sharing-screen-reader-text\">Fai clic qui per condividere su Pocket (Si apre in una nuova finestra)<\/span><\/a><\/li><li class=\"share-reddit\"><a rel=\"nofollow noopener noreferrer\" data-shared=\"\" class=\"share-reddit sd-button share-icon no-text\" href=\"https:\/\/www.2-ruote.com\/IT\/?p=179&amp;share=reddit\" target=\"_blank\" title=\"Fai clic qui per condividere su Reddit\"><span><\/span><span class=\"sharing-screen-reader-text\">Fai clic qui per condividere su Reddit (Si apre in una nuova finestra)<\/span><\/a><\/li><li class=\"share-print\"><a rel=\"nofollow noopener noreferrer\" data-shared=\"\" class=\"share-print sd-button share-icon no-text\" href=\"https:\/\/www.2-ruote.com\/IT\/?p=179\" target=\"_blank\" title=\"Fai clic qui per stampare\"><span><\/span><span class=\"sharing-screen-reader-text\">Fai clic qui per stampare (Si apre in una nuova finestra)<\/span><\/a><\/li><li class=\"share-end\"><\/li><\/ul><\/div><\/div><\/div>","protected":false},"author":1,"featured_media":0,"comment_status":"open","ping_status":"open","sticky":false,"template":"","format":"standard","meta":{"_mi_skip_tracking":false,"_monsterinsights_sitenote_active":false,"_monsterinsights_sitenote_note":"","_monsterinsights_sitenote_category":0,"spay_email":"","jetpack_publicize_message":"","jetpack_is_tweetstorm":false},"categories":[1,13],"tags":[],"aioseo_notices":[],"jetpack_featured_media_url":"","jetpack_publicize_connections":[],"jetpack_sharing_enabled":true,"jetpack_shortlink":"https:\/\/wp.me\/s6TDfQ-","jetpack-related-posts":[{"id":233,"url":"https:\/\/www.2-ruote.com\/IT\/?p=233","url_meta":{"origin":179,"position":0},"title":"R SERIES CUP 2011: YAMAHA PORTA IN PISTA LA PASSIONE","date":"18 Marzo 2011","format":false,"excerpt":"Misano Adriatico (RN) 18 marzo 2011 a Con la presentazione ufficiale tenutasi oggi presso il circuito di Misano Adriatico (RN) ha preso il via la stagione 2011 di Yamaha R Series Cup, il campionato monomarca dedicato alle supersportive di Iwata YZF-R1 ed YZF-R6, che si conferma anche per quest'anno l'unica\u2026","rel":"","context":"In &quot;Tutte le news&quot;","img":{"alt_text":"","src":"","width":0,"height":0},"classes":[]},{"id":265,"url":"https:\/\/www.2-ruote.com\/IT\/?p=265","url_meta":{"origin":179,"position":1},"title":"LO SPETTACOLO YAMAHA R SERIES CUP 2011 PARTE DA MISANO","date":"8 Aprile 2011","format":false,"excerpt":"Le prove libere in programma oggi a Misano Adriatico danno ufficialmente il via alla nuova stagione di Yamaha R Series Cup, il campionato monomarca dedicato alle supersportive di Iwata YZF-R1 ed YZF-R6, unica competizione motociclistica ad essere ospitata all'interno del Campionato Italiano Velocit\u00e0\u00a0. I quasi ottanta piloti iscritti daranno fin\u2026","rel":"","context":"In &quot;Tutte le news&quot;","img":{"alt_text":"","src":"","width":0,"height":0},"classes":[]},{"id":135,"url":"https:\/\/www.2-ruote.com\/IT\/?p=135","url_meta":{"origin":179,"position":2},"title":"YAMAHA R SERIES CUP 2010 ALLA RESA DEI CONTI","date":"13 Ottobre 2010","format":false,"excerpt":"Non poteva esserci epilogo migliore quest'anno per Yamaha R Series Cup, il campionato monomarca pi\u00f9 competitivo del mondo. Sar\u00e0\u00a0 il Mugello, scenario da MotoGP, ad eleggere infatti i campionissimi 2010 con il sesto e ultimo round in programma nel prossimo weekend. Si contendono la R6 Metzeler Cup Riccardo Russo, Andrea\u2026","rel":"","context":"In &quot;Tutte le news&quot;","img":{"alt_text":"","src":"","width":0,"height":0},"classes":[]},{"id":133,"url":"https:\/\/www.2-ruote.com\/IT\/?p=133","url_meta":{"origin":179,"position":3},"title":"RICCARDO RUSSO BABY CAMPIONE YAMAHA R SERIES CUP 2010","date":"17 Ottobre 2010","format":false,"excerpt":"Riccardo Russo, 18 anni appena compiuti, \u00e8 il nuovo campione Yamaha R6 Metzeler Cup. La classe 600 del campionato monomarca pi\u00f9 competitivo del mondo si \u00e8 decisa anche stavolta all'ultima curva, confermandosi trampolino di lancio ideale per i talenti. Russo (concessionaria Viscardo Motors) che nel 2011 correr\u00e0\u00a0 il campionato europeo\u2026","rel":"","context":"In &quot;Tutte le news&quot;","img":{"alt_text":"","src":"","width":0,"height":0},"classes":[]},{"id":136,"url":"https:\/\/www.2-ruote.com\/IT\/?p=136","url_meta":{"origin":179,"position":4},"title":"YAMAHA R SERIES CUP CONFERMA LA PARTNERSHIP ESCLUSIVA CON IL CIV ANCHE PER IL 2011","date":"12 Ottobre 2010","format":false,"excerpt":"La prova in programma il prossimo weekend sul circuito del Mugello chiuder\u00e0\u00a0 ufficialmente la spettacolare stagione 2010 di Yamaha R Series Cup, ma il Campionato monomarca dedicato alle supersportive Yamaha R1 ed R6 non si ferma e gi\u00e0\u00a0 si proietta verso il 2011 con importanti conferme organizzative accompagnate da alcune\u2026","rel":"","context":"In &quot;Tutte le news&quot;","img":{"alt_text":"","src":"","width":0,"height":0},"classes":[]},{"id":322,"url":"https:\/\/www.2-ruote.com\/IT\/?p=322","url_meta":{"origin":179,"position":5},"title":"YAMAHA R SERIES CUP 2011","date":"23 Giugno 2011","format":false,"excerpt":"Si riparte! A quasi due mesi di distanza dalla gara di Monza, Yamaha R Series Cup 2011 torna in pista sul tracciato di Misano Adriatico per la terza prova stagionale. E proprio con le gare in programma domenica 26 giugno, in concomitanza con il doppio turno del CIV, il monomarca\u2026","rel":"","context":"In &quot;Tutte le news&quot;","img":{"alt_text":"","src":"","width":0,"height":0},"classes":[]}],"jetpack_likes_enabled":true,"_links":{"self":[{"href":"https:\/\/www.2-ruote.com\/IT\/index.php?rest_route=\/wp\/v2\/posts\/179"}],"collection":[{"href":"https:\/\/www.2-ruote.com\/IT\/index.php?rest_route=\/wp\/v2\/posts"}],"about":[{"href":"https:\/\/www.2-ruote.com\/IT\/index.php?rest_route=\/wp\/v2\/types\/post"}],"author":[{"embeddable":true,"href":"https:\/\/www.2-ruote.com\/IT\/index.php?rest_route=\/wp\/v2\/users\/1"}],"replies":[{"embeddable":true,"href":"https:\/\/www.2-ruote.com\/IT\/index.php?rest_route=%2Fwp%2Fv2%2Fcomments&post=179"}],"version-history":[{"count":0,"href":"https:\/\/www.2-ruote.com\/IT\/index.php?rest_route=\/wp\/v2\/posts\/179\/revisions"}],"wp:attachment":[{"href":"https:\/\/www.2-ruote.com\/IT\/index.php?rest_route=%2Fwp%2Fv2%2Fmedia&parent=179"}],"wp:term":[{"taxonomy":"category","embeddable":true,"href":"https:\/\/www.2-ruote.com\/IT\/index.php?rest_route=%2Fwp%2Fv2%2Fcategories&post=179"},{"taxonomy":"post_tag","embeddable":true,"href":"https:\/\/www.2-ruote.com\/IT\/index.php?rest_route=%2Fwp%2Fv2%2Ftags&post=179"}],"curies":[{"name":"wp","href":"https:\/\/api.w.org\/{rel}","templated":true}]}}