{"id":188,"date":"2010-12-17T09:00:00","date_gmt":"2010-12-17T08:00:00","guid":{"rendered":""},"modified":"2010-12-17T08:00:00","modified_gmt":"2010-12-17T09:00:00","slug":"","status":"publish","type":"post","link":"https:\/\/www.2-ruote.com\/IT\/?p=188","title":{"rendered":"Domani la &#8220;&#8221;festa del donatore di sangue&#8221;&#8221;"},"content":{"rendered":"<p style=\"\"text-align: justify;\"\">Domani \u00e8 la Festa del Donatore di Sangue,  appuntamento che vede protagonisti l&#8217;Autodromo Internazionale del Mugello e il Centro Trasfusionale dell&#8217;Ospedale di Borgo San Lorenzo per sostenere la donazione di sangue. La Direzione dell&#8217;Autodromo, gi\u00e0\u00a0 esperta nelle campagne di sensibilizzazione sociale come quella sulla sicurezza stradale, e il personale del Centro Trasfusionale dell&#8217;Ospedale di Borgo San Lorenzo, hanno infatti pensato di unire gli sforzi, mettendo insieme la grande visibilit\u00e0\u00a0 dell&#8217;impianto mugellano e il supporto tecnico sanitario e organizzativo della Struttura Trasfusionale, per aumentare la sensibilizzazione e fornire informazioni sulla Donazione di Sangue mediante l&#8217;organizzazione di eventi.<br \/>\n<BR><\/p>\n<p>Nel corso della mattinata, che vedr\u00e0\u00a0 l&#8217;impianto sportivo aperto alle visite da parte dei Donatori e dei loro familiari a partire dalle 10, saranno presentate l&#8217;attivit\u00e0\u00a0 del Centro Trasfusionale e alcune testimonianze di sportivi nella splendida cornice della sal stampa del circuito: titolo della giornata &#8220;&#8221;La passione rossa ci guida&#8221;&#8221;.<br \/>\n<BR><\/p>\n<p>pi\u00f9 sangue donato e meno sangue sulle strade, questo l&#8217;obiettivo di Autodromo e Centro Trasfusionale che sostengono gli stili di vita sani, nello sport come nella vita di tutti giorni e che vogliono incrementare la conoscenza e la visibilit\u00e0\u00a0 di attivit\u00e0\u00a0 meritevoli ed estremamente importanti per la salute pubblica, delle quali si parla sempre troppo poco.<br \/>\n<BR><br \/>\nE&#8217; anche prevista la straordinaria partecipazione dei musici e dei bandierai di Castel San Barnaba. <BR><br \/>\nScarpertia, 17 dicembre 2010\n<\/p>\n<p style=\"text-align: right;\"><em>Fonte: Sala Stampa Mugello<\/em><\/p>\n<div class=\"sharedaddy sd-sharing-enabled\"><div class=\"robots-nocontent sd-block sd-social sd-social-icon sd-sharing\"><h3 class=\"sd-title\">Condividi:<\/h3><div class=\"sd-content\"><ul><li class=\"share-facebook\"><a rel=\"nofollow noopener noreferrer\" data-shared=\"sharing-facebook-188\" class=\"share-facebook sd-button share-icon no-text\" href=\"https:\/\/www.2-ruote.com\/IT\/?p=188&amp;share=facebook\" target=\"_blank\" title=\"Fai clic per condividere su Facebook\"><span><\/span><span class=\"sharing-screen-reader-text\">Fai clic per condividere su Facebook (Si apre in una nuova finestra)<\/span><\/a><\/li><li class=\"share-twitter\"><a rel=\"nofollow noopener noreferrer\" data-shared=\"sharing-twitter-188\" class=\"share-twitter sd-button share-icon no-text\" href=\"https:\/\/www.2-ruote.com\/IT\/?p=188&amp;share=twitter\" target=\"_blank\" title=\"Fai clic qui per condividere su Twitter\"><span><\/span><span class=\"sharing-screen-reader-text\">Fai clic qui per condividere su Twitter (Si apre in una nuova finestra)<\/span><\/a><\/li><li class=\"share-pinterest\"><a rel=\"nofollow noopener noreferrer\" data-shared=\"sharing-pinterest-188\" class=\"share-pinterest sd-button share-icon no-text\" href=\"https:\/\/www.2-ruote.com\/IT\/?p=188&amp;share=pinterest\" target=\"_blank\" title=\"Fai clic qui per condividere su Pinterest\"><span><\/span><span class=\"sharing-screen-reader-text\">Fai clic qui per condividere su Pinterest (Si apre in una nuova finestra)<\/span><\/a><\/li><li class=\"share-whatsapp\"><a rel=\"nofollow noopener noreferrer\" data-shared=\"\" class=\"share-whatsapp sd-button share-icon no-text\" href=\"https:\/\/www.2-ruote.com\/IT\/?p=188&amp;share=whatsapp\" target=\"_blank\" title=\"Clicca per condividere su WhatsApp\"><span><\/span><span class=\"sharing-screen-reader-text\">Clicca per condividere su WhatsApp (Si apre in una nuova finestra)<\/span><\/a><\/li><li class=\"share-linkedin\"><a rel=\"nofollow noopener noreferrer\" data-shared=\"sharing-linkedin-188\" class=\"share-linkedin sd-button share-icon no-text\" href=\"https:\/\/www.2-ruote.com\/IT\/?p=188&amp;share=linkedin\" target=\"_blank\" title=\"Fai clic qui per condividere su LinkedIn\"><span><\/span><span class=\"sharing-screen-reader-text\">Fai clic qui per condividere su LinkedIn (Si apre in una nuova finestra)<\/span><\/a><\/li><li class=\"share-tumblr\"><a rel=\"nofollow noopener noreferrer\" data-shared=\"\" class=\"share-tumblr sd-button share-icon no-text\" href=\"https:\/\/www.2-ruote.com\/IT\/?p=188&amp;share=tumblr\" target=\"_blank\" title=\"Fai clic qui per condividere su Tumblr\"><span><\/span><span class=\"sharing-screen-reader-text\">Fai clic qui per condividere su Tumblr (Si apre in una nuova finestra)<\/span><\/a><\/li><li class=\"share-pocket\"><a rel=\"nofollow noopener noreferrer\" data-shared=\"\" class=\"share-pocket sd-button share-icon no-text\" href=\"https:\/\/www.2-ruote.com\/IT\/?p=188&amp;share=pocket\" target=\"_blank\" title=\"Fai clic qui per condividere su Pocket\"><span><\/span><span class=\"sharing-screen-reader-text\">Fai clic qui per condividere su Pocket (Si apre in una nuova finestra)<\/span><\/a><\/li><li class=\"share-reddit\"><a rel=\"nofollow noopener noreferrer\" data-shared=\"\" class=\"share-reddit sd-button share-icon no-text\" href=\"https:\/\/www.2-ruote.com\/IT\/?p=188&amp;share=reddit\" target=\"_blank\" title=\"Fai clic qui per condividere su Reddit\"><span><\/span><span class=\"sharing-screen-reader-text\">Fai clic qui per condividere su Reddit (Si apre in una nuova finestra)<\/span><\/a><\/li><li class=\"share-print\"><a rel=\"nofollow noopener noreferrer\" data-shared=\"\" class=\"share-print sd-button share-icon no-text\" href=\"https:\/\/www.2-ruote.com\/IT\/?p=188\" target=\"_blank\" title=\"Fai clic qui per stampare\"><span><\/span><span class=\"sharing-screen-reader-text\">Fai clic qui per stampare (Si apre in una nuova finestra)<\/span><\/a><\/li><li class=\"share-end\"><\/li><\/ul><\/div><\/div><\/div>","protected":false},"excerpt":{"rendered":"<p>Domani \u00e8 la Festa del Donatore di Sangue, appuntamento che vede protagonisti l&#8217;Autodromo Internazionale del Mugello e il Centro Trasfusionale&hellip;<\/p>\n<div class=\"sharedaddy sd-sharing-enabled\"><div class=\"robots-nocontent sd-block sd-social sd-social-icon sd-sharing\"><h3 class=\"sd-title\">Condividi:<\/h3><div class=\"sd-content\"><ul><li class=\"share-facebook\"><a rel=\"nofollow noopener noreferrer\" data-shared=\"sharing-facebook-188\" class=\"share-facebook sd-button share-icon no-text\" href=\"https:\/\/www.2-ruote.com\/IT\/?p=188&amp;share=facebook\" target=\"_blank\" title=\"Fai clic per condividere su Facebook\"><span><\/span><span class=\"sharing-screen-reader-text\">Fai clic per condividere su Facebook (Si apre in una nuova finestra)<\/span><\/a><\/li><li class=\"share-twitter\"><a rel=\"nofollow noopener noreferrer\" data-shared=\"sharing-twitter-188\" class=\"share-twitter sd-button share-icon no-text\" href=\"https:\/\/www.2-ruote.com\/IT\/?p=188&amp;share=twitter\" target=\"_blank\" title=\"Fai clic qui per condividere su Twitter\"><span><\/span><span class=\"sharing-screen-reader-text\">Fai clic qui per condividere su Twitter (Si apre in una nuova finestra)<\/span><\/a><\/li><li class=\"share-pinterest\"><a rel=\"nofollow noopener noreferrer\" data-shared=\"sharing-pinterest-188\" class=\"share-pinterest sd-button share-icon no-text\" href=\"https:\/\/www.2-ruote.com\/IT\/?p=188&amp;share=pinterest\" target=\"_blank\" title=\"Fai clic qui per condividere su Pinterest\"><span><\/span><span class=\"sharing-screen-reader-text\">Fai clic qui per condividere su Pinterest (Si apre in una nuova finestra)<\/span><\/a><\/li><li class=\"share-whatsapp\"><a rel=\"nofollow noopener noreferrer\" data-shared=\"\" class=\"share-whatsapp sd-button share-icon no-text\" href=\"https:\/\/www.2-ruote.com\/IT\/?p=188&amp;share=whatsapp\" target=\"_blank\" title=\"Clicca per condividere su WhatsApp\"><span><\/span><span class=\"sharing-screen-reader-text\">Clicca per condividere su WhatsApp (Si apre in una nuova finestra)<\/span><\/a><\/li><li class=\"share-linkedin\"><a rel=\"nofollow noopener noreferrer\" data-shared=\"sharing-linkedin-188\" class=\"share-linkedin sd-button share-icon no-text\" href=\"https:\/\/www.2-ruote.com\/IT\/?p=188&amp;share=linkedin\" target=\"_blank\" title=\"Fai clic qui per condividere su LinkedIn\"><span><\/span><span class=\"sharing-screen-reader-text\">Fai clic qui per condividere su LinkedIn (Si apre in una nuova finestra)<\/span><\/a><\/li><li class=\"share-tumblr\"><a rel=\"nofollow noopener noreferrer\" data-shared=\"\" class=\"share-tumblr sd-button share-icon no-text\" href=\"https:\/\/www.2-ruote.com\/IT\/?p=188&amp;share=tumblr\" target=\"_blank\" title=\"Fai clic qui per condividere su Tumblr\"><span><\/span><span class=\"sharing-screen-reader-text\">Fai clic qui per condividere su Tumblr (Si apre in una nuova finestra)<\/span><\/a><\/li><li class=\"share-pocket\"><a rel=\"nofollow noopener noreferrer\" data-shared=\"\" class=\"share-pocket sd-button share-icon no-text\" href=\"https:\/\/www.2-ruote.com\/IT\/?p=188&amp;share=pocket\" target=\"_blank\" title=\"Fai clic qui per condividere su Pocket\"><span><\/span><span class=\"sharing-screen-reader-text\">Fai clic qui per condividere su Pocket (Si apre in una nuova finestra)<\/span><\/a><\/li><li class=\"share-reddit\"><a rel=\"nofollow noopener noreferrer\" data-shared=\"\" class=\"share-reddit sd-button share-icon no-text\" href=\"https:\/\/www.2-ruote.com\/IT\/?p=188&amp;share=reddit\" target=\"_blank\" title=\"Fai clic qui per condividere su Reddit\"><span><\/span><span class=\"sharing-screen-reader-text\">Fai clic qui per condividere su Reddit (Si apre in una nuova finestra)<\/span><\/a><\/li><li class=\"share-print\"><a rel=\"nofollow noopener noreferrer\" data-shared=\"\" class=\"share-print sd-button share-icon no-text\" href=\"https:\/\/www.2-ruote.com\/IT\/?p=188\" target=\"_blank\" title=\"Fai clic qui per stampare\"><span><\/span><span class=\"sharing-screen-reader-text\">Fai clic qui per stampare (Si apre in una nuova finestra)<\/span><\/a><\/li><li class=\"share-end\"><\/li><\/ul><\/div><\/div><\/div>","protected":false},"author":1,"featured_media":0,"comment_status":"open","ping_status":"open","sticky":false,"template":"","format":"standard","meta":{"_mi_skip_tracking":false,"_monsterinsights_sitenote_active":false,"_monsterinsights_sitenote_note":"","_monsterinsights_sitenote_category":0,"spay_email":"","jetpack_publicize_message":"","jetpack_is_tweetstorm":false},"categories":[1],"tags":[],"aioseo_notices":[],"jetpack_featured_media_url":"","jetpack_publicize_connections":[],"jetpack_sharing_enabled":true,"jetpack_shortlink":"https:\/\/wp.me\/s6TDfQ-","jetpack-related-posts":[{"id":222,"url":"https:\/\/www.2-ruote.com\/IT\/?p=222","url_meta":{"origin":188,"position":0},"title":"Sabato 12 marzo la festa dei donatori di sangue del Mugello","date":"8 Marzo 2011","format":false,"excerpt":"Sabato 12 marzo \u00e8 festa per i Donatori di sangue del Mugello. Prossimi alla primavera, il Centro Trasfusionale dell'Ospedale di Borgo San Lorenzo e l'Autodromo Internazionale del Mugello sperano di non essere di nuovo accompagnati dalla neve. La Festa del Donatore infatti si sarebbe dovuta tenere lo scorso 18 dicembre,\u2026","rel":"","context":"In &quot;Tutte le news&quot;","img":{"alt_text":"","src":"","width":0,"height":0},"classes":[]},{"id":314,"url":"https:\/\/www.2-ruote.com\/IT\/?p=314","url_meta":{"origin":188,"position":1},"title":"DOMANI \u00e2\u20ac\u02dcMUGELLO NEL CUORE'","date":"17 Giugno 2011","format":false,"excerpt":"Da quasi tre anni nel Mugello si sta sperimentando un modello di razionalizzazione del percorso clinico terapeutico del cittadino malato di cuore. Il progetto Mugello nel cuore promosso dal Dipartimento di Cardiologia della ASF e dalla Cardiologia dell'Ospedale del Mugello, ha spunti innovativi e vede la partecipazione di tutte le\u2026","rel":"","context":"In &quot;Tutte le news&quot;","img":{"alt_text":"","src":"","width":0,"height":0},"classes":[]},{"id":186,"url":"https:\/\/www.2-ruote.com\/IT\/?p=186","url_meta":{"origin":188,"position":2},"title":"UNIVERSITA' PROTAGONISTA DOMANI ALL'AUTODROMO","date":"9 Dicembre 2010","format":false,"excerpt":"L'impianto sportivo \u00e8 l'Autodromo Internazionale del Mugello dove venerd\u00ec 10 dicembre 20 studenti del Corso di Laurea in Infermieristica discuteranno la tesi di laurea. Il Preside della Facolt\u00e0\u00a0 di Medicina e Chirurgia dell' Universit\u00e0\u00a0 degli Studi di Firenze, Prof. Gian Franco Gensini, e il Presidente del Corso di Laurea in\u2026","rel":"","context":"In &quot;Tutte le news&quot;","img":{"alt_text":"","src":"","width":0,"height":0},"classes":[]},{"id":244,"url":"https:\/\/www.2-ruote.com\/IT\/?p=244","url_meta":{"origin":188,"position":3},"title":"Domani all'Autodromo del Mugello il Sara Safe Factor 2011, progetto formativo per parlare ai giovani di sicurezza stradale e guida consapevole","date":"23 Marzo 2011","format":false,"excerpt":"Fa tappa domani all'Autodromo del Mugello, il Sara Safe Factor 2011, il tour dedicato agli studenti dell'ultimo anno delle scuole medie superiori che Sara Assicurazioni, in collaborazione con ACI Sport, mette in pista da sette anni per sollecitare i giovani a una guida pi\u00f9 sicura e consapevole. Un progetto formativo\u2026","rel":"","context":"In &quot;Tutte le news&quot;","img":{"alt_text":"","src":"","width":0,"height":0},"classes":[]},{"id":266,"url":"https:\/\/www.2-ruote.com\/IT\/?p=266","url_meta":{"origin":188,"position":4},"title":"Due ruote un po'' speciali\u00e2\u20ac\u00a6 Al Mugello. Piccoli ciclisti corrono in tutta sicurezza","date":"7 Aprile 2011","format":false,"excerpt":"In sella alla bici, e via pedalare. Piccoli ciclisti corrono, e crescono, in Mugello, e chiss\u00e0\u00a0 se un giorno saranno famosi, proprio come quei campioni del ciclismo per cui fanno il tifo. Intanto, si allenano, divertendosi. E in tutta sicurezza all'Autodromo Internazionale del Mugello. E' stato infatti raggiunto un accordo\u2026","rel":"","context":"In &quot;Tutte le news&quot;","img":{"alt_text":"","src":"","width":0,"height":0},"classes":[]},{"id":1505,"url":"https:\/\/www.2-ruote.com\/IT\/?p=1505","url_meta":{"origin":188,"position":5},"title":"CERIMONIA PER LA LAUREA IN INFERMIERISTICA AL MUGELLO","date":"2 Dicembre 2015","format":false,"excerpt":"All'Autodromo Internazionale del Mugello domani 26 studenti del Corso di Laurea in Infermieristica discuteranno la tesi. Il Magnifico Rettore dell'Universit\u00e0 degli Studi di Firenze di Firenze, \u00a0Prof. Luigi Dei \u00a0ed il Presidente del Corso di Laurea in Infermieristica Prof. Niccol\u00f2 Taddei proclameranno Dottori i neolaureati in Infermieristica. Il circuito toscano,\u2026","rel":"","context":"In &quot;Tutte le news&quot;","img":{"alt_text":"","src":"","width":0,"height":0},"classes":[]}],"jetpack_likes_enabled":true,"_links":{"self":[{"href":"https:\/\/www.2-ruote.com\/IT\/index.php?rest_route=\/wp\/v2\/posts\/188"}],"collection":[{"href":"https:\/\/www.2-ruote.com\/IT\/index.php?rest_route=\/wp\/v2\/posts"}],"about":[{"href":"https:\/\/www.2-ruote.com\/IT\/index.php?rest_route=\/wp\/v2\/types\/post"}],"author":[{"embeddable":true,"href":"https:\/\/www.2-ruote.com\/IT\/index.php?rest_route=\/wp\/v2\/users\/1"}],"replies":[{"embeddable":true,"href":"https:\/\/www.2-ruote.com\/IT\/index.php?rest_route=%2Fwp%2Fv2%2Fcomments&post=188"}],"version-history":[{"count":0,"href":"https:\/\/www.2-ruote.com\/IT\/index.php?rest_route=\/wp\/v2\/posts\/188\/revisions"}],"wp:attachment":[{"href":"https:\/\/www.2-ruote.com\/IT\/index.php?rest_route=%2Fwp%2Fv2%2Fmedia&parent=188"}],"wp:term":[{"taxonomy":"category","embeddable":true,"href":"https:\/\/www.2-ruote.com\/IT\/index.php?rest_route=%2Fwp%2Fv2%2Fcategories&post=188"},{"taxonomy":"post_tag","embeddable":true,"href":"https:\/\/www.2-ruote.com\/IT\/index.php?rest_route=%2Fwp%2Fv2%2Ftags&post=188"}],"curies":[{"name":"wp","href":"https:\/\/api.w.org\/{rel}","templated":true}]}}