{"id":328,"date":"2011-06-24T09:00:00","date_gmt":"2011-06-24T08:00:00","guid":{"rendered":""},"modified":"2011-06-24T08:00:00","modified_gmt":"2011-06-24T09:00:00","slug":"","status":"publish","type":"post","link":"https:\/\/www.2-ruote.com\/IT\/?p=328","title":{"rendered":"CAPIROSSI SALTA IL GP DI ASSEN. DE PUNIET PARTIRA&#8217; IN QUARTA FILA"},"content":{"rendered":"<p style=\"text-align: justify;\">Loris Capirossi non prender\u00e0\u00a0 parte al settimo gran premio di Assen. Il pilota del Pramac Racing Team \u00e8 stato vittima di una brutta scivolata nelle battute finali delle qualifiche; gli accertamenti a cui \u00e8 stato sottoposto dopo che la brutta caduta (dove l&#8217;italiano \u00e8 stato travolto dalla propria moto) prima in clinica mobile, poi all&#8217;ospedale di Assen hanno escluso gravi lesioni, ma la lussazione alla spalla destra e la frattura cartagilinea alle costole destre spingeranno il veterano della MotoGP verso il forfait. Per lui il cronometro si \u00e8 fermato a 1&#8217;37.130, al 15esimo posto. Il clima \u00e8 pi\u00f9 sereno nella parte opposta del box biancoverde. Randy De Puniet sembra aver superato le difficolt\u00e0\u00a0 delle messa a punto della moto riscontrate nelle ultime uscite. Il francese ha chiuso le qualifiche con il decimo miglior tempo (1&#8217;36.435), e domani partir\u00e0\u00a0 dalla quarta fila. <\/p>\n<p><BR><\/p>\n<blockquote>\n<h3 style=\"text-align: center;\">Marco Rigamonti<\/h3>\n<p style=\"text-align: center;\"><em>Ingegnere di pista Randy De Puniet<\/em><\/p>\n<p>&#8220;&#8221;Il feeling con la moto non \u00e8 di certo quello intravisto in Qatar e a Jerez, ma in questi tre giorni i problemi alla moto di Randy sono sostanzialmente diminuiti. Questo aspetto \u00e8 fondamentale per tutti noi, dobbiamo ritrovare fiducia di inizio stagione. Rischio di diventare ripetitivo, ma i risultati parlano chiaro. La classifica evidenzia ancora una volta la sofferenza delle Ducati. Siamo appena dietro Hayden e davanti a Rossi. Un aspetto fondamentale, domani, lo avr\u00e0\u00a0 il tempo. In questo momento sul bagnato non andiamo come vorremmo, speriamo quindi di scendere in pista sull&#8217;asciutto&#8221;&#8221;. <\/p><\/blockquote>\n<p><BR><\/p>\n<blockquote>\n<h3 style=\"text-align: center;\">Randy De Puniet<\/h3>\n<p style=\"text-align: center;\"><em>Pilota Pramac Racing Team &#8211; 10\u00b0 miglior tempo in 1&#8217;36.435<\/em><\/p>\n<p>&#8220;&#8221;Partir\u00e0 dalla decima casella, dispiace perch\u00e9 per pochi decimi non ho agguantato la terza fila. In questo momento \u00e8 impossibile fare meglio, dobbiamo quindi lavorare per cercare di migliorare il feeling con la moto, che rispetto alle ultime gare, soprattutto Silverstone, \u00e8 comunque apprezzabile. Domani dovr\u00e0 combattere per finire la gara in questa posizione, cercher\u00e0 di non spingere pi\u00f9 di tanto, ma di essere bravo a sfruttare ogni singola occasione per . Il mio obiettivo \u00e8 di ridurre il gap con gli altri team satellite Ducati e liberarci, un poco alla volta, dei problemi che ultimamamente stanno influenzando il nostro mondiale.&#8221;&#8221;<\/p><\/blockquote>\n<p><BR><\/p>\n<blockquote>\n<h3 style=\"text-align: center;\">Loris Capirossi<\/h3>\n<p style=\"text-align: center;\"><em>Pilota Pramac Racing Team &#8211; 15\u00b0 miglior tempo in 1&#8217;37.130<\/em><\/p>\n<p>&#8220;&#8221;Ci sono poche parole da dire. Me la sono vista brutta al momento della caduta, essere schiacciato da una moto ad ata velocit\u00e0\u00a0 non \u00e8 il massimo. Adesso sono pi\u00f9 tranquillo, anche se dispiace perdere la gara di domani. Sono caduto nel mio miglior momento, potevo abbassare il mio miglior giro, ma i problemi con la parte sinistra della moto, che gi\u00e0\u00a0 avevo trovato nella mattinata di prove libere, mi hanno fatto perdere il controllo. Domani torno a Montecarlo, tra due giorni far\u00e0 ulteriori accertamenti sulla mia condizione fisica&#8221;&#8221;.<\/p><\/blockquote>\n<p style=\"text-align: right;\"><em>Fonte: Pramac Racing Team Press<\/em><\/p>\n<div class=\"sharedaddy sd-sharing-enabled\"><div class=\"robots-nocontent sd-block sd-social sd-social-icon sd-sharing\"><h3 class=\"sd-title\">Condividi:<\/h3><div class=\"sd-content\"><ul><li class=\"share-facebook\"><a rel=\"nofollow noopener noreferrer\" data-shared=\"sharing-facebook-328\" class=\"share-facebook sd-button share-icon no-text\" href=\"https:\/\/www.2-ruote.com\/IT\/?p=328&amp;share=facebook\" target=\"_blank\" title=\"Fai clic per condividere su Facebook\"><span><\/span><span class=\"sharing-screen-reader-text\">Fai clic per condividere su Facebook (Si apre in una nuova finestra)<\/span><\/a><\/li><li class=\"share-twitter\"><a rel=\"nofollow noopener noreferrer\" data-shared=\"sharing-twitter-328\" class=\"share-twitter sd-button share-icon no-text\" href=\"https:\/\/www.2-ruote.com\/IT\/?p=328&amp;share=twitter\" target=\"_blank\" title=\"Fai clic qui per condividere su Twitter\"><span><\/span><span class=\"sharing-screen-reader-text\">Fai clic qui per condividere su Twitter (Si apre in una nuova finestra)<\/span><\/a><\/li><li class=\"share-pinterest\"><a rel=\"nofollow noopener noreferrer\" data-shared=\"sharing-pinterest-328\" class=\"share-pinterest sd-button share-icon no-text\" href=\"https:\/\/www.2-ruote.com\/IT\/?p=328&amp;share=pinterest\" target=\"_blank\" title=\"Fai clic qui per condividere su Pinterest\"><span><\/span><span class=\"sharing-screen-reader-text\">Fai clic qui per condividere su Pinterest (Si apre in una nuova finestra)<\/span><\/a><\/li><li class=\"share-whatsapp\"><a rel=\"nofollow noopener noreferrer\" data-shared=\"\" class=\"share-whatsapp sd-button share-icon no-text\" href=\"https:\/\/www.2-ruote.com\/IT\/?p=328&amp;share=whatsapp\" target=\"_blank\" title=\"Clicca per condividere su WhatsApp\"><span><\/span><span class=\"sharing-screen-reader-text\">Clicca per condividere su WhatsApp (Si apre in una nuova finestra)<\/span><\/a><\/li><li class=\"share-linkedin\"><a rel=\"nofollow noopener noreferrer\" data-shared=\"sharing-linkedin-328\" class=\"share-linkedin sd-button share-icon no-text\" href=\"https:\/\/www.2-ruote.com\/IT\/?p=328&amp;share=linkedin\" target=\"_blank\" title=\"Fai clic qui per condividere su LinkedIn\"><span><\/span><span class=\"sharing-screen-reader-text\">Fai clic qui per condividere su LinkedIn (Si apre in una nuova finestra)<\/span><\/a><\/li><li class=\"share-tumblr\"><a rel=\"nofollow noopener noreferrer\" data-shared=\"\" class=\"share-tumblr sd-button share-icon no-text\" href=\"https:\/\/www.2-ruote.com\/IT\/?p=328&amp;share=tumblr\" target=\"_blank\" title=\"Fai clic qui per condividere su Tumblr\"><span><\/span><span class=\"sharing-screen-reader-text\">Fai clic qui per condividere su Tumblr (Si apre in una nuova finestra)<\/span><\/a><\/li><li class=\"share-pocket\"><a rel=\"nofollow noopener noreferrer\" data-shared=\"\" class=\"share-pocket sd-button share-icon no-text\" href=\"https:\/\/www.2-ruote.com\/IT\/?p=328&amp;share=pocket\" target=\"_blank\" title=\"Fai clic qui per condividere su Pocket\"><span><\/span><span class=\"sharing-screen-reader-text\">Fai clic qui per condividere su Pocket (Si apre in una nuova finestra)<\/span><\/a><\/li><li class=\"share-reddit\"><a rel=\"nofollow noopener noreferrer\" data-shared=\"\" class=\"share-reddit sd-button share-icon no-text\" href=\"https:\/\/www.2-ruote.com\/IT\/?p=328&amp;share=reddit\" target=\"_blank\" title=\"Fai clic qui per condividere su Reddit\"><span><\/span><span class=\"sharing-screen-reader-text\">Fai clic qui per condividere su Reddit (Si apre in una nuova finestra)<\/span><\/a><\/li><li class=\"share-print\"><a rel=\"nofollow noopener noreferrer\" data-shared=\"\" class=\"share-print sd-button share-icon no-text\" href=\"https:\/\/www.2-ruote.com\/IT\/?p=328\" target=\"_blank\" title=\"Fai clic qui per stampare\"><span><\/span><span class=\"sharing-screen-reader-text\">Fai clic qui per stampare (Si apre in una nuova finestra)<\/span><\/a><\/li><li class=\"share-end\"><\/li><\/ul><\/div><\/div><\/div>","protected":false},"excerpt":{"rendered":"<p>Loris Capirossi non prender\u00e0\u00a0 parte al settimo gran premio di Assen. Il pilota del Pramac Racing Team \u00e8 stato vittima&hellip;<\/p>\n<div class=\"sharedaddy sd-sharing-enabled\"><div class=\"robots-nocontent sd-block sd-social sd-social-icon sd-sharing\"><h3 class=\"sd-title\">Condividi:<\/h3><div class=\"sd-content\"><ul><li class=\"share-facebook\"><a rel=\"nofollow noopener noreferrer\" data-shared=\"sharing-facebook-328\" class=\"share-facebook sd-button share-icon no-text\" href=\"https:\/\/www.2-ruote.com\/IT\/?p=328&amp;share=facebook\" target=\"_blank\" title=\"Fai clic per condividere su Facebook\"><span><\/span><span class=\"sharing-screen-reader-text\">Fai clic per condividere su Facebook (Si apre in una nuova finestra)<\/span><\/a><\/li><li class=\"share-twitter\"><a rel=\"nofollow noopener noreferrer\" data-shared=\"sharing-twitter-328\" class=\"share-twitter sd-button share-icon no-text\" href=\"https:\/\/www.2-ruote.com\/IT\/?p=328&amp;share=twitter\" target=\"_blank\" title=\"Fai clic qui per condividere su Twitter\"><span><\/span><span class=\"sharing-screen-reader-text\">Fai clic qui per condividere su Twitter (Si apre in una nuova finestra)<\/span><\/a><\/li><li class=\"share-pinterest\"><a rel=\"nofollow noopener noreferrer\" data-shared=\"sharing-pinterest-328\" class=\"share-pinterest sd-button share-icon no-text\" href=\"https:\/\/www.2-ruote.com\/IT\/?p=328&amp;share=pinterest\" target=\"_blank\" title=\"Fai clic qui per condividere su Pinterest\"><span><\/span><span class=\"sharing-screen-reader-text\">Fai clic qui per condividere su Pinterest (Si apre in una nuova finestra)<\/span><\/a><\/li><li class=\"share-whatsapp\"><a rel=\"nofollow noopener noreferrer\" data-shared=\"\" class=\"share-whatsapp sd-button share-icon no-text\" href=\"https:\/\/www.2-ruote.com\/IT\/?p=328&amp;share=whatsapp\" target=\"_blank\" title=\"Clicca per condividere su WhatsApp\"><span><\/span><span class=\"sharing-screen-reader-text\">Clicca per condividere su WhatsApp (Si apre in una nuova finestra)<\/span><\/a><\/li><li class=\"share-linkedin\"><a rel=\"nofollow noopener noreferrer\" data-shared=\"sharing-linkedin-328\" class=\"share-linkedin sd-button share-icon no-text\" href=\"https:\/\/www.2-ruote.com\/IT\/?p=328&amp;share=linkedin\" target=\"_blank\" title=\"Fai clic qui per condividere su LinkedIn\"><span><\/span><span class=\"sharing-screen-reader-text\">Fai clic qui per condividere su LinkedIn (Si apre in una nuova finestra)<\/span><\/a><\/li><li class=\"share-tumblr\"><a rel=\"nofollow noopener noreferrer\" data-shared=\"\" class=\"share-tumblr sd-button share-icon no-text\" href=\"https:\/\/www.2-ruote.com\/IT\/?p=328&amp;share=tumblr\" target=\"_blank\" title=\"Fai clic qui per condividere su Tumblr\"><span><\/span><span class=\"sharing-screen-reader-text\">Fai clic qui per condividere su Tumblr (Si apre in una nuova finestra)<\/span><\/a><\/li><li class=\"share-pocket\"><a rel=\"nofollow noopener noreferrer\" data-shared=\"\" class=\"share-pocket sd-button share-icon no-text\" href=\"https:\/\/www.2-ruote.com\/IT\/?p=328&amp;share=pocket\" target=\"_blank\" title=\"Fai clic qui per condividere su Pocket\"><span><\/span><span class=\"sharing-screen-reader-text\">Fai clic qui per condividere su Pocket (Si apre in una nuova finestra)<\/span><\/a><\/li><li class=\"share-reddit\"><a rel=\"nofollow noopener noreferrer\" data-shared=\"\" class=\"share-reddit sd-button share-icon no-text\" href=\"https:\/\/www.2-ruote.com\/IT\/?p=328&amp;share=reddit\" target=\"_blank\" title=\"Fai clic qui per condividere su Reddit\"><span><\/span><span class=\"sharing-screen-reader-text\">Fai clic qui per condividere su Reddit (Si apre in una nuova finestra)<\/span><\/a><\/li><li class=\"share-print\"><a rel=\"nofollow noopener noreferrer\" data-shared=\"\" class=\"share-print sd-button share-icon no-text\" href=\"https:\/\/www.2-ruote.com\/IT\/?p=328\" target=\"_blank\" title=\"Fai clic qui per stampare\"><span><\/span><span class=\"sharing-screen-reader-text\">Fai clic qui per stampare (Si apre in una nuova finestra)<\/span><\/a><\/li><li class=\"share-end\"><\/li><\/ul><\/div><\/div><\/div>","protected":false},"author":1,"featured_media":0,"comment_status":"open","ping_status":"open","sticky":false,"template":"","format":"standard","meta":{"_mi_skip_tracking":false,"_monsterinsights_sitenote_active":false,"_monsterinsights_sitenote_note":"","_monsterinsights_sitenote_category":0,"spay_email":"","jetpack_publicize_message":"","jetpack_is_tweetstorm":false},"categories":[3,4,1],"tags":[],"aioseo_notices":[],"jetpack_featured_media_url":"","jetpack_publicize_connections":[],"jetpack_sharing_enabled":true,"jetpack_shortlink":"https:\/\/wp.me\/s6TDfQ-","jetpack-related-posts":[{"id":323,"url":"https:\/\/www.2-ruote.com\/IT\/?p=323","url_meta":{"origin":328,"position":0},"title":"CAPIROSSI CHIUDE QUINDICESIMO, DE PUNIET DICIASSETTESIMO","date":"23 Giugno 2011","format":false,"excerpt":"La seconda sessione di prove libere della MotoGP ad Assen \u00e8 stata cancellata a causa delle condizioni della pista, resa impraticabile a seguito della perdita di olio dalla moto del pilota Alex Baldolini durante le prove libere delle Moto2. Il tutto, quindi, \u00e8 rimandato a domani con l'ultima sessione di\u2026","rel":"","context":"In &quot;Team Ducati Pramac&quot;","img":{"alt_text":"","src":"","width":0,"height":0},"classes":[]},{"id":341,"url":"https:\/\/www.2-ruote.com\/IT\/?p=341","url_meta":{"origin":328,"position":1},"title":"CONDIZIONI METEREOLOGICHE AVVERSE A SILVERSTONE. CAPIROSSI DECIMO, DE PUNIET DODICESIMO","date":"12 Giugno 2011","format":false,"excerpt":"Week end complicato per il Pramac Racing Team a Silverstone, in Inghilterra. La giornata di oggi \u00e8 proseguita sulla stessa falsa riga delle libere del venerd\u00ec e delle qualifiche del sabato. Nel warm up Randy De Puniet \u00e8 stato vittima di uno scivolone ad alta velocit\u00e0\u00a0 che gli ha impedito\u2026","rel":"","context":"In &quot;MotoGP&quot;","img":{"alt_text":"","src":"","width":0,"height":0},"classes":[]},{"id":327,"url":"https:\/\/www.2-ruote.com\/IT\/?p=327","url_meta":{"origin":328,"position":2},"title":"ASSEN DA DIMENTICARE. PROVE DI RISCATTO AL MUGELLO","date":"25 Giugno 2011","format":false,"excerpt":"C'\u00e8 tanta amarezza all'interno del box del Pramac Racing Team. Dopo l'incidente accorso ieri durante le qualifiche a Loris Capirossi, che lo ha costretto a lasciare il circuito di Assen senza prendere parte alla gara, quest'oggi la sfortuna non ha rispiarmiato il compagno di squadra, Randy De Puniet. E' durato\u2026","rel":"","context":"In &quot;MotoGP&quot;","img":{"alt_text":"","src":"","width":0,"height":0},"classes":[]},{"id":405,"url":"https:\/\/www.2-ruote.com\/IT\/?p=405","url_meta":{"origin":328,"position":3},"title":"QUINTA E SESTA FILA PER DE PUNIET E CAPIROSSI","date":"3 Settembre 2011","format":false,"excerpt":"La griglia di partenza del gran premio di Misano \u00e8 stata definita oggi pomeriggio, al termine delle qualifiche. Randy De Puniet ha fatto registrare il quattordicesimo miglior tempo (1'34.870). Il francese a inizio qualifiche \u00e8 scivolato a causa dell'anteriore perdendo l'opportunit\u00e0\u00a0 di portare a termine un ottimo giro. Loris Capirossi\u2026","rel":"","context":"In &quot;MotoGP&quot;","img":{"alt_text":"","src":"","width":0,"height":0},"classes":[]},{"id":381,"url":"https:\/\/www.2-ruote.com\/IT\/?p=381","url_meta":{"origin":328,"position":4},"title":"QUINTA E SESTA FILA PER DE PUNIET E CAPIROSSI","date":"13 Agosto 2011","format":false,"excerpt":"La griglia di partenza del gran premio di Brno \u00e8 stata definita oggi pomeriggio, al termine delle qualifiche. Randy De Puniet ha fatto registrare il quindicesimo miglior tempo (1'58.889). Il francese nell'ultimo giro a disposizione, dove stava registrando un buon tempo, \u00e8 stato costretto ad uscire dalla pista a causa\u2026","rel":"","context":"In &quot;MotoGP&quot;","img":{"alt_text":"","src":"","width":0,"height":0},"classes":[]},{"id":252,"url":"https:\/\/www.2-ruote.com\/IT\/?p=252","url_meta":{"origin":328,"position":5},"title":"DE PUNIET SFIORA LA SECONDA FILA, CAPIREX IN QUINTA","date":"2 Aprile 2011","format":false,"excerpt":"Il vento quest'oggi ha dato un po' di tregua ai piloti della MotoGP, anche se le condizioni meteorologiche qui a Jerez non promettono niente di buono in vista della gara di domani. Intanto continua a fare bene il team Ducati Pramac, che anche oggi, dopo la giornata di prove libere\u2026","rel":"","context":"In &quot;MotoGP&quot;","img":{"alt_text":"","src":"","width":0,"height":0},"classes":[]}],"jetpack_likes_enabled":true,"_links":{"self":[{"href":"https:\/\/www.2-ruote.com\/IT\/index.php?rest_route=\/wp\/v2\/posts\/328"}],"collection":[{"href":"https:\/\/www.2-ruote.com\/IT\/index.php?rest_route=\/wp\/v2\/posts"}],"about":[{"href":"https:\/\/www.2-ruote.com\/IT\/index.php?rest_route=\/wp\/v2\/types\/post"}],"author":[{"embeddable":true,"href":"https:\/\/www.2-ruote.com\/IT\/index.php?rest_route=\/wp\/v2\/users\/1"}],"replies":[{"embeddable":true,"href":"https:\/\/www.2-ruote.com\/IT\/index.php?rest_route=%2Fwp%2Fv2%2Fcomments&post=328"}],"version-history":[{"count":0,"href":"https:\/\/www.2-ruote.com\/IT\/index.php?rest_route=\/wp\/v2\/posts\/328\/revisions"}],"wp:attachment":[{"href":"https:\/\/www.2-ruote.com\/IT\/index.php?rest_route=%2Fwp%2Fv2%2Fmedia&parent=328"}],"wp:term":[{"taxonomy":"category","embeddable":true,"href":"https:\/\/www.2-ruote.com\/IT\/index.php?rest_route=%2Fwp%2Fv2%2Fcategories&post=328"},{"taxonomy":"post_tag","embeddable":true,"href":"https:\/\/www.2-ruote.com\/IT\/index.php?rest_route=%2Fwp%2Fv2%2Ftags&post=328"}],"curies":[{"name":"wp","href":"https:\/\/api.w.org\/{rel}","templated":true}]}}