{"id":594,"date":"2015-11-03T15:58:17","date_gmt":"2015-11-03T14:58:17","guid":{"rendered":"http:\/\/www.2-ruote.com\/It\/?p=594"},"modified":"2015-11-03T15:58:17","modified_gmt":"2015-11-03T14:58:17","slug":"enduro-mirko-spandre-campione-europeo-under-20","status":"publish","type":"post","link":"https:\/\/www.2-ruote.com\/IT\/?p=594","title":{"rendered":"Enduro: Mirko Spandre Campione Europeo Under 20"},"content":{"rendered":"<p style=\"text-align: justify;\">Una giornata ricca di soddisfazioni, quella di oggi, per il Team Italia enduro. A R\u00fcdersdorf, in Germania, nell\u2019ultimo atto del Campionato Europeo di specialit\u00e0, Mirko Spandre ha vinto il titolo nella categoria Under 20: un successo prestigioso per il pilota lombardo, che il 17 ottobre a Borno (BS) si era laureato Campione Italiano Youth.<\/p>\n<p style=\"text-align: justify;\">Sempre nella Under 20 continentale, Lorenzo Macoritto ha ottenuto il terzo posto stagionale mentre su quello odierno sono saliti nell\u2019ordine Matteo Pavoni, Spandre e Macoritto. Sfortunato invece Lee Sealey: l\u2019avversario di Spandre nella corsa al titolo, \u00e8 stato costretto al ritiro (come il pilota del Team Italia Ivan Coniglio), consentendo al neo campione di amministrare il vantaggio dopo la vittoria nel Day 1. Ieri infatti il successo di giornata era andata a Spandre, che aveva preceduto per soli 4 secondi proprio il britannico. Terzo posto sfiorato da Matteo Pavoni, fuori dal terzetto di testa per soli due secondi, mentre Macoritto e Coniglio avevano fatto registrare il sesto e il dodicesimo tempo di giornata.<\/p>\n<p style=\"text-align: justify;\">Cristian Rossi, Commissario Tecnico fmi: \u201cIl bilancio di questo 2015 \u00e8 molto positivo. Il titolo Europeo di Spandre e il terzo posto in campionato di Macoritto sono risultati che fanno ben sperare per il futuro dell\u2019Enduro azzurro. Dalla Germania torniamo a casa con un podio tutto tricolore; nella somma delle due giornate di gara infatti Pavoni, Spandre e Macoritto sono risultati i pi\u00f9 veloci, andando cos\u00ec a completare il podio finale. Peccato per Ivan Coniglio, costretto oggi a rientrare al paddock per un problema alla sua moto\u201d.<\/p>\n<p style=\"text-align: justify;\">Mirko Spandre: \u201cLa gara \u00e8 stata veramente impegnativa. Ieri non mi aspettavo di vincere, ho stretto i denti tutta la giornata per il dito rotto agli Assoluti d\u2019Italia di Borno. Non pensavo di poter battagliare per la vittoria, ma alla fine sono riuscito a salire sul gradino pi\u00f9 alto del podio e a portare a casa punti importanti per il campionato. Oggi ho faticato di pi\u00f9, sempre per il dito, ma quando ho visto che il mio diretto avversario, Sealey, si era ritirato, ho cercato di amministrare la gara, senza fare troppi errori. Ringrazio la Federazione, il team e tutta la mia famiglia per il supporto che mi hanno dato in questa stagione\u201d.<\/p>\n<div class=\"sharedaddy sd-sharing-enabled\"><div class=\"robots-nocontent sd-block sd-social sd-social-icon sd-sharing\"><h3 class=\"sd-title\">Condividi:<\/h3><div class=\"sd-content\"><ul><li class=\"share-facebook\"><a rel=\"nofollow noopener noreferrer\" data-shared=\"sharing-facebook-594\" class=\"share-facebook sd-button share-icon no-text\" href=\"https:\/\/www.2-ruote.com\/IT\/?p=594&amp;share=facebook\" target=\"_blank\" title=\"Fai clic per condividere su Facebook\"><span><\/span><span class=\"sharing-screen-reader-text\">Fai clic per condividere su Facebook (Si apre in una nuova finestra)<\/span><\/a><\/li><li class=\"share-twitter\"><a rel=\"nofollow noopener noreferrer\" data-shared=\"sharing-twitter-594\" class=\"share-twitter sd-button share-icon no-text\" href=\"https:\/\/www.2-ruote.com\/IT\/?p=594&amp;share=twitter\" target=\"_blank\" title=\"Fai clic qui per condividere su Twitter\"><span><\/span><span class=\"sharing-screen-reader-text\">Fai clic qui per condividere su Twitter (Si apre in una nuova finestra)<\/span><\/a><\/li><li class=\"share-pinterest\"><a rel=\"nofollow noopener noreferrer\" data-shared=\"sharing-pinterest-594\" class=\"share-pinterest sd-button share-icon no-text\" href=\"https:\/\/www.2-ruote.com\/IT\/?p=594&amp;share=pinterest\" target=\"_blank\" title=\"Fai clic qui per condividere su Pinterest\"><span><\/span><span class=\"sharing-screen-reader-text\">Fai clic qui per condividere su Pinterest (Si apre in una nuova finestra)<\/span><\/a><\/li><li class=\"share-whatsapp\"><a rel=\"nofollow noopener noreferrer\" data-shared=\"\" class=\"share-whatsapp sd-button share-icon no-text\" href=\"https:\/\/www.2-ruote.com\/IT\/?p=594&amp;share=whatsapp\" target=\"_blank\" title=\"Clicca per condividere su WhatsApp\"><span><\/span><span class=\"sharing-screen-reader-text\">Clicca per condividere su WhatsApp (Si apre in una nuova finestra)<\/span><\/a><\/li><li class=\"share-linkedin\"><a rel=\"nofollow noopener noreferrer\" data-shared=\"sharing-linkedin-594\" class=\"share-linkedin sd-button share-icon no-text\" href=\"https:\/\/www.2-ruote.com\/IT\/?p=594&amp;share=linkedin\" target=\"_blank\" title=\"Fai clic qui per condividere su LinkedIn\"><span><\/span><span class=\"sharing-screen-reader-text\">Fai clic qui per condividere su LinkedIn (Si apre in una nuova finestra)<\/span><\/a><\/li><li class=\"share-tumblr\"><a rel=\"nofollow noopener noreferrer\" data-shared=\"\" class=\"share-tumblr sd-button share-icon no-text\" href=\"https:\/\/www.2-ruote.com\/IT\/?p=594&amp;share=tumblr\" target=\"_blank\" title=\"Fai clic qui per condividere su Tumblr\"><span><\/span><span class=\"sharing-screen-reader-text\">Fai clic qui per condividere su Tumblr (Si apre in una nuova finestra)<\/span><\/a><\/li><li class=\"share-pocket\"><a rel=\"nofollow noopener noreferrer\" data-shared=\"\" class=\"share-pocket sd-button share-icon no-text\" href=\"https:\/\/www.2-ruote.com\/IT\/?p=594&amp;share=pocket\" target=\"_blank\" title=\"Fai clic qui per condividere su Pocket\"><span><\/span><span class=\"sharing-screen-reader-text\">Fai clic qui per condividere su Pocket (Si apre in una nuova finestra)<\/span><\/a><\/li><li class=\"share-reddit\"><a rel=\"nofollow noopener noreferrer\" data-shared=\"\" class=\"share-reddit sd-button share-icon no-text\" href=\"https:\/\/www.2-ruote.com\/IT\/?p=594&amp;share=reddit\" target=\"_blank\" title=\"Fai clic qui per condividere su Reddit\"><span><\/span><span class=\"sharing-screen-reader-text\">Fai clic qui per condividere su Reddit (Si apre in una nuova finestra)<\/span><\/a><\/li><li class=\"share-print\"><a rel=\"nofollow noopener noreferrer\" data-shared=\"\" class=\"share-print sd-button share-icon no-text\" href=\"https:\/\/www.2-ruote.com\/IT\/?p=594\" target=\"_blank\" title=\"Fai clic qui per stampare\"><span><\/span><span class=\"sharing-screen-reader-text\">Fai clic qui per stampare (Si apre in una nuova finestra)<\/span><\/a><\/li><li class=\"share-end\"><\/li><\/ul><\/div><\/div><\/div>","protected":false},"excerpt":{"rendered":"<p>Una giornata ricca di soddisfazioni, quella di oggi, per il Team Italia enduro. A R\u00fcdersdorf, in Germania, nell\u2019ultimo atto del&hellip;<\/p>\n<div class=\"sharedaddy sd-sharing-enabled\"><div class=\"robots-nocontent sd-block sd-social sd-social-icon sd-sharing\"><h3 class=\"sd-title\">Condividi:<\/h3><div class=\"sd-content\"><ul><li class=\"share-facebook\"><a rel=\"nofollow noopener noreferrer\" data-shared=\"sharing-facebook-594\" class=\"share-facebook sd-button share-icon no-text\" href=\"https:\/\/www.2-ruote.com\/IT\/?p=594&amp;share=facebook\" target=\"_blank\" title=\"Fai clic per condividere su Facebook\"><span><\/span><span class=\"sharing-screen-reader-text\">Fai clic per condividere su Facebook (Si apre in una nuova finestra)<\/span><\/a><\/li><li class=\"share-twitter\"><a rel=\"nofollow noopener noreferrer\" data-shared=\"sharing-twitter-594\" class=\"share-twitter sd-button share-icon no-text\" href=\"https:\/\/www.2-ruote.com\/IT\/?p=594&amp;share=twitter\" target=\"_blank\" title=\"Fai clic qui per condividere su Twitter\"><span><\/span><span class=\"sharing-screen-reader-text\">Fai clic qui per condividere su Twitter (Si apre in una nuova finestra)<\/span><\/a><\/li><li class=\"share-pinterest\"><a rel=\"nofollow noopener noreferrer\" data-shared=\"sharing-pinterest-594\" class=\"share-pinterest sd-button share-icon no-text\" href=\"https:\/\/www.2-ruote.com\/IT\/?p=594&amp;share=pinterest\" target=\"_blank\" title=\"Fai clic qui per condividere su Pinterest\"><span><\/span><span class=\"sharing-screen-reader-text\">Fai clic qui per condividere su Pinterest (Si apre in una nuova finestra)<\/span><\/a><\/li><li class=\"share-whatsapp\"><a rel=\"nofollow noopener noreferrer\" data-shared=\"\" class=\"share-whatsapp sd-button share-icon no-text\" href=\"https:\/\/www.2-ruote.com\/IT\/?p=594&amp;share=whatsapp\" target=\"_blank\" title=\"Clicca per condividere su WhatsApp\"><span><\/span><span class=\"sharing-screen-reader-text\">Clicca per condividere su WhatsApp (Si apre in una nuova finestra)<\/span><\/a><\/li><li class=\"share-linkedin\"><a rel=\"nofollow noopener noreferrer\" data-shared=\"sharing-linkedin-594\" class=\"share-linkedin sd-button share-icon no-text\" href=\"https:\/\/www.2-ruote.com\/IT\/?p=594&amp;share=linkedin\" target=\"_blank\" title=\"Fai clic qui per condividere su LinkedIn\"><span><\/span><span class=\"sharing-screen-reader-text\">Fai clic qui per condividere su LinkedIn (Si apre in una nuova finestra)<\/span><\/a><\/li><li class=\"share-tumblr\"><a rel=\"nofollow noopener noreferrer\" data-shared=\"\" class=\"share-tumblr sd-button share-icon no-text\" href=\"https:\/\/www.2-ruote.com\/IT\/?p=594&amp;share=tumblr\" target=\"_blank\" title=\"Fai clic qui per condividere su Tumblr\"><span><\/span><span class=\"sharing-screen-reader-text\">Fai clic qui per condividere su Tumblr (Si apre in una nuova finestra)<\/span><\/a><\/li><li class=\"share-pocket\"><a rel=\"nofollow noopener noreferrer\" data-shared=\"\" class=\"share-pocket sd-button share-icon no-text\" href=\"https:\/\/www.2-ruote.com\/IT\/?p=594&amp;share=pocket\" target=\"_blank\" title=\"Fai clic qui per condividere su Pocket\"><span><\/span><span class=\"sharing-screen-reader-text\">Fai clic qui per condividere su Pocket (Si apre in una nuova finestra)<\/span><\/a><\/li><li class=\"share-reddit\"><a rel=\"nofollow noopener noreferrer\" data-shared=\"\" class=\"share-reddit sd-button share-icon no-text\" href=\"https:\/\/www.2-ruote.com\/IT\/?p=594&amp;share=reddit\" target=\"_blank\" title=\"Fai clic qui per condividere su Reddit\"><span><\/span><span class=\"sharing-screen-reader-text\">Fai clic qui per condividere su Reddit (Si apre in una nuova finestra)<\/span><\/a><\/li><li class=\"share-print\"><a rel=\"nofollow noopener noreferrer\" data-shared=\"\" class=\"share-print sd-button share-icon no-text\" href=\"https:\/\/www.2-ruote.com\/IT\/?p=594\" target=\"_blank\" title=\"Fai clic qui per stampare\"><span><\/span><span class=\"sharing-screen-reader-text\">Fai clic qui per stampare (Si apre in una nuova finestra)<\/span><\/a><\/li><li class=\"share-end\"><\/li><\/ul><\/div><\/div><\/div>","protected":false},"author":1,"featured_media":0,"comment_status":"open","ping_status":"open","sticky":false,"template":"","format":"standard","meta":{"_mi_skip_tracking":false,"_monsterinsights_sitenote_active":false,"_monsterinsights_sitenote_note":"","_monsterinsights_sitenote_category":0,"spay_email":"","jetpack_publicize_message":"","jetpack_is_tweetstorm":false},"categories":[18,1],"tags":[],"aioseo_notices":[],"jetpack_featured_media_url":"","jetpack_publicize_connections":[],"jetpack_sharing_enabled":true,"jetpack_shortlink":"https:\/\/wp.me\/p6TDfQ-9A","jetpack-related-posts":[{"id":588,"url":"https:\/\/www.2-ruote.com\/IT\/?p=588","url_meta":{"origin":594,"position":0},"title":"Europeo Enduro Maglia Azzurra sul podio","date":"3 Novembre 2015","format":false,"excerpt":"E' terminato ieri a R\u00fcdersdorf, in Germania, il Campionato Europeo enduro. La quarta ed ultima tappa della competizione continentale era valida sia per definire la classifica piloti individuale che per il titolo europeo a squadre nazionali. L'Italia \u00e8 stata tra le protagoniste grazie al terzo posto nel Trofeo (dietro a\u2026","rel":"","context":"In &quot;Altri campionati&quot;","img":{"alt_text":"","src":"","width":0,"height":0},"classes":[]},{"id":199,"url":"https:\/\/www.2-ruote.com\/IT\/?p=199","url_meta":{"origin":594,"position":1},"title":"Yamaha Motor Italia e Team Trasimeno uniti nella sfida a Civ e Europeo 2011","date":"18 Gennaio 2011","format":false,"excerpt":"Il Team Trasimeno, da quasi quindici anni protagonista nel panorama motociclistico italiano ed europeo, si prepara per una nuova e intensa stagione che lo vedr\u00e0\u00a0 impegnato, con il supporto di Yamaha Motor Italia, sia nel CIV - Campionato Italiano Velocit\u00e0\u00a0 - che nel Campionato Europeo STK600, che si disputa in\u2026","rel":"","context":"In &quot;Tutte le news&quot;","img":{"alt_text":"","src":"","width":0,"height":0},"classes":[]},{"id":122,"url":"https:\/\/www.2-ruote.com\/IT\/?p=122","url_meta":{"origin":594,"position":2},"title":"Separati e vincenti","date":"10 Ottobre 2010","format":false,"excerpt":"Separati in casa, divisi da un muro netto e, da ormai due anni, pronti a contendersi gara dopo gara il titolo di miglior pilota al mondo. Tuttavia, dal gran premio della Malesia escono entrambi vincitori, Valentino Rossi e Jorge Lorenzo hanno infatti regalato ai propri tifosi una giornata di festa.\u2026","rel":"","context":"In &quot;MotoGP&quot;","img":{"alt_text":"","src":"","width":0,"height":0},"classes":[]},{"id":204,"url":"https:\/\/www.2-ruote.com\/IT\/?p=204","url_meta":{"origin":594,"position":3},"title":"VALENTINO ROSSI","date":"12 Gennaio 2011","format":false,"excerpt":"Se c'\u00e8 qualcuno nel mondo del motociclismo che non ha bisogno di presentazione, questi \u00e8 Valentino Rossi, uno dei piloti pi\u00f9 popolari e di maggior successo nella storia del campionato. Nove volte Campione del Mondo, \"\"The Doctor\"\" ha all'attivo una lunga lista di record tra cui: quindici anni con almeno\u2026","rel":"","context":"In &quot;Ducati Corse&quot;","img":{"alt_text":"","src":"","width":0,"height":0},"classes":[]},{"id":133,"url":"https:\/\/www.2-ruote.com\/IT\/?p=133","url_meta":{"origin":594,"position":4},"title":"RICCARDO RUSSO BABY CAMPIONE YAMAHA R SERIES CUP 2010","date":"17 Ottobre 2010","format":false,"excerpt":"Riccardo Russo, 18 anni appena compiuti, \u00e8 il nuovo campione Yamaha R6 Metzeler Cup. La classe 600 del campionato monomarca pi\u00f9 competitivo del mondo si \u00e8 decisa anche stavolta all'ultima curva, confermandosi trampolino di lancio ideale per i talenti. Russo (concessionaria Viscardo Motors) che nel 2011 correr\u00e0\u00a0 il campionato europeo\u2026","rel":"","context":"In &quot;Tutte le news&quot;","img":{"alt_text":"","src":"","width":0,"height":0},"classes":[]},{"id":298,"url":"https:\/\/www.2-ruote.com\/IT\/?p=298","url_meta":{"origin":594,"position":5},"title":"3\u00b0 GIOVEDI DEL MOTOCICLISTA","date":"20 Maggio 2011","format":false,"excerpt":"\u00e0\u02c6 in arrivo il terzo appuntamento stagionale de Il Gioved\u00ec del Motociclista, la serie di incontri dedicati alla passione per le due ruote, organizzata da Yamaha Motor Italia presso il Red Point Caf\u00e8 Milano, in collaborazione con il suo Concessionario Ufficiale Negri Motors. Dopo The Rocker Luca Scassa e Macio\u2026","rel":"","context":"In &quot;Tutte le news&quot;","img":{"alt_text":"","src":"","width":0,"height":0},"classes":[]}],"jetpack_likes_enabled":true,"_links":{"self":[{"href":"https:\/\/www.2-ruote.com\/IT\/index.php?rest_route=\/wp\/v2\/posts\/594"}],"collection":[{"href":"https:\/\/www.2-ruote.com\/IT\/index.php?rest_route=\/wp\/v2\/posts"}],"about":[{"href":"https:\/\/www.2-ruote.com\/IT\/index.php?rest_route=\/wp\/v2\/types\/post"}],"author":[{"embeddable":true,"href":"https:\/\/www.2-ruote.com\/IT\/index.php?rest_route=\/wp\/v2\/users\/1"}],"replies":[{"embeddable":true,"href":"https:\/\/www.2-ruote.com\/IT\/index.php?rest_route=%2Fwp%2Fv2%2Fcomments&post=594"}],"version-history":[{"count":1,"href":"https:\/\/www.2-ruote.com\/IT\/index.php?rest_route=\/wp\/v2\/posts\/594\/revisions"}],"predecessor-version":[{"id":595,"href":"https:\/\/www.2-ruote.com\/IT\/index.php?rest_route=\/wp\/v2\/posts\/594\/revisions\/595"}],"wp:attachment":[{"href":"https:\/\/www.2-ruote.com\/IT\/index.php?rest_route=%2Fwp%2Fv2%2Fmedia&parent=594"}],"wp:term":[{"taxonomy":"category","embeddable":true,"href":"https:\/\/www.2-ruote.com\/IT\/index.php?rest_route=%2Fwp%2Fv2%2Fcategories&post=594"},{"taxonomy":"post_tag","embeddable":true,"href":"https:\/\/www.2-ruote.com\/IT\/index.php?rest_route=%2Fwp%2Fv2%2Ftags&post=594"}],"curies":[{"name":"wp","href":"https:\/\/api.w.org\/{rel}","templated":true}]}}