{"id":5984,"date":"2016-10-10T13:21:13","date_gmt":"2016-10-10T11:21:13","guid":{"rendered":"http:\/\/www.2-ruote.com\/IT\/?p=5984"},"modified":"2017-02-02T13:22:04","modified_gmt":"2017-02-02T12:22:04","slug":"andrea-iannone-non-prendera-parte-al-gp-del-giappone-in-programma-questo-fine-settimana-a-motegi-il-suo-rientro-in-gara-e-previsto-a-phillip-island","status":"publish","type":"post","link":"https:\/\/www.2-ruote.com\/IT\/?p=5984","title":{"rendered":"Andrea Iannone non prender\u00e0 parte al GP del Giappone in programma questo fine settimana a Motegi. Il suo rientro in gara \u00e8 previsto a Phillip Island"},"content":{"rendered":"<p><strong>Andrea Iannone non prender\u00e0 parte al GP del Giappone, in programma questo weekend sul circuito di Motegi.<\/strong><\/p>\n<p>Il pilota abruzzese del Ducati Team si \u00e9 sottoposto la scorsa settimana ad una serie di esami che hanno evidenziato il quasi totale assorbimento dell&#8217;edema e l&#8217;inizio del processo di calcificazione alla terza vertebra dorsale, fratturata a Misano durante la caduta nelle prime prove libere del GP di San Marino e della Riviera di Rimini.<\/p>\n<p>Il medico di fiducia di Iannone ha per\u00f2 consigliato al pilota di proseguire con la riabilitazione e di attendere ancora alcuni giorni, e un&#8217;ulteriore evoluzione positiva della processo di guarigione, prima di scendere nuovamente in pista.<\/p>\n<p>Il pilota di Vasto, d\u2019accordo con la sua squadra, ha quindi deciso di saltare il GP del Giappone e di rientrare in gara a Phillip Island per il GP di Australia, in programma dal 21 al 23 ottobre. Lo scorso anno, proprio a Phillip Island, Iannone disput\u00f2 una gara entusiasmante, terminata sul podio in terza posizione.<\/p>\n<p>Il Ducati Team ha deciso di non sostituire Iannone per la gara giapponese e quindi a Motegi per la squadra italiana sar\u00e0 presente solo Andrea Dovizioso.<\/p>\n<div class=\"sharedaddy sd-sharing-enabled\"><div class=\"robots-nocontent sd-block sd-social sd-social-icon sd-sharing\"><h3 class=\"sd-title\">Condividi:<\/h3><div class=\"sd-content\"><ul><li class=\"share-facebook\"><a rel=\"nofollow noopener noreferrer\" data-shared=\"sharing-facebook-5984\" class=\"share-facebook sd-button share-icon no-text\" href=\"https:\/\/www.2-ruote.com\/IT\/?p=5984&amp;share=facebook\" target=\"_blank\" title=\"Fai clic per condividere su Facebook\"><span><\/span><span class=\"sharing-screen-reader-text\">Fai clic per condividere su Facebook (Si apre in una nuova finestra)<\/span><\/a><\/li><li class=\"share-twitter\"><a rel=\"nofollow noopener noreferrer\" data-shared=\"sharing-twitter-5984\" class=\"share-twitter sd-button share-icon no-text\" href=\"https:\/\/www.2-ruote.com\/IT\/?p=5984&amp;share=twitter\" target=\"_blank\" title=\"Fai clic qui per condividere su Twitter\"><span><\/span><span class=\"sharing-screen-reader-text\">Fai clic qui per condividere su Twitter (Si apre in una nuova finestra)<\/span><\/a><\/li><li class=\"share-pinterest\"><a rel=\"nofollow noopener noreferrer\" data-shared=\"sharing-pinterest-5984\" class=\"share-pinterest sd-button share-icon no-text\" href=\"https:\/\/www.2-ruote.com\/IT\/?p=5984&amp;share=pinterest\" target=\"_blank\" title=\"Fai clic qui per condividere su Pinterest\"><span><\/span><span class=\"sharing-screen-reader-text\">Fai clic qui per condividere su Pinterest (Si apre in una nuova finestra)<\/span><\/a><\/li><li class=\"share-whatsapp\"><a rel=\"nofollow noopener noreferrer\" data-shared=\"\" class=\"share-whatsapp sd-button share-icon no-text\" href=\"https:\/\/www.2-ruote.com\/IT\/?p=5984&amp;share=whatsapp\" target=\"_blank\" title=\"Clicca per condividere su WhatsApp\"><span><\/span><span class=\"sharing-screen-reader-text\">Clicca per condividere su WhatsApp (Si apre in una nuova finestra)<\/span><\/a><\/li><li class=\"share-linkedin\"><a rel=\"nofollow noopener noreferrer\" data-shared=\"sharing-linkedin-5984\" class=\"share-linkedin sd-button share-icon no-text\" href=\"https:\/\/www.2-ruote.com\/IT\/?p=5984&amp;share=linkedin\" target=\"_blank\" title=\"Fai clic qui per condividere su LinkedIn\"><span><\/span><span class=\"sharing-screen-reader-text\">Fai clic qui per condividere su LinkedIn (Si apre in una nuova finestra)<\/span><\/a><\/li><li class=\"share-tumblr\"><a rel=\"nofollow noopener noreferrer\" data-shared=\"\" class=\"share-tumblr sd-button share-icon no-text\" href=\"https:\/\/www.2-ruote.com\/IT\/?p=5984&amp;share=tumblr\" target=\"_blank\" title=\"Fai clic qui per condividere su Tumblr\"><span><\/span><span class=\"sharing-screen-reader-text\">Fai clic qui per condividere su Tumblr (Si apre in una nuova finestra)<\/span><\/a><\/li><li class=\"share-pocket\"><a rel=\"nofollow noopener noreferrer\" data-shared=\"\" class=\"share-pocket sd-button share-icon no-text\" href=\"https:\/\/www.2-ruote.com\/IT\/?p=5984&amp;share=pocket\" target=\"_blank\" title=\"Fai clic qui per condividere su Pocket\"><span><\/span><span class=\"sharing-screen-reader-text\">Fai clic qui per condividere su Pocket (Si apre in una nuova finestra)<\/span><\/a><\/li><li class=\"share-reddit\"><a rel=\"nofollow noopener noreferrer\" data-shared=\"\" class=\"share-reddit sd-button share-icon no-text\" href=\"https:\/\/www.2-ruote.com\/IT\/?p=5984&amp;share=reddit\" target=\"_blank\" title=\"Fai clic qui per condividere su Reddit\"><span><\/span><span class=\"sharing-screen-reader-text\">Fai clic qui per condividere su Reddit (Si apre in una nuova finestra)<\/span><\/a><\/li><li class=\"share-print\"><a rel=\"nofollow noopener noreferrer\" data-shared=\"\" class=\"share-print sd-button share-icon no-text\" href=\"https:\/\/www.2-ruote.com\/IT\/?p=5984\" target=\"_blank\" title=\"Fai clic qui per stampare\"><span><\/span><span class=\"sharing-screen-reader-text\">Fai clic qui per stampare (Si apre in una nuova finestra)<\/span><\/a><\/li><li class=\"share-end\"><\/li><\/ul><\/div><\/div><\/div>","protected":false},"excerpt":{"rendered":"<p>Andrea Iannone non prender\u00e0 parte al GP del Giappone, in programma questo weekend sul circuito di Motegi. Il pilota abruzzese&hellip;<\/p>\n<div class=\"sharedaddy sd-sharing-enabled\"><div class=\"robots-nocontent sd-block sd-social sd-social-icon sd-sharing\"><h3 class=\"sd-title\">Condividi:<\/h3><div class=\"sd-content\"><ul><li class=\"share-facebook\"><a rel=\"nofollow noopener noreferrer\" data-shared=\"sharing-facebook-5984\" class=\"share-facebook sd-button share-icon no-text\" href=\"https:\/\/www.2-ruote.com\/IT\/?p=5984&amp;share=facebook\" target=\"_blank\" title=\"Fai clic per condividere su Facebook\"><span><\/span><span class=\"sharing-screen-reader-text\">Fai clic per condividere su Facebook (Si apre in una nuova finestra)<\/span><\/a><\/li><li class=\"share-twitter\"><a rel=\"nofollow noopener noreferrer\" data-shared=\"sharing-twitter-5984\" class=\"share-twitter sd-button share-icon no-text\" href=\"https:\/\/www.2-ruote.com\/IT\/?p=5984&amp;share=twitter\" target=\"_blank\" title=\"Fai clic qui per condividere su Twitter\"><span><\/span><span class=\"sharing-screen-reader-text\">Fai clic qui per condividere su Twitter (Si apre in una nuova finestra)<\/span><\/a><\/li><li class=\"share-pinterest\"><a rel=\"nofollow noopener noreferrer\" data-shared=\"sharing-pinterest-5984\" class=\"share-pinterest sd-button share-icon no-text\" href=\"https:\/\/www.2-ruote.com\/IT\/?p=5984&amp;share=pinterest\" target=\"_blank\" title=\"Fai clic qui per condividere su Pinterest\"><span><\/span><span class=\"sharing-screen-reader-text\">Fai clic qui per condividere su Pinterest (Si apre in una nuova finestra)<\/span><\/a><\/li><li class=\"share-whatsapp\"><a rel=\"nofollow noopener noreferrer\" data-shared=\"\" class=\"share-whatsapp sd-button share-icon no-text\" href=\"https:\/\/www.2-ruote.com\/IT\/?p=5984&amp;share=whatsapp\" target=\"_blank\" title=\"Clicca per condividere su WhatsApp\"><span><\/span><span class=\"sharing-screen-reader-text\">Clicca per condividere su WhatsApp (Si apre in una nuova finestra)<\/span><\/a><\/li><li class=\"share-linkedin\"><a rel=\"nofollow noopener noreferrer\" data-shared=\"sharing-linkedin-5984\" class=\"share-linkedin sd-button share-icon no-text\" href=\"https:\/\/www.2-ruote.com\/IT\/?p=5984&amp;share=linkedin\" target=\"_blank\" title=\"Fai clic qui per condividere su LinkedIn\"><span><\/span><span class=\"sharing-screen-reader-text\">Fai clic qui per condividere su LinkedIn (Si apre in una nuova finestra)<\/span><\/a><\/li><li class=\"share-tumblr\"><a rel=\"nofollow noopener noreferrer\" data-shared=\"\" class=\"share-tumblr sd-button share-icon no-text\" href=\"https:\/\/www.2-ruote.com\/IT\/?p=5984&amp;share=tumblr\" target=\"_blank\" title=\"Fai clic qui per condividere su Tumblr\"><span><\/span><span class=\"sharing-screen-reader-text\">Fai clic qui per condividere su Tumblr (Si apre in una nuova finestra)<\/span><\/a><\/li><li class=\"share-pocket\"><a rel=\"nofollow noopener noreferrer\" data-shared=\"\" class=\"share-pocket sd-button share-icon no-text\" href=\"https:\/\/www.2-ruote.com\/IT\/?p=5984&amp;share=pocket\" target=\"_blank\" title=\"Fai clic qui per condividere su Pocket\"><span><\/span><span class=\"sharing-screen-reader-text\">Fai clic qui per condividere su Pocket (Si apre in una nuova finestra)<\/span><\/a><\/li><li class=\"share-reddit\"><a rel=\"nofollow noopener noreferrer\" data-shared=\"\" class=\"share-reddit sd-button share-icon no-text\" href=\"https:\/\/www.2-ruote.com\/IT\/?p=5984&amp;share=reddit\" target=\"_blank\" title=\"Fai clic qui per condividere su Reddit\"><span><\/span><span class=\"sharing-screen-reader-text\">Fai clic qui per condividere su Reddit (Si apre in una nuova finestra)<\/span><\/a><\/li><li class=\"share-print\"><a rel=\"nofollow noopener noreferrer\" data-shared=\"\" class=\"share-print sd-button share-icon no-text\" href=\"https:\/\/www.2-ruote.com\/IT\/?p=5984\" target=\"_blank\" title=\"Fai clic qui per stampare\"><span><\/span><span class=\"sharing-screen-reader-text\">Fai clic qui per stampare (Si apre in una nuova finestra)<\/span><\/a><\/li><li class=\"share-end\"><\/li><\/ul><\/div><\/div><\/div>","protected":false},"author":1,"featured_media":0,"comment_status":"open","ping_status":"open","sticky":false,"template":"","format":"standard","meta":{"_mi_skip_tracking":false,"_monsterinsights_sitenote_active":false,"_monsterinsights_sitenote_note":"","_monsterinsights_sitenote_category":0,"spay_email":"","jetpack_publicize_message":"","jetpack_is_tweetstorm":false},"categories":[10,3],"tags":[22],"aioseo_notices":[],"jetpack_featured_media_url":"","jetpack_publicize_connections":[],"jetpack_sharing_enabled":true,"jetpack_shortlink":"https:\/\/wp.me\/p6TDfQ-1yw","jetpack-related-posts":[{"id":6859,"url":"https:\/\/www.2-ruote.com\/IT\/?p=6859","url_meta":{"origin":5984,"position":0},"title":"GP del Giappone: il Ducati Team schiera Hector Barbera insieme ad Andrea Dovizioso a Motegi","date":"13 Ottobre 2016","format":false,"excerpt":"Il Ducati Team \u00e8 a Motegi per il Gran Premio del Giappone, quartultimo appuntamento del Campionato Mondiale MotoGP 2016 e prima tappa dell\u2019impegnativa serie di tre gare extra-europee consecutive di fine stagione, che proseguir\u00e0 nei weekend successivi con altri due round in Australia e in Malesia. La squadra italiana scender\u00e0\u2026","rel":"","context":"In &quot;Ducati Corse&quot;","img":{"alt_text":"","src":"https:\/\/i2.wp.com\/www.2-ruote.com\/IT\/wp-content\/uploads\/2017\/02\/2016-Motegi-Ducati-11.jpg?fit=1200%2C800&ssl=1&resize=350%2C200","width":350,"height":200},"classes":[]},{"id":6856,"url":"https:\/\/www.2-ruote.com\/IT\/?p=6856","url_meta":{"origin":5984,"position":1},"title":"GP del Giappone. Andrea Dovizioso chiude al secondo posto la prima giornata di prove a Motegi. Quattordicesimo Hector Barbera, al debutto sulla Desmosedici GP del Ducati Team in sostituzione di Iannone","date":"14 Ottobre 2016","format":false,"excerpt":"Andrea Dovizioso ha ottenuto il secondo tempo nella classifica combinata delle due sessioni di prove libere disputate oggi sul circuito di Motegi. Con il crono di 1\u201945\u201d204, ottenuto all\u2019ultimo giro delle FP2 del pomeriggio, il pilota romagnolo si \u00e8 piazzato alle spalle di Jorge Lorenzo, leader provvisorio della giornata. Quattordicesimo\u2026","rel":"","context":"In &quot;Ducati Corse&quot;","img":{"alt_text":"","src":"https:\/\/i1.wp.com\/www.2-ruote.com\/IT\/wp-content\/uploads\/2017\/02\/2016-Motegi-Ducati-8.jpg?fit=1200%2C800&ssl=1&resize=350%2C200","width":350,"height":200},"classes":[]},{"id":6857,"url":"https:\/\/www.2-ruote.com\/IT\/?p=6857","url_meta":{"origin":5984,"position":2},"title":"GP del Giappone. Andrea Dovizioso e Hector Barbera chiudono rispettivamente al quarto e all\u2019ottavo posto le qualifiche sul circuito di Motegi","date":"15 Ottobre 2016","format":false,"excerpt":"Andrea Dovizioso ha ottenuto il quarto tempo nella sessione di qualifica del GP del Giappone, in programma domani su circuito di Motegi. Il pilota italiano del Ducati Team ha fatto segnare il crono di 1\u201944\u201d294 e ha mancato la prima fila per pochi centesimi di secondo. Hector Barbera, in sella\u2026","rel":"","context":"In &quot;Ducati Corse&quot;","img":{"alt_text":"","src":"https:\/\/i2.wp.com\/www.2-ruote.com\/IT\/wp-content\/uploads\/2017\/02\/2016-Motegi-Ducati-43.jpg?fit=1200%2C800&ssl=1&resize=350%2C200","width":350,"height":200},"classes":[]},{"id":6858,"url":"https:\/\/www.2-ruote.com\/IT\/?p=6858","url_meta":{"origin":5984,"position":3},"title":"Andrea Dovizioso sale sul podio a Motegi, grazie all\u2019ottimo secondo posto ottenuto nel GP del Giappone. Hector Barbera cade al nono giro e poi chiude la gara in diciassettesima posizione","date":"16 Ottobre 2016","format":false,"excerpt":"Grande prestazione di Andrea Dovizioso a Motegi. Il pilota del Ducati Team ha ottenuto un ottimo podio nel GP del Giappone grazie al secondo posto ottenuto nella gara di oggi. Dovizioso, che partiva dalla seconda fila, \u00e8 scattato bene al via ma ha perso alcune posizioni alla prima curva ed\u2026","rel":"","context":"In &quot;Ducati Corse&quot;","img":{"alt_text":"","src":"https:\/\/i2.wp.com\/www.2-ruote.com\/IT\/wp-content\/uploads\/2017\/02\/2016-Motegi-Ducati-1.jpg?fit=1200%2C800&ssl=1&resize=350%2C200","width":350,"height":200},"classes":[]},{"id":6911,"url":"https:\/\/www.2-ruote.com\/IT\/?p=6911","url_meta":{"origin":5984,"position":4},"title":"Andrea Dovizioso e Hector Barbera di nuovo compagni di squadra nel Ducati Team per il GP di Australia a Phillip Island","date":"18 Ottobre 2016","format":false,"excerpt":"Archiviato da pochi giorni il GP del Giappone, il Ducati Team \u00e8 gi\u00e0 arrivato in Australia sul circuito di Phillip Island, sede del sedicesimo round del Campionato Mondiale MotoGP e secondo appuntamento dell'impegnativa serie di tre gare extra-europee di fine stagione. Reduce da un ottimo secondo posto a Motegi, a\u2026","rel":"","context":"In &quot;Ducati Corse&quot;","img":{"alt_text":"","src":"https:\/\/i2.wp.com\/www.2-ruote.com\/IT\/wp-content\/uploads\/2017\/02\/2016-Phillip-Island-Ducati-31.jpg?fit=1200%2C800&ssl=1&resize=350%2C200","width":350,"height":200},"classes":[]},{"id":525,"url":"https:\/\/www.2-ruote.com\/IT\/?p=525","url_meta":{"origin":5984,"position":5},"title":"Andrea Iannone","date":"16 Febbraio 2015","format":false,"excerpt":"Andrea Iannone, al suo terzo anno in MotoGP, quest\u2019anno \u00e8 stato promosso nella squadra ufficiale Ducati Team, dove sar\u00e0 il compagno di squadra di Andrea Dovizioso. Il pilota abruzzese ha dimostrato gi\u00e0 lo scorso anno di avere tutte le carte in regola per poter essere tra i protagonisti della classe\u2026","rel":"","context":"In &quot;Ducati Corse&quot;","img":{"alt_text":"","src":"https:\/\/i2.wp.com\/www.2-ruote.com\/IT\/wp-content\/uploads\/2015\/02\/17-Ducati_MotGP_Team_2015_50_Iannone.jpg?fit=801%2C1200&ssl=1&resize=350%2C200","width":350,"height":200},"classes":[]}],"jetpack_likes_enabled":true,"_links":{"self":[{"href":"https:\/\/www.2-ruote.com\/IT\/index.php?rest_route=\/wp\/v2\/posts\/5984"}],"collection":[{"href":"https:\/\/www.2-ruote.com\/IT\/index.php?rest_route=\/wp\/v2\/posts"}],"about":[{"href":"https:\/\/www.2-ruote.com\/IT\/index.php?rest_route=\/wp\/v2\/types\/post"}],"author":[{"embeddable":true,"href":"https:\/\/www.2-ruote.com\/IT\/index.php?rest_route=\/wp\/v2\/users\/1"}],"replies":[{"embeddable":true,"href":"https:\/\/www.2-ruote.com\/IT\/index.php?rest_route=%2Fwp%2Fv2%2Fcomments&post=5984"}],"version-history":[{"count":1,"href":"https:\/\/www.2-ruote.com\/IT\/index.php?rest_route=\/wp\/v2\/posts\/5984\/revisions"}],"predecessor-version":[{"id":5989,"href":"https:\/\/www.2-ruote.com\/IT\/index.php?rest_route=\/wp\/v2\/posts\/5984\/revisions\/5989"}],"wp:attachment":[{"href":"https:\/\/www.2-ruote.com\/IT\/index.php?rest_route=%2Fwp%2Fv2%2Fmedia&parent=5984"}],"wp:term":[{"taxonomy":"category","embeddable":true,"href":"https:\/\/www.2-ruote.com\/IT\/index.php?rest_route=%2Fwp%2Fv2%2Fcategories&post=5984"},{"taxonomy":"post_tag","embeddable":true,"href":"https:\/\/www.2-ruote.com\/IT\/index.php?rest_route=%2Fwp%2Fv2%2Ftags&post=5984"}],"curies":[{"name":"wp","href":"https:\/\/api.w.org\/{rel}","templated":true}]}}