{"id":6777,"date":"2016-09-09T13:43:33","date_gmt":"2016-09-09T11:43:33","guid":{"rendered":"http:\/\/www.2-ruote.com\/IT\/?p=6777"},"modified":"2017-02-03T13:59:48","modified_gmt":"2017-02-03T12:59:48","slug":"gp-tim-di-san-marino-e-della-riviera-di-rimini-andrea-dovizioso-terzo-dopo-la-prima-giornata-di-prove-a-misano-andrea-iannone-cade-durante-la-sessione-del-mattino-e-riporta-una-frattura-alla-vertebr","status":"publish","type":"post","link":"https:\/\/www.2-ruote.com\/IT\/?p=6777","title":{"rendered":"GP TIM di San Marino e della Riviera di Rimini: Andrea Dovizioso terzo dopo la prima giornata di prove a Misano. Andrea Iannone cade durante la sessione del mattino e riporta una frattura alla vertebra D3. Quattordicesimo Michele Pirro con la Desmosedici"},"content":{"rendered":"<p class=\"jetpack-slideshow-noscript robots-nocontent\">Questo slideshow richiede JavaScript.<\/p><div id=\"gallery-6777-1-slideshow\" class=\"slideshow-window jetpack-slideshow slideshow-black\" data-trans=\"fade\" data-autostart=\"1\" data-gallery=\"[{&quot;src&quot;:&quot;https:\\\/\\\/i0.wp.com\\\/www.2-ruote.com\\\/IT\\\/wp-content\\\/uploads\\\/2017\\\/02\\\/2016-Misano-Ducati-17.jpg?fit=1024%2C682\\u0026ssl=1&quot;,&quot;id&quot;:&quot;6787&quot;,&quot;title&quot;:&quot;2016 \\u0026#8211; Misano \\u0026#8211; Ducati (17)&quot;,&quot;alt&quot;:&quot;&quot;,&quot;caption&quot;:&quot;&quot;,&quot;itemprop&quot;:&quot;image&quot;},{&quot;src&quot;:&quot;https:\\\/\\\/i0.wp.com\\\/www.2-ruote.com\\\/IT\\\/wp-content\\\/uploads\\\/2017\\\/02\\\/2016-Misano-Ducati-22.jpg?fit=1024%2C682\\u0026ssl=1&quot;,&quot;id&quot;:&quot;6792&quot;,&quot;title&quot;:&quot;2016 \\u0026#8211; Misano \\u0026#8211; Ducati (22)&quot;,&quot;alt&quot;:&quot;&quot;,&quot;caption&quot;:&quot;&quot;,&quot;itemprop&quot;:&quot;image&quot;},{&quot;src&quot;:&quot;https:\\\/\\\/i2.wp.com\\\/www.2-ruote.com\\\/IT\\\/wp-content\\\/uploads\\\/2017\\\/02\\\/2016-Misano-Ducati-26.jpg?fit=1024%2C682\\u0026ssl=1&quot;,&quot;id&quot;:&quot;6796&quot;,&quot;title&quot;:&quot;2016 \\u0026#8211; Misano \\u0026#8211; Ducati (26)&quot;,&quot;alt&quot;:&quot;&quot;,&quot;caption&quot;:&quot;&quot;,&quot;itemprop&quot;:&quot;image&quot;},{&quot;src&quot;:&quot;https:\\\/\\\/i0.wp.com\\\/www.2-ruote.com\\\/IT\\\/wp-content\\\/uploads\\\/2017\\\/02\\\/2016-Misano-Ducati-18.jpg?fit=1024%2C682\\u0026ssl=1&quot;,&quot;id&quot;:&quot;6788&quot;,&quot;title&quot;:&quot;2016 \\u0026#8211; Misano \\u0026#8211; Ducati (18)&quot;,&quot;alt&quot;:&quot;&quot;,&quot;caption&quot;:&quot;&quot;,&quot;itemprop&quot;:&quot;image&quot;},{&quot;src&quot;:&quot;https:\\\/\\\/i0.wp.com\\\/www.2-ruote.com\\\/IT\\\/wp-content\\\/uploads\\\/2017\\\/02\\\/2016-Misano-Ducati-7.jpg?fit=1024%2C682\\u0026ssl=1&quot;,&quot;id&quot;:&quot;6807&quot;,&quot;title&quot;:&quot;2016 \\u0026#8211; Misano \\u0026#8211; Ducati (7)&quot;,&quot;alt&quot;:&quot;&quot;,&quot;caption&quot;:&quot;&quot;,&quot;itemprop&quot;:&quot;image&quot;},{&quot;src&quot;:&quot;https:\\\/\\\/i2.wp.com\\\/www.2-ruote.com\\\/IT\\\/wp-content\\\/uploads\\\/2017\\\/02\\\/2016-Misano-Ducati-13.jpg?fit=1024%2C682\\u0026ssl=1&quot;,&quot;id&quot;:&quot;6783&quot;,&quot;title&quot;:&quot;2016 \\u0026#8211; Misano \\u0026#8211; Ducati (13)&quot;,&quot;alt&quot;:&quot;&quot;,&quot;caption&quot;:&quot;&quot;,&quot;itemprop&quot;:&quot;image&quot;},{&quot;src&quot;:&quot;https:\\\/\\\/i1.wp.com\\\/www.2-ruote.com\\\/IT\\\/wp-content\\\/uploads\\\/2017\\\/02\\\/2016-Misano-Ducati-3.jpg?fit=1024%2C682\\u0026ssl=1&quot;,&quot;id&quot;:&quot;6803&quot;,&quot;title&quot;:&quot;2016 \\u0026#8211; Misano \\u0026#8211; Ducati (3)&quot;,&quot;alt&quot;:&quot;&quot;,&quot;caption&quot;:&quot;&quot;,&quot;itemprop&quot;:&quot;image&quot;},{&quot;src&quot;:&quot;https:\\\/\\\/i1.wp.com\\\/www.2-ruote.com\\\/IT\\\/wp-content\\\/uploads\\\/2017\\\/02\\\/2016-Misano-Ducati-27.jpg?fit=1024%2C682\\u0026ssl=1&quot;,&quot;id&quot;:&quot;6797&quot;,&quot;title&quot;:&quot;2016 \\u0026#8211; Misano \\u0026#8211; Ducati (27)&quot;,&quot;alt&quot;:&quot;&quot;,&quot;caption&quot;:&quot;&quot;,&quot;itemprop&quot;:&quot;image&quot;},{&quot;src&quot;:&quot;https:\\\/\\\/i0.wp.com\\\/www.2-ruote.com\\\/IT\\\/wp-content\\\/uploads\\\/2017\\\/02\\\/2016-Misano-Ducati-28.jpg?fit=1024%2C682\\u0026ssl=1&quot;,&quot;id&quot;:&quot;6798&quot;,&quot;title&quot;:&quot;2016 \\u0026#8211; Misano \\u0026#8211; Ducati (28)&quot;,&quot;alt&quot;:&quot;&quot;,&quot;caption&quot;:&quot;&quot;,&quot;itemprop&quot;:&quot;image&quot;},{&quot;src&quot;:&quot;https:\\\/\\\/i2.wp.com\\\/www.2-ruote.com\\\/IT\\\/wp-content\\\/uploads\\\/2017\\\/02\\\/2016-Misano-Ducati-30.jpg?fit=1024%2C682\\u0026ssl=1&quot;,&quot;id&quot;:&quot;6800&quot;,&quot;title&quot;:&quot;2016 \\u0026#8211; Misano \\u0026#8211; Ducati (30)&quot;,&quot;alt&quot;:&quot;&quot;,&quot;caption&quot;:&quot;&quot;,&quot;itemprop&quot;:&quot;image&quot;},{&quot;src&quot;:&quot;https:\\\/\\\/i1.wp.com\\\/www.2-ruote.com\\\/IT\\\/wp-content\\\/uploads\\\/2017\\\/02\\\/2016-Misano-Ducati-4.jpg?fit=1024%2C682\\u0026ssl=1&quot;,&quot;id&quot;:&quot;6804&quot;,&quot;title&quot;:&quot;2016 \\u0026#8211; Misano \\u0026#8211; Ducati (4)&quot;,&quot;alt&quot;:&quot;&quot;,&quot;caption&quot;:&quot;&quot;,&quot;itemprop&quot;:&quot;image&quot;},{&quot;src&quot;:&quot;https:\\\/\\\/i2.wp.com\\\/www.2-ruote.com\\\/IT\\\/wp-content\\\/uploads\\\/2017\\\/02\\\/2016-Misano-Ducati-25.jpg?fit=1024%2C682\\u0026ssl=1&quot;,&quot;id&quot;:&quot;6795&quot;,&quot;title&quot;:&quot;2016 \\u0026#8211; Misano \\u0026#8211; Ducati (25)&quot;,&quot;alt&quot;:&quot;&quot;,&quot;caption&quot;:&quot;&quot;,&quot;itemprop&quot;:&quot;image&quot;},{&quot;src&quot;:&quot;https:\\\/\\\/i1.wp.com\\\/www.2-ruote.com\\\/IT\\\/wp-content\\\/uploads\\\/2017\\\/02\\\/2016-Misano-Ducati-9.jpg?fit=1024%2C682\\u0026ssl=1&quot;,&quot;id&quot;:&quot;6809&quot;,&quot;title&quot;:&quot;2016 \\u0026#8211; Misano \\u0026#8211; Ducati (9)&quot;,&quot;alt&quot;:&quot;&quot;,&quot;caption&quot;:&quot;&quot;,&quot;itemprop&quot;:&quot;image&quot;},{&quot;src&quot;:&quot;https:\\\/\\\/i2.wp.com\\\/www.2-ruote.com\\\/IT\\\/wp-content\\\/uploads\\\/2017\\\/02\\\/2016-Misano-Ducati-10.jpg?fit=1024%2C682\\u0026ssl=1&quot;,&quot;id&quot;:&quot;6810&quot;,&quot;title&quot;:&quot;2016 \\u0026#8211; Misano \\u0026#8211; Ducati (10)&quot;,&quot;alt&quot;:&quot;&quot;,&quot;caption&quot;:&quot;&quot;,&quot;itemprop&quot;:&quot;image&quot;},{&quot;src&quot;:&quot;https:\\\/\\\/i0.wp.com\\\/www.2-ruote.com\\\/IT\\\/wp-content\\\/uploads\\\/2017\\\/02\\\/2016-Misano-Ducati-23.jpg?fit=1024%2C682\\u0026ssl=1&quot;,&quot;id&quot;:&quot;6793&quot;,&quot;title&quot;:&quot;2016 \\u0026#8211; Misano \\u0026#8211; Ducati (23)&quot;,&quot;alt&quot;:&quot;&quot;,&quot;caption&quot;:&quot;&quot;,&quot;itemprop&quot;:&quot;image&quot;},{&quot;src&quot;:&quot;https:\\\/\\\/i0.wp.com\\\/www.2-ruote.com\\\/IT\\\/wp-content\\\/uploads\\\/2017\\\/02\\\/2016-Misano-Ducati-6.jpg?fit=1024%2C681\\u0026ssl=1&quot;,&quot;id&quot;:&quot;6806&quot;,&quot;title&quot;:&quot;2016 \\u0026#8211; Misano \\u0026#8211; Ducati (6)&quot;,&quot;alt&quot;:&quot;&quot;,&quot;caption&quot;:&quot;&quot;,&quot;itemprop&quot;:&quot;image&quot;},{&quot;src&quot;:&quot;https:\\\/\\\/i1.wp.com\\\/www.2-ruote.com\\\/IT\\\/wp-content\\\/uploads\\\/2017\\\/02\\\/2016-Misano-Ducati-19.jpg?fit=1024%2C682\\u0026ssl=1&quot;,&quot;id&quot;:&quot;6789&quot;,&quot;title&quot;:&quot;2016 \\u0026#8211; Misano \\u0026#8211; Ducati (19)&quot;,&quot;alt&quot;:&quot;&quot;,&quot;caption&quot;:&quot;&quot;,&quot;itemprop&quot;:&quot;image&quot;},{&quot;src&quot;:&quot;https:\\\/\\\/i1.wp.com\\\/www.2-ruote.com\\\/IT\\\/wp-content\\\/uploads\\\/2017\\\/02\\\/2016-Misano-Ducati-24.jpg?fit=1024%2C682\\u0026ssl=1&quot;,&quot;id&quot;:&quot;6794&quot;,&quot;title&quot;:&quot;2016 \\u0026#8211; Misano \\u0026#8211; Ducati (24)&quot;,&quot;alt&quot;:&quot;&quot;,&quot;caption&quot;:&quot;&quot;,&quot;itemprop&quot;:&quot;image&quot;},{&quot;src&quot;:&quot;https:\\\/\\\/i0.wp.com\\\/www.2-ruote.com\\\/IT\\\/wp-content\\\/uploads\\\/2017\\\/02\\\/2016-Misano-Ducati-21.jpg?fit=1024%2C682\\u0026ssl=1&quot;,&quot;id&quot;:&quot;6791&quot;,&quot;title&quot;:&quot;2016 \\u0026#8211; Misano \\u0026#8211; Ducati (21)&quot;,&quot;alt&quot;:&quot;&quot;,&quot;caption&quot;:&quot;&quot;,&quot;itemprop&quot;:&quot;image&quot;},{&quot;src&quot;:&quot;https:\\\/\\\/i0.wp.com\\\/www.2-ruote.com\\\/IT\\\/wp-content\\\/uploads\\\/2017\\\/02\\\/2016-Misano-Ducati-29.jpg?fit=1024%2C682\\u0026ssl=1&quot;,&quot;id&quot;:&quot;6799&quot;,&quot;title&quot;:&quot;2016 \\u0026#8211; Misano \\u0026#8211; Ducati (29)&quot;,&quot;alt&quot;:&quot;&quot;,&quot;caption&quot;:&quot;&quot;,&quot;itemprop&quot;:&quot;image&quot;},{&quot;src&quot;:&quot;https:\\\/\\\/i2.wp.com\\\/www.2-ruote.com\\\/IT\\\/wp-content\\\/uploads\\\/2017\\\/02\\\/2016-Misano-Ducati-20.jpg?fit=1024%2C682\\u0026ssl=1&quot;,&quot;id&quot;:&quot;6790&quot;,&quot;title&quot;:&quot;2016 \\u0026#8211; Misano \\u0026#8211; Ducati (20)&quot;,&quot;alt&quot;:&quot;&quot;,&quot;caption&quot;:&quot;&quot;,&quot;itemprop&quot;:&quot;image&quot;},{&quot;src&quot;:&quot;https:\\\/\\\/i1.wp.com\\\/www.2-ruote.com\\\/IT\\\/wp-content\\\/uploads\\\/2017\\\/02\\\/2016-Misano-Ducati-2.jpg?fit=1024%2C682\\u0026ssl=1&quot;,&quot;id&quot;:&quot;6802&quot;,&quot;title&quot;:&quot;2016 \\u0026#8211; Misano \\u0026#8211; Ducati (2)&quot;,&quot;alt&quot;:&quot;&quot;,&quot;caption&quot;:&quot;&quot;,&quot;itemprop&quot;:&quot;image&quot;},{&quot;src&quot;:&quot;https:\\\/\\\/i0.wp.com\\\/www.2-ruote.com\\\/IT\\\/wp-content\\\/uploads\\\/2017\\\/02\\\/2016-Misano-Ducati-1.jpg?fit=1024%2C682\\u0026ssl=1&quot;,&quot;id&quot;:&quot;6801&quot;,&quot;title&quot;:&quot;2016 \\u0026#8211; Misano \\u0026#8211; Ducati (1)&quot;,&quot;alt&quot;:&quot;&quot;,&quot;caption&quot;:&quot;&quot;,&quot;itemprop&quot;:&quot;image&quot;},{&quot;src&quot;:&quot;https:\\\/\\\/i0.wp.com\\\/www.2-ruote.com\\\/IT\\\/wp-content\\\/uploads\\\/2017\\\/02\\\/2016-Misano-Ducati-12.jpg?fit=1024%2C682\\u0026ssl=1&quot;,&quot;id&quot;:&quot;6782&quot;,&quot;title&quot;:&quot;2016 \\u0026#8211; Misano \\u0026#8211; Ducati (12)&quot;,&quot;alt&quot;:&quot;&quot;,&quot;caption&quot;:&quot;&quot;,&quot;itemprop&quot;:&quot;image&quot;},{&quot;src&quot;:&quot;https:\\\/\\\/i0.wp.com\\\/www.2-ruote.com\\\/IT\\\/wp-content\\\/uploads\\\/2017\\\/02\\\/2016-Misano-Ducati-5.jpg?fit=1024%2C681\\u0026ssl=1&quot;,&quot;id&quot;:&quot;6805&quot;,&quot;title&quot;:&quot;2016 \\u0026#8211; Misano \\u0026#8211; Ducati (5)&quot;,&quot;alt&quot;:&quot;&quot;,&quot;caption&quot;:&quot;&quot;,&quot;itemprop&quot;:&quot;image&quot;},{&quot;src&quot;:&quot;https:\\\/\\\/i1.wp.com\\\/www.2-ruote.com\\\/IT\\\/wp-content\\\/uploads\\\/2017\\\/02\\\/2016-Misano-Ducati-11.jpg?fit=1024%2C682\\u0026ssl=1&quot;,&quot;id&quot;:&quot;6781&quot;,&quot;title&quot;:&quot;2016 \\u0026#8211; Misano \\u0026#8211; Ducati (11)&quot;,&quot;alt&quot;:&quot;&quot;,&quot;caption&quot;:&quot;&quot;,&quot;itemprop&quot;:&quot;image&quot;},{&quot;src&quot;:&quot;https:\\\/\\\/i0.wp.com\\\/www.2-ruote.com\\\/IT\\\/wp-content\\\/uploads\\\/2017\\\/02\\\/2016-Misano-Ducati-14.jpg?fit=1024%2C682\\u0026ssl=1&quot;,&quot;id&quot;:&quot;6784&quot;,&quot;title&quot;:&quot;2016 \\u0026#8211; Misano \\u0026#8211; Ducati (14)&quot;,&quot;alt&quot;:&quot;&quot;,&quot;caption&quot;:&quot;&quot;,&quot;itemprop&quot;:&quot;image&quot;},{&quot;src&quot;:&quot;https:\\\/\\\/i1.wp.com\\\/www.2-ruote.com\\\/IT\\\/wp-content\\\/uploads\\\/2017\\\/02\\\/2016-Misano-Ducati-15.jpg?fit=1024%2C682\\u0026ssl=1&quot;,&quot;id&quot;:&quot;6785&quot;,&quot;title&quot;:&quot;2016 \\u0026#8211; Misano \\u0026#8211; Ducati (15)&quot;,&quot;alt&quot;:&quot;&quot;,&quot;caption&quot;:&quot;&quot;,&quot;itemprop&quot;:&quot;image&quot;},{&quot;src&quot;:&quot;https:\\\/\\\/i2.wp.com\\\/www.2-ruote.com\\\/IT\\\/wp-content\\\/uploads\\\/2017\\\/02\\\/2016-Misano-Ducati-16.jpg?fit=1024%2C682\\u0026ssl=1&quot;,&quot;id&quot;:&quot;6786&quot;,&quot;title&quot;:&quot;2016 \\u0026#8211; Misano \\u0026#8211; Ducati (16)&quot;,&quot;alt&quot;:&quot;&quot;,&quot;caption&quot;:&quot;&quot;,&quot;itemprop&quot;:&quot;image&quot;},{&quot;src&quot;:&quot;https:\\\/\\\/i2.wp.com\\\/www.2-ruote.com\\\/IT\\\/wp-content\\\/uploads\\\/2017\\\/02\\\/2016-Misano-Ducati-8.jpg?fit=1024%2C682\\u0026ssl=1&quot;,&quot;id&quot;:&quot;6808&quot;,&quot;title&quot;:&quot;2016 \\u0026#8211; Misano \\u0026#8211; Ducati (8)&quot;,&quot;alt&quot;:&quot;&quot;,&quot;caption&quot;:&quot;&quot;,&quot;itemprop&quot;:&quot;image&quot;}]\" itemscope itemtype=\"https:\/\/schema.org\/ImageGallery\"><\/div>\n<p><strong>Andrea Dovizioso ha chiuso al terzo posto la prima giornata di prove del GP TIM di San Marino e della Riviera di Rimini. Il pilota romagnolo del Ducati Team, dopo aver fatto segnare il settimo tempo nelle FP1 del mattino, ha poi ottenuto il terzo crono in 1\u201932\u201d901 nel pomeriggio.<\/strong><\/p>\n<p>Andrea Iannone \u00e8 invece incappato in una scivolata alla curva 13 nel corso del quinto giro della prima sessione di prove libere e, rotolando nella ghiaia, si \u00e8 provocato una contusione alla schiena. Trasportato prima al centro medico del circuito e poi in elicottero all\u2019Ospedale Bufalini di Cesena, il pilota di Vasto \u00e8 stato sottoposto ad una TAC che ha rivelato la presenza di una frattura alla vertebra D3. I medici del circuito hanno quindi deciso di visitare nuovamente Iannone domani mattina prima di decidere se il pilota abruzzese poter\u00e0 scendere in pista per le FP3.<\/p>\n<p>Michele Pirro, in gara a Misano con la Desmosedici GP del Ducati Test Team, ha chiuso la giornata odierna in quattordicesima posizione.<\/p>\n<blockquote><p><strong>Andrea Dovizioso (Ducati Team #04) \u2013 1\u201932\u201d901 (3\u00b0)<\/strong><br \/>\n\u201cSono soddisfatto di come abbiamo lavorato oggi, e del fatto che nel pomeriggio abbiamo fatto un bel passo avanti. Siamo partiti facendo alcune prove di gomme e di set-up e abbiamo migliorato sempre i nostri tempi, e questo \u00e8 molto importante. Siamo in linea con i pi\u00f9 veloci ma credo che domani sar\u00e0 necessario migliorarsi ancora, per poter rimanere fra i primi, e quindi ci dovremo concentrare sulle ultime rifiniture.\u201d<\/p><\/blockquote>\n<p>&nbsp;<\/p>\n<blockquote><p><strong>Andrea Iannone (Ducati Team #29) \u2013 1\u201934\u201d699 (19\u00b0)<\/strong><br \/>\n\u201cNel primo turno di FP1 nel quinto giro sono scivolato perdendo l\u2019anteriore alla curva 13 ed ho iniziato a rotolare nella ghiaia. Purtroppo ho riportato una compressione alla schiena e gli esami hanno poi evidenziato una frattura alla vertebra D3. I medici hanno deciso di controllarmi nuovamente domattina, prima di darmi l\u2019eventuale OK per la gara: io spero di riuscire a riposare bene questa notte e di svegliarmi senza troppo dolore, perch\u00e9 ci tengo particolarmente a correre qui a Misano.\u201d<\/p><\/blockquote>\n<p>&nbsp;<\/p>\n<blockquote><p><strong>Michele Pirro (Ducati Team #51) &#8211; 1\u201933\u2019\u2019885 (14\u00b0)<\/strong><br \/>\n\u201cNon siamo molto contenti delle prestazioni di oggi, ma ci siamo concentrati su alcune prove importanti per il passo gara. Abbiamo raccolto buone informazioni e penso che domani sar\u00e0 possibile fare un sensibile passo in avanti. La squadra sta lavorando bene e anche io far\u00f2 del mio meglio per migliorare la nostra posizione domani\u201d.<\/p><\/blockquote>\n<div class=\"sharedaddy sd-sharing-enabled\"><div class=\"robots-nocontent sd-block sd-social sd-social-icon sd-sharing\"><h3 class=\"sd-title\">Condividi:<\/h3><div class=\"sd-content\"><ul><li class=\"share-facebook\"><a rel=\"nofollow noopener noreferrer\" data-shared=\"sharing-facebook-6777\" class=\"share-facebook sd-button share-icon no-text\" href=\"https:\/\/www.2-ruote.com\/IT\/?p=6777&amp;share=facebook\" target=\"_blank\" title=\"Fai clic per condividere su Facebook\"><span><\/span><span class=\"sharing-screen-reader-text\">Fai clic per condividere su Facebook (Si apre in una nuova finestra)<\/span><\/a><\/li><li class=\"share-twitter\"><a rel=\"nofollow noopener noreferrer\" data-shared=\"sharing-twitter-6777\" class=\"share-twitter sd-button share-icon no-text\" href=\"https:\/\/www.2-ruote.com\/IT\/?p=6777&amp;share=twitter\" target=\"_blank\" title=\"Fai clic qui per condividere su Twitter\"><span><\/span><span class=\"sharing-screen-reader-text\">Fai clic qui per condividere su Twitter (Si apre in una nuova finestra)<\/span><\/a><\/li><li class=\"share-pinterest\"><a rel=\"nofollow noopener noreferrer\" data-shared=\"sharing-pinterest-6777\" class=\"share-pinterest sd-button share-icon no-text\" href=\"https:\/\/www.2-ruote.com\/IT\/?p=6777&amp;share=pinterest\" target=\"_blank\" title=\"Fai clic qui per condividere su Pinterest\"><span><\/span><span class=\"sharing-screen-reader-text\">Fai clic qui per condividere su Pinterest (Si apre in una nuova finestra)<\/span><\/a><\/li><li class=\"share-whatsapp\"><a rel=\"nofollow noopener noreferrer\" data-shared=\"\" class=\"share-whatsapp sd-button share-icon no-text\" href=\"https:\/\/www.2-ruote.com\/IT\/?p=6777&amp;share=whatsapp\" target=\"_blank\" title=\"Clicca per condividere su WhatsApp\"><span><\/span><span class=\"sharing-screen-reader-text\">Clicca per condividere su WhatsApp (Si apre in una nuova finestra)<\/span><\/a><\/li><li class=\"share-linkedin\"><a rel=\"nofollow noopener noreferrer\" data-shared=\"sharing-linkedin-6777\" class=\"share-linkedin sd-button share-icon no-text\" href=\"https:\/\/www.2-ruote.com\/IT\/?p=6777&amp;share=linkedin\" target=\"_blank\" title=\"Fai clic qui per condividere su LinkedIn\"><span><\/span><span class=\"sharing-screen-reader-text\">Fai clic qui per condividere su LinkedIn (Si apre in una nuova finestra)<\/span><\/a><\/li><li class=\"share-tumblr\"><a rel=\"nofollow noopener noreferrer\" data-shared=\"\" class=\"share-tumblr sd-button share-icon no-text\" href=\"https:\/\/www.2-ruote.com\/IT\/?p=6777&amp;share=tumblr\" target=\"_blank\" title=\"Fai clic qui per condividere su Tumblr\"><span><\/span><span class=\"sharing-screen-reader-text\">Fai clic qui per condividere su Tumblr (Si apre in una nuova finestra)<\/span><\/a><\/li><li class=\"share-pocket\"><a rel=\"nofollow noopener noreferrer\" data-shared=\"\" class=\"share-pocket sd-button share-icon no-text\" href=\"https:\/\/www.2-ruote.com\/IT\/?p=6777&amp;share=pocket\" target=\"_blank\" title=\"Fai clic qui per condividere su Pocket\"><span><\/span><span class=\"sharing-screen-reader-text\">Fai clic qui per condividere su Pocket (Si apre in una nuova finestra)<\/span><\/a><\/li><li class=\"share-reddit\"><a rel=\"nofollow noopener noreferrer\" data-shared=\"\" class=\"share-reddit sd-button share-icon no-text\" href=\"https:\/\/www.2-ruote.com\/IT\/?p=6777&amp;share=reddit\" target=\"_blank\" title=\"Fai clic qui per condividere su Reddit\"><span><\/span><span class=\"sharing-screen-reader-text\">Fai clic qui per condividere su Reddit (Si apre in una nuova finestra)<\/span><\/a><\/li><li class=\"share-print\"><a rel=\"nofollow noopener noreferrer\" data-shared=\"\" class=\"share-print sd-button share-icon no-text\" href=\"https:\/\/www.2-ruote.com\/IT\/?p=6777\" target=\"_blank\" title=\"Fai clic qui per stampare\"><span><\/span><span class=\"sharing-screen-reader-text\">Fai clic qui per stampare (Si apre in una nuova finestra)<\/span><\/a><\/li><li class=\"share-end\"><\/li><\/ul><\/div><\/div><\/div>","protected":false},"excerpt":{"rendered":"<p>Andrea Dovizioso ha chiuso al terzo posto la prima giornata di prove del GP TIM di San Marino e della&hellip;<\/p>\n<div class=\"sharedaddy sd-sharing-enabled\"><div class=\"robots-nocontent sd-block sd-social sd-social-icon sd-sharing\"><h3 class=\"sd-title\">Condividi:<\/h3><div class=\"sd-content\"><ul><li class=\"share-facebook\"><a rel=\"nofollow noopener noreferrer\" data-shared=\"sharing-facebook-6777\" class=\"share-facebook sd-button share-icon no-text\" href=\"https:\/\/www.2-ruote.com\/IT\/?p=6777&amp;share=facebook\" target=\"_blank\" title=\"Fai clic per condividere su Facebook\"><span><\/span><span class=\"sharing-screen-reader-text\">Fai clic per condividere su Facebook (Si apre in una nuova finestra)<\/span><\/a><\/li><li class=\"share-twitter\"><a rel=\"nofollow noopener noreferrer\" data-shared=\"sharing-twitter-6777\" class=\"share-twitter sd-button share-icon no-text\" href=\"https:\/\/www.2-ruote.com\/IT\/?p=6777&amp;share=twitter\" target=\"_blank\" title=\"Fai clic qui per condividere su Twitter\"><span><\/span><span class=\"sharing-screen-reader-text\">Fai clic qui per condividere su Twitter (Si apre in una nuova finestra)<\/span><\/a><\/li><li class=\"share-pinterest\"><a rel=\"nofollow noopener noreferrer\" data-shared=\"sharing-pinterest-6777\" class=\"share-pinterest sd-button share-icon no-text\" href=\"https:\/\/www.2-ruote.com\/IT\/?p=6777&amp;share=pinterest\" target=\"_blank\" title=\"Fai clic qui per condividere su Pinterest\"><span><\/span><span class=\"sharing-screen-reader-text\">Fai clic qui per condividere su Pinterest (Si apre in una nuova finestra)<\/span><\/a><\/li><li class=\"share-whatsapp\"><a rel=\"nofollow noopener noreferrer\" data-shared=\"\" class=\"share-whatsapp sd-button share-icon no-text\" href=\"https:\/\/www.2-ruote.com\/IT\/?p=6777&amp;share=whatsapp\" target=\"_blank\" title=\"Clicca per condividere su WhatsApp\"><span><\/span><span class=\"sharing-screen-reader-text\">Clicca per condividere su WhatsApp (Si apre in una nuova finestra)<\/span><\/a><\/li><li class=\"share-linkedin\"><a rel=\"nofollow noopener noreferrer\" data-shared=\"sharing-linkedin-6777\" class=\"share-linkedin sd-button share-icon no-text\" href=\"https:\/\/www.2-ruote.com\/IT\/?p=6777&amp;share=linkedin\" target=\"_blank\" title=\"Fai clic qui per condividere su LinkedIn\"><span><\/span><span class=\"sharing-screen-reader-text\">Fai clic qui per condividere su LinkedIn (Si apre in una nuova finestra)<\/span><\/a><\/li><li class=\"share-tumblr\"><a rel=\"nofollow noopener noreferrer\" data-shared=\"\" class=\"share-tumblr sd-button share-icon no-text\" href=\"https:\/\/www.2-ruote.com\/IT\/?p=6777&amp;share=tumblr\" target=\"_blank\" title=\"Fai clic qui per condividere su Tumblr\"><span><\/span><span class=\"sharing-screen-reader-text\">Fai clic qui per condividere su Tumblr (Si apre in una nuova finestra)<\/span><\/a><\/li><li class=\"share-pocket\"><a rel=\"nofollow noopener noreferrer\" data-shared=\"\" class=\"share-pocket sd-button share-icon no-text\" href=\"https:\/\/www.2-ruote.com\/IT\/?p=6777&amp;share=pocket\" target=\"_blank\" title=\"Fai clic qui per condividere su Pocket\"><span><\/span><span class=\"sharing-screen-reader-text\">Fai clic qui per condividere su Pocket (Si apre in una nuova finestra)<\/span><\/a><\/li><li class=\"share-reddit\"><a rel=\"nofollow noopener noreferrer\" data-shared=\"\" class=\"share-reddit sd-button share-icon no-text\" href=\"https:\/\/www.2-ruote.com\/IT\/?p=6777&amp;share=reddit\" target=\"_blank\" title=\"Fai clic qui per condividere su Reddit\"><span><\/span><span class=\"sharing-screen-reader-text\">Fai clic qui per condividere su Reddit (Si apre in una nuova finestra)<\/span><\/a><\/li><li class=\"share-print\"><a rel=\"nofollow noopener noreferrer\" data-shared=\"\" class=\"share-print sd-button share-icon no-text\" href=\"https:\/\/www.2-ruote.com\/IT\/?p=6777\" target=\"_blank\" title=\"Fai clic qui per stampare\"><span><\/span><span class=\"sharing-screen-reader-text\">Fai clic qui per stampare (Si apre in una nuova finestra)<\/span><\/a><\/li><li class=\"share-end\"><\/li><\/ul><\/div><\/div><\/div>","protected":false},"author":1,"featured_media":6803,"comment_status":"open","ping_status":"open","sticky":false,"template":"","format":"standard","meta":{"_mi_skip_tracking":false,"_monsterinsights_sitenote_active":false,"_monsterinsights_sitenote_note":"","_monsterinsights_sitenote_category":0,"spay_email":"","jetpack_publicize_message":"","jetpack_is_tweetstorm":false},"categories":[10,3],"tags":[21,22,52],"aioseo_notices":[],"jetpack_featured_media_url":"https:\/\/i1.wp.com\/www.2-ruote.com\/IT\/wp-content\/uploads\/2017\/02\/2016-Misano-Ducati-3.jpg?fit=2000%2C1333&ssl=1","jetpack_publicize_connections":[],"jetpack_sharing_enabled":true,"jetpack_shortlink":"https:\/\/wp.me\/p6TDfQ-1Lj","jetpack-related-posts":[{"id":6779,"url":"https:\/\/www.2-ruote.com\/IT\/?p=6779","url_meta":{"origin":6777,"position":0},"title":"Andrea Dovizioso e Michele Pirro ottengono un sesto e un settimo posto a Misano nel GP TIM di San Marino e della Riviera di Rimini","date":"11 Settembre 2016","format":false,"excerpt":"I due piloti del Ducati Team Andrea Dovizioso e Michele Pirro hanno ottenuto rispettivamente il sesto ed il settimo posto nel GP TIM di San Marino e della Riviera di Rimini, disputato oggi sul Misano World Circuit. Andrea Dovizioso, che scattava dalla seconda fila grazie al sesto tempo ottenuto ieri\u2026","rel":"","context":"In &quot;Ducati Corse&quot;","img":{"alt_text":"","src":"https:\/\/i1.wp.com\/www.2-ruote.com\/IT\/wp-content\/uploads\/2017\/02\/2016-Misano-Ducati-27.jpg?fit=1200%2C800&ssl=1&resize=350%2C200","width":350,"height":200},"classes":[]},{"id":6778,"url":"https:\/\/www.2-ruote.com\/IT\/?p=6778","url_meta":{"origin":6777,"position":1},"title":"Seconda fila domani per Michele Pirro e Andrea Dovizioso, quinto e sesto nelle qualifiche del GP TIM di San Marino e della Riviera di Rimini. Andrea Iannone dichiarato \u201cunfit\u201d dai medici dovr\u00e0 saltare la gara di Misano","date":"10 Settembre 2016","format":false,"excerpt":"Michele Pirro ha ottenuto il quinto tempo nelle qualifiche del GP TIM di San Marino e della Riviera di Rimini e partir\u00e0 quindi dalla seconda fila per la gara di domani. Il pilota collaudatore pugliese era stato iscritto alla gara come wild-card con la Desmosedici GP del Ducati Test Team\u2026","rel":"","context":"In &quot;Ducati Corse&quot;","img":{"alt_text":"","src":"https:\/\/i1.wp.com\/www.2-ruote.com\/IT\/wp-content\/uploads\/2017\/02\/2016-Misano-Ducati-2.jpg?fit=1200%2C800&ssl=1&resize=350%2C200","width":350,"height":200},"classes":[]},{"id":733,"url":"https:\/\/www.2-ruote.com\/IT\/?p=733","url_meta":{"origin":6777,"position":2},"title":"GP de la Comunitat Valenciana. Iannone settimo e Dovizioso nono nelle qualifiche sul circuito Ricardo Tormo. I due piloti del Ducati Team partiranno in terza fila domani mentre Michele Pirro, tredicesimo, partir\u00e0 in quarta fila.","date":"7 Novembre 2015","format":false,"excerpt":"MotoGP 2015 - Round 18 - Valencia Alla fine della seconda giornata del GP de la Comunitat Valenciana, in programma sul circuito Ricardo Tormo a Cheste, i due piloti del Ducati Team si sono qualificati in terza fila. Andrea Iannone ha infatti ottenuto il settimo crono nella sessione di Q2,\u2026","rel":"","context":"In &quot;Ducati Corse&quot;","img":{"alt_text":"","src":"","width":0,"height":0},"classes":[]},{"id":6463,"url":"https:\/\/www.2-ruote.com\/IT\/?p=6463","url_meta":{"origin":6777,"position":3},"title":"Ottima prestazione di Andrea Iannone, che chiude al comando la prima giornata di prove del GP d\u2019Italia TIM al Mugello. Michele Pirro termina al terzo posto e Andrea Dovizioso tredicesimo","date":"20 Maggio 2016","format":false,"excerpt":"Ottimo inizio per Andrea Iannone nel GP d\u2019Italia TIM, che si disputa questo fine settimana sul Circuito del Mugello. Il pilota abruzzese ha infatti ottenuto il miglior tempo facendo segnare un crono di 1\u201947\u201d696 nella seconda sessione di prove libere. Molto buona anche la prova di Michele Pirro, iscritto alla\u2026","rel":"","context":"In &quot;Ducati Corse&quot;","img":{"alt_text":"","src":"https:\/\/i2.wp.com\/www.2-ruote.com\/IT\/wp-content\/uploads\/2017\/02\/2016-Mugello-Ducati-15.jpg?fit=1200%2C800&ssl=1&resize=350%2C200","width":350,"height":200},"classes":[]},{"id":6780,"url":"https:\/\/www.2-ruote.com\/IT\/?p=6780","url_meta":{"origin":6777,"position":4},"title":"Il Ducati Team arriva a Misano per il Gran Premio TIM di San Marino e della Riviera di Rimini, la seconda \u201cgara di casa\u201d","date":"7 Settembre 2016","format":false,"excerpt":"Dopo l\u2019appuntamento oltremanica a Silverstone di domenica scorsa, il Ducati Team torna in Italia per la tredicesima tappa del Campionato Mondiale MotoGP 2016. Il Gran Premio TIM di San Marino e della Riviera di Rimini si svolger\u00e0 infatti sul Misano World Circuit, il circuito romagnolo che si trova a poco\u2026","rel":"","context":"In &quot;Ducati Corse&quot;","img":{"alt_text":"","src":"https:\/\/i0.wp.com\/www.2-ruote.com\/IT\/wp-content\/uploads\/2017\/02\/2016-Misano-Ducati-14.jpg?fit=1200%2C800&ssl=1&resize=350%2C200","width":350,"height":200},"classes":[]},{"id":6815,"url":"https:\/\/www.2-ruote.com\/IT\/?p=6815","url_meta":{"origin":6777,"position":5},"title":"Dovizioso decimo dopo la prima giornata di prove ad Arag\u00f3n. Iannone scende in pista per le FP1 ma poi deve rinunciare al GP per il riacutizzarsi del dolore alla schiena. Pirro lo sostituisce per le FP2 ed ottiene il quindicesimo crono.","date":"23 Settembre 2016","format":false,"excerpt":"Andrea Dovizioso ha ottenuto il decimo tempo alla fine della prima giornata di prove del Gran Premio de Arag\u00f3n, in programma questo weekend sul moderno circuito alle porte di Alca\u00f1iz. Il pilota romagnolo del Ducati Team aveva terminato le FP1 del mattino in quarta posizione, ma nel pomeriggio ha sofferto\u2026","rel":"","context":"In &quot;Ducati Corse&quot;","img":{"alt_text":"","src":"https:\/\/i1.wp.com\/www.2-ruote.com\/IT\/wp-content\/uploads\/2017\/02\/2016-Aragon-Ducati-28.jpg?fit=1200%2C800&ssl=1&resize=350%2C200","width":350,"height":200},"classes":[]}],"jetpack_likes_enabled":true,"_links":{"self":[{"href":"https:\/\/www.2-ruote.com\/IT\/index.php?rest_route=\/wp\/v2\/posts\/6777"}],"collection":[{"href":"https:\/\/www.2-ruote.com\/IT\/index.php?rest_route=\/wp\/v2\/posts"}],"about":[{"href":"https:\/\/www.2-ruote.com\/IT\/index.php?rest_route=\/wp\/v2\/types\/post"}],"author":[{"embeddable":true,"href":"https:\/\/www.2-ruote.com\/IT\/index.php?rest_route=\/wp\/v2\/users\/1"}],"replies":[{"embeddable":true,"href":"https:\/\/www.2-ruote.com\/IT\/index.php?rest_route=%2Fwp%2Fv2%2Fcomments&post=6777"}],"version-history":[{"count":1,"href":"https:\/\/www.2-ruote.com\/IT\/index.php?rest_route=\/wp\/v2\/posts\/6777\/revisions"}],"predecessor-version":[{"id":6813,"href":"https:\/\/www.2-ruote.com\/IT\/index.php?rest_route=\/wp\/v2\/posts\/6777\/revisions\/6813"}],"wp:featuredmedia":[{"embeddable":true,"href":"https:\/\/www.2-ruote.com\/IT\/index.php?rest_route=\/wp\/v2\/media\/6803"}],"wp:attachment":[{"href":"https:\/\/www.2-ruote.com\/IT\/index.php?rest_route=%2Fwp%2Fv2%2Fmedia&parent=6777"}],"wp:term":[{"taxonomy":"category","embeddable":true,"href":"https:\/\/www.2-ruote.com\/IT\/index.php?rest_route=%2Fwp%2Fv2%2Fcategories&post=6777"},{"taxonomy":"post_tag","embeddable":true,"href":"https:\/\/www.2-ruote.com\/IT\/index.php?rest_route=%2Fwp%2Fv2%2Ftags&post=6777"}],"curies":[{"name":"wp","href":"https:\/\/api.w.org\/{rel}","templated":true}]}}