{"id":6778,"date":"2016-09-10T13:43:34","date_gmt":"2016-09-10T11:43:34","guid":{"rendered":"http:\/\/www.2-ruote.com\/IT\/?p=6778"},"modified":"2017-02-03T13:59:57","modified_gmt":"2017-02-03T12:59:57","slug":"seconda-fila-domani-per-michele-pirro-e-andrea-dovizioso-quinto-e-sesto-nelle-qualifiche-del-gp-tim-di-san-marino-e-della-riviera-di-rimini-andrea-iannone-dichiarato-unfit-dai-medi","status":"publish","type":"post","link":"https:\/\/www.2-ruote.com\/IT\/?p=6778","title":{"rendered":"Seconda fila domani per Michele Pirro e Andrea Dovizioso, quinto e sesto nelle qualifiche del GP TIM di San Marino e della Riviera di Rimini. Andrea Iannone dichiarato \u201cunfit\u201d dai medici dovr\u00e0 saltare la gara di Misano"},"content":{"rendered":"<p class=\"jetpack-slideshow-noscript robots-nocontent\">Questo slideshow richiede JavaScript.<\/p><div id=\"gallery-6778-1-slideshow\" class=\"slideshow-window jetpack-slideshow slideshow-black\" data-trans=\"fade\" data-autostart=\"1\" data-gallery=\"[{&quot;src&quot;:&quot;https:\\\/\\\/i0.wp.com\\\/www.2-ruote.com\\\/IT\\\/wp-content\\\/uploads\\\/2017\\\/02\\\/2016-Misano-Ducati-22.jpg?fit=1024%2C682\\u0026ssl=1&quot;,&quot;id&quot;:&quot;6792&quot;,&quot;title&quot;:&quot;2016 \\u0026#8211; Misano \\u0026#8211; Ducati (22)&quot;,&quot;alt&quot;:&quot;&quot;,&quot;caption&quot;:&quot;&quot;,&quot;itemprop&quot;:&quot;image&quot;},{&quot;src&quot;:&quot;https:\\\/\\\/i0.wp.com\\\/www.2-ruote.com\\\/IT\\\/wp-content\\\/uploads\\\/2017\\\/02\\\/2016-Misano-Ducati-21.jpg?fit=1024%2C682\\u0026ssl=1&quot;,&quot;id&quot;:&quot;6791&quot;,&quot;title&quot;:&quot;2016 \\u0026#8211; Misano \\u0026#8211; Ducati (21)&quot;,&quot;alt&quot;:&quot;&quot;,&quot;caption&quot;:&quot;&quot;,&quot;itemprop&quot;:&quot;image&quot;},{&quot;src&quot;:&quot;https:\\\/\\\/i2.wp.com\\\/www.2-ruote.com\\\/IT\\\/wp-content\\\/uploads\\\/2017\\\/02\\\/2016-Misano-Ducati-30.jpg?fit=1024%2C682\\u0026ssl=1&quot;,&quot;id&quot;:&quot;6800&quot;,&quot;title&quot;:&quot;2016 \\u0026#8211; Misano \\u0026#8211; Ducati (30)&quot;,&quot;alt&quot;:&quot;&quot;,&quot;caption&quot;:&quot;&quot;,&quot;itemprop&quot;:&quot;image&quot;},{&quot;src&quot;:&quot;https:\\\/\\\/i2.wp.com\\\/www.2-ruote.com\\\/IT\\\/wp-content\\\/uploads\\\/2017\\\/02\\\/2016-Misano-Ducati-25.jpg?fit=1024%2C682\\u0026ssl=1&quot;,&quot;id&quot;:&quot;6795&quot;,&quot;title&quot;:&quot;2016 \\u0026#8211; Misano \\u0026#8211; Ducati (25)&quot;,&quot;alt&quot;:&quot;&quot;,&quot;caption&quot;:&quot;&quot;,&quot;itemprop&quot;:&quot;image&quot;},{&quot;src&quot;:&quot;https:\\\/\\\/i1.wp.com\\\/www.2-ruote.com\\\/IT\\\/wp-content\\\/uploads\\\/2017\\\/02\\\/2016-Misano-Ducati-2.jpg?fit=1024%2C682\\u0026ssl=1&quot;,&quot;id&quot;:&quot;6802&quot;,&quot;title&quot;:&quot;2016 \\u0026#8211; Misano \\u0026#8211; Ducati (2)&quot;,&quot;alt&quot;:&quot;&quot;,&quot;caption&quot;:&quot;&quot;,&quot;itemprop&quot;:&quot;image&quot;},{&quot;src&quot;:&quot;https:\\\/\\\/i0.wp.com\\\/www.2-ruote.com\\\/IT\\\/wp-content\\\/uploads\\\/2017\\\/02\\\/2016-Misano-Ducati-6.jpg?fit=1024%2C681\\u0026ssl=1&quot;,&quot;id&quot;:&quot;6806&quot;,&quot;title&quot;:&quot;2016 \\u0026#8211; Misano \\u0026#8211; Ducati (6)&quot;,&quot;alt&quot;:&quot;&quot;,&quot;caption&quot;:&quot;&quot;,&quot;itemprop&quot;:&quot;image&quot;},{&quot;src&quot;:&quot;https:\\\/\\\/i1.wp.com\\\/www.2-ruote.com\\\/IT\\\/wp-content\\\/uploads\\\/2017\\\/02\\\/2016-Misano-Ducati-4.jpg?fit=1024%2C682\\u0026ssl=1&quot;,&quot;id&quot;:&quot;6804&quot;,&quot;title&quot;:&quot;2016 \\u0026#8211; Misano \\u0026#8211; Ducati (4)&quot;,&quot;alt&quot;:&quot;&quot;,&quot;caption&quot;:&quot;&quot;,&quot;itemprop&quot;:&quot;image&quot;},{&quot;src&quot;:&quot;https:\\\/\\\/i1.wp.com\\\/www.2-ruote.com\\\/IT\\\/wp-content\\\/uploads\\\/2017\\\/02\\\/2016-Misano-Ducati-9.jpg?fit=1024%2C682\\u0026ssl=1&quot;,&quot;id&quot;:&quot;6809&quot;,&quot;title&quot;:&quot;2016 \\u0026#8211; Misano \\u0026#8211; Ducati (9)&quot;,&quot;alt&quot;:&quot;&quot;,&quot;caption&quot;:&quot;&quot;,&quot;itemprop&quot;:&quot;image&quot;},{&quot;src&quot;:&quot;https:\\\/\\\/i2.wp.com\\\/www.2-ruote.com\\\/IT\\\/wp-content\\\/uploads\\\/2017\\\/02\\\/2016-Misano-Ducati-10.jpg?fit=1024%2C682\\u0026ssl=1&quot;,&quot;id&quot;:&quot;6810&quot;,&quot;title&quot;:&quot;2016 \\u0026#8211; Misano \\u0026#8211; Ducati (10)&quot;,&quot;alt&quot;:&quot;&quot;,&quot;caption&quot;:&quot;&quot;,&quot;itemprop&quot;:&quot;image&quot;},{&quot;src&quot;:&quot;https:\\\/\\\/i0.wp.com\\\/www.2-ruote.com\\\/IT\\\/wp-content\\\/uploads\\\/2017\\\/02\\\/2016-Misano-Ducati-17.jpg?fit=1024%2C682\\u0026ssl=1&quot;,&quot;id&quot;:&quot;6787&quot;,&quot;title&quot;:&quot;2016 \\u0026#8211; Misano \\u0026#8211; Ducati (17)&quot;,&quot;alt&quot;:&quot;&quot;,&quot;caption&quot;:&quot;&quot;,&quot;itemprop&quot;:&quot;image&quot;},{&quot;src&quot;:&quot;https:\\\/\\\/i1.wp.com\\\/www.2-ruote.com\\\/IT\\\/wp-content\\\/uploads\\\/2017\\\/02\\\/2016-Misano-Ducati-24.jpg?fit=1024%2C682\\u0026ssl=1&quot;,&quot;id&quot;:&quot;6794&quot;,&quot;title&quot;:&quot;2016 \\u0026#8211; Misano \\u0026#8211; Ducati (24)&quot;,&quot;alt&quot;:&quot;&quot;,&quot;caption&quot;:&quot;&quot;,&quot;itemprop&quot;:&quot;image&quot;},{&quot;src&quot;:&quot;https:\\\/\\\/i2.wp.com\\\/www.2-ruote.com\\\/IT\\\/wp-content\\\/uploads\\\/2017\\\/02\\\/2016-Misano-Ducati-20.jpg?fit=1024%2C682\\u0026ssl=1&quot;,&quot;id&quot;:&quot;6790&quot;,&quot;title&quot;:&quot;2016 \\u0026#8211; Misano \\u0026#8211; Ducati (20)&quot;,&quot;alt&quot;:&quot;&quot;,&quot;caption&quot;:&quot;&quot;,&quot;itemprop&quot;:&quot;image&quot;},{&quot;src&quot;:&quot;https:\\\/\\\/i0.wp.com\\\/www.2-ruote.com\\\/IT\\\/wp-content\\\/uploads\\\/2017\\\/02\\\/2016-Misano-Ducati-14.jpg?fit=1024%2C682\\u0026ssl=1&quot;,&quot;id&quot;:&quot;6784&quot;,&quot;title&quot;:&quot;2016 \\u0026#8211; Misano \\u0026#8211; Ducati (14)&quot;,&quot;alt&quot;:&quot;&quot;,&quot;caption&quot;:&quot;&quot;,&quot;itemprop&quot;:&quot;image&quot;},{&quot;src&quot;:&quot;https:\\\/\\\/i2.wp.com\\\/www.2-ruote.com\\\/IT\\\/wp-content\\\/uploads\\\/2017\\\/02\\\/2016-Misano-Ducati-13.jpg?fit=1024%2C682\\u0026ssl=1&quot;,&quot;id&quot;:&quot;6783&quot;,&quot;title&quot;:&quot;2016 \\u0026#8211; Misano \\u0026#8211; Ducati (13)&quot;,&quot;alt&quot;:&quot;&quot;,&quot;caption&quot;:&quot;&quot;,&quot;itemprop&quot;:&quot;image&quot;},{&quot;src&quot;:&quot;https:\\\/\\\/i2.wp.com\\\/www.2-ruote.com\\\/IT\\\/wp-content\\\/uploads\\\/2017\\\/02\\\/2016-Misano-Ducati-8.jpg?fit=1024%2C682\\u0026ssl=1&quot;,&quot;id&quot;:&quot;6808&quot;,&quot;title&quot;:&quot;2016 \\u0026#8211; Misano \\u0026#8211; Ducati (8)&quot;,&quot;alt&quot;:&quot;&quot;,&quot;caption&quot;:&quot;&quot;,&quot;itemprop&quot;:&quot;image&quot;},{&quot;src&quot;:&quot;https:\\\/\\\/i0.wp.com\\\/www.2-ruote.com\\\/IT\\\/wp-content\\\/uploads\\\/2017\\\/02\\\/2016-Misano-Ducati-7.jpg?fit=1024%2C682\\u0026ssl=1&quot;,&quot;id&quot;:&quot;6807&quot;,&quot;title&quot;:&quot;2016 \\u0026#8211; Misano \\u0026#8211; Ducati (7)&quot;,&quot;alt&quot;:&quot;&quot;,&quot;caption&quot;:&quot;&quot;,&quot;itemprop&quot;:&quot;image&quot;},{&quot;src&quot;:&quot;https:\\\/\\\/i2.wp.com\\\/www.2-ruote.com\\\/IT\\\/wp-content\\\/uploads\\\/2017\\\/02\\\/2016-Misano-Ducati-26.jpg?fit=1024%2C682\\u0026ssl=1&quot;,&quot;id&quot;:&quot;6796&quot;,&quot;title&quot;:&quot;2016 \\u0026#8211; Misano \\u0026#8211; Ducati (26)&quot;,&quot;alt&quot;:&quot;&quot;,&quot;caption&quot;:&quot;&quot;,&quot;itemprop&quot;:&quot;image&quot;},{&quot;src&quot;:&quot;https:\\\/\\\/i1.wp.com\\\/www.2-ruote.com\\\/IT\\\/wp-content\\\/uploads\\\/2017\\\/02\\\/2016-Misano-Ducati-15.jpg?fit=1024%2C682\\u0026ssl=1&quot;,&quot;id&quot;:&quot;6785&quot;,&quot;title&quot;:&quot;2016 \\u0026#8211; Misano \\u0026#8211; Ducati (15)&quot;,&quot;alt&quot;:&quot;&quot;,&quot;caption&quot;:&quot;&quot;,&quot;itemprop&quot;:&quot;image&quot;},{&quot;src&quot;:&quot;https:\\\/\\\/i0.wp.com\\\/www.2-ruote.com\\\/IT\\\/wp-content\\\/uploads\\\/2017\\\/02\\\/2016-Misano-Ducati-1.jpg?fit=1024%2C682\\u0026ssl=1&quot;,&quot;id&quot;:&quot;6801&quot;,&quot;title&quot;:&quot;2016 \\u0026#8211; Misano \\u0026#8211; Ducati (1)&quot;,&quot;alt&quot;:&quot;&quot;,&quot;caption&quot;:&quot;&quot;,&quot;itemprop&quot;:&quot;image&quot;},{&quot;src&quot;:&quot;https:\\\/\\\/i0.wp.com\\\/www.2-ruote.com\\\/IT\\\/wp-content\\\/uploads\\\/2017\\\/02\\\/2016-Misano-Ducati-18.jpg?fit=1024%2C682\\u0026ssl=1&quot;,&quot;id&quot;:&quot;6788&quot;,&quot;title&quot;:&quot;2016 \\u0026#8211; Misano \\u0026#8211; Ducati (18)&quot;,&quot;alt&quot;:&quot;&quot;,&quot;caption&quot;:&quot;&quot;,&quot;itemprop&quot;:&quot;image&quot;},{&quot;src&quot;:&quot;https:\\\/\\\/i1.wp.com\\\/www.2-ruote.com\\\/IT\\\/wp-content\\\/uploads\\\/2017\\\/02\\\/2016-Misano-Ducati-19.jpg?fit=1024%2C682\\u0026ssl=1&quot;,&quot;id&quot;:&quot;6789&quot;,&quot;title&quot;:&quot;2016 \\u0026#8211; Misano \\u0026#8211; Ducati (19)&quot;,&quot;alt&quot;:&quot;&quot;,&quot;caption&quot;:&quot;&quot;,&quot;itemprop&quot;:&quot;image&quot;},{&quot;src&quot;:&quot;https:\\\/\\\/i1.wp.com\\\/www.2-ruote.com\\\/IT\\\/wp-content\\\/uploads\\\/2017\\\/02\\\/2016-Misano-Ducati-3.jpg?fit=1024%2C682\\u0026ssl=1&quot;,&quot;id&quot;:&quot;6803&quot;,&quot;title&quot;:&quot;2016 \\u0026#8211; Misano \\u0026#8211; Ducati (3)&quot;,&quot;alt&quot;:&quot;&quot;,&quot;caption&quot;:&quot;&quot;,&quot;itemprop&quot;:&quot;image&quot;},{&quot;src&quot;:&quot;https:\\\/\\\/i1.wp.com\\\/www.2-ruote.com\\\/IT\\\/wp-content\\\/uploads\\\/2017\\\/02\\\/2016-Misano-Ducati-27.jpg?fit=1024%2C682\\u0026ssl=1&quot;,&quot;id&quot;:&quot;6797&quot;,&quot;title&quot;:&quot;2016 \\u0026#8211; Misano \\u0026#8211; Ducati (27)&quot;,&quot;alt&quot;:&quot;&quot;,&quot;caption&quot;:&quot;&quot;,&quot;itemprop&quot;:&quot;image&quot;},{&quot;src&quot;:&quot;https:\\\/\\\/i0.wp.com\\\/www.2-ruote.com\\\/IT\\\/wp-content\\\/uploads\\\/2017\\\/02\\\/2016-Misano-Ducati-5.jpg?fit=1024%2C681\\u0026ssl=1&quot;,&quot;id&quot;:&quot;6805&quot;,&quot;title&quot;:&quot;2016 \\u0026#8211; Misano \\u0026#8211; Ducati (5)&quot;,&quot;alt&quot;:&quot;&quot;,&quot;caption&quot;:&quot;&quot;,&quot;itemprop&quot;:&quot;image&quot;},{&quot;src&quot;:&quot;https:\\\/\\\/i0.wp.com\\\/www.2-ruote.com\\\/IT\\\/wp-content\\\/uploads\\\/2017\\\/02\\\/2016-Misano-Ducati-12.jpg?fit=1024%2C682\\u0026ssl=1&quot;,&quot;id&quot;:&quot;6782&quot;,&quot;title&quot;:&quot;2016 \\u0026#8211; Misano \\u0026#8211; Ducati (12)&quot;,&quot;alt&quot;:&quot;&quot;,&quot;caption&quot;:&quot;&quot;,&quot;itemprop&quot;:&quot;image&quot;},{&quot;src&quot;:&quot;https:\\\/\\\/i0.wp.com\\\/www.2-ruote.com\\\/IT\\\/wp-content\\\/uploads\\\/2017\\\/02\\\/2016-Misano-Ducati-28.jpg?fit=1024%2C682\\u0026ssl=1&quot;,&quot;id&quot;:&quot;6798&quot;,&quot;title&quot;:&quot;2016 \\u0026#8211; Misano \\u0026#8211; Ducati (28)&quot;,&quot;alt&quot;:&quot;&quot;,&quot;caption&quot;:&quot;&quot;,&quot;itemprop&quot;:&quot;image&quot;},{&quot;src&quot;:&quot;https:\\\/\\\/i1.wp.com\\\/www.2-ruote.com\\\/IT\\\/wp-content\\\/uploads\\\/2017\\\/02\\\/2016-Misano-Ducati-11.jpg?fit=1024%2C682\\u0026ssl=1&quot;,&quot;id&quot;:&quot;6781&quot;,&quot;title&quot;:&quot;2016 \\u0026#8211; Misano \\u0026#8211; Ducati (11)&quot;,&quot;alt&quot;:&quot;&quot;,&quot;caption&quot;:&quot;&quot;,&quot;itemprop&quot;:&quot;image&quot;},{&quot;src&quot;:&quot;https:\\\/\\\/i2.wp.com\\\/www.2-ruote.com\\\/IT\\\/wp-content\\\/uploads\\\/2017\\\/02\\\/2016-Misano-Ducati-16.jpg?fit=1024%2C682\\u0026ssl=1&quot;,&quot;id&quot;:&quot;6786&quot;,&quot;title&quot;:&quot;2016 \\u0026#8211; Misano \\u0026#8211; Ducati (16)&quot;,&quot;alt&quot;:&quot;&quot;,&quot;caption&quot;:&quot;&quot;,&quot;itemprop&quot;:&quot;image&quot;},{&quot;src&quot;:&quot;https:\\\/\\\/i0.wp.com\\\/www.2-ruote.com\\\/IT\\\/wp-content\\\/uploads\\\/2017\\\/02\\\/2016-Misano-Ducati-23.jpg?fit=1024%2C682\\u0026ssl=1&quot;,&quot;id&quot;:&quot;6793&quot;,&quot;title&quot;:&quot;2016 \\u0026#8211; Misano \\u0026#8211; Ducati (23)&quot;,&quot;alt&quot;:&quot;&quot;,&quot;caption&quot;:&quot;&quot;,&quot;itemprop&quot;:&quot;image&quot;},{&quot;src&quot;:&quot;https:\\\/\\\/i0.wp.com\\\/www.2-ruote.com\\\/IT\\\/wp-content\\\/uploads\\\/2017\\\/02\\\/2016-Misano-Ducati-29.jpg?fit=1024%2C682\\u0026ssl=1&quot;,&quot;id&quot;:&quot;6799&quot;,&quot;title&quot;:&quot;2016 \\u0026#8211; Misano \\u0026#8211; Ducati (29)&quot;,&quot;alt&quot;:&quot;&quot;,&quot;caption&quot;:&quot;&quot;,&quot;itemprop&quot;:&quot;image&quot;}]\" itemscope itemtype=\"https:\/\/schema.org\/ImageGallery\"><\/div>\n<p><strong>Michele Pirro ha ottenuto il quinto tempo nelle qualifiche del GP TIM di San Marino e della Riviera di Rimini e partir\u00e0 quindi dalla seconda fila per la gara di domani. Il pilota collaudatore pugliese era stato iscritto alla gara come wild-card con la Desmosedici GP del Ducati Test Team ma nel pomeriggio, in seguito alla decisione dei medici che hanno dichiarato \u201cunfit\u201d Andrea Iannone, \u00e8 salito sulla moto del pilota di Vasto come suo sostituto.<\/strong><\/p>\n<p>In base al regolamento Pirro, che aveva ottenuto il nono tempo nella classifica combinata (FP1+FP2+FP3), ha dovuto comunque partecipare alle Q1, in cui ha ottenuto il miglior tempo. In Q2 il pilota di San Giovanni Rotondo \u00e8 stato sempre molto veloce ed ha ottenuto il quinto crono in 1\u201932\u2019\u2019467 alla sua seconda uscita.<\/p>\n<p>Buona anche la qualifica di Andrea Dovizioso, molto soddisfatto del suo passo gara al termine della giornata. Il pilota romagnolo del Ducati Team, sesto dopo le FP3 del mattino, in qualifica ha fatto segnare il sesto miglior tempo in 1\u201932\u201d677 e quindi partir\u00e0 dalla seconda fila per il GP di domani.<\/p>\n<p>Andrea Iannone, dopo la caduta di ieri che gli ha causato una piccola frattura alla terza vertebra dorsale, \u00e8 stato nuovamente visitato al centro medico del circuito di Misano questa mattina. Il pilota abruzzese non ha per\u00f2 ottenuto l\u2019OK dei medici per poter scendere in pista e quindi purtroppo dovr\u00e0 saltare il GP di casa.<\/p>\n<blockquote><p><strong>Michele Pirro (Ducati Team #51) &#8211; 1\u201932\u2019\u2019467 (5\u00b0)<\/strong><br \/>\n\u201cPrima di tutto voglio fare i complimenti ai ragazzi del mio team perch\u00e9 oggi, dopo che Iannone, a cui vanno i miei auguri di pronta guarigione, \u00e8 stato dichiarato \u2018unfit\u2019, si sono davvero superati. Dopo le FP3 sono passato da wild-card a \u201cpilota sostituto\u201d e loro in due ore hanno dovuto trasferirsi nel box del team ufficiale e lavorare sulle due moto di Andrea. Nonostante questo abbiamo fatto un gran lavoro e ottenuto un grande risultato. Ho migliorato il mio crono dello scorso anno e sono vicino ai piloti migliori. Domani sar\u00e0 un\u2019altra storia ma, anche se non prendo parte a tutte le gare del mondiale, parto comunque davanti e la mia Desmosedici GP funziona molto bene per cui sono fiducioso per il GP e pronto a dare il massimo\u201d.<\/p><\/blockquote>\n<p>&nbsp;<\/p>\n<blockquote><p><strong>Andrea Dovizioso (Ducati Team #04) &#8211; 1\u201932\u201d677 (6\u00b0)<\/strong><br \/>\n\u201cSono contento dei risultati di oggi pomeriggio, perch\u00e9 questa mattinata con la temperatura pi\u00f9 fresca avevo perso il feeling. Il mio passo gara \u00e8 davvero molto buono anche se siamo in molti ad avere un passo simile. Domani mi aspetto una gara tirata e sar\u00e0 fondamentale fare una bella partenza. Mi dispiace per quanto \u00e8 successo ad Andrea Iannone perch\u00e9 so quanto \u00e8 importante correre a Misano per un pilota italiano, ma sono anche contento per la bella prestazione di Michele Pirro, che \u00e8 andato davvero forte\u201d.<\/p><\/blockquote>\n<p>&nbsp;<\/p>\n<blockquote><p><strong>Andrea Iannone (Ducati Team #29)<\/strong><br \/>\n\u201cMi dispiace molto che sia andata cos\u00ec perch\u00e9 questa mattina mi sentivo di provare a salire in moto. So che sarebbe stata dura e che forse mi sarei reso conto che non potevo continuare, ma volevo provarci comunque. Purtroppo sono stato fermato dal verdetto dei medici prima di poter valutare se decidere di fermarmi di mia spontanea volont\u00e0. Ovviamente sono molto dispiaciuto, perch\u00e9 questa \u00e8 la nostra gara di casa e avevo delle grandi aspettative. Voglio comunque salutare e ringraziare tutti i miei fans per il supporto che mi hanno dimostrato e spero di regalare loro altri buoni risultati nelle prossime gare.\u201d<\/p><\/blockquote>\n<div class=\"sharedaddy sd-sharing-enabled\"><div class=\"robots-nocontent sd-block sd-social sd-social-icon sd-sharing\"><h3 class=\"sd-title\">Condividi:<\/h3><div class=\"sd-content\"><ul><li class=\"share-facebook\"><a rel=\"nofollow noopener noreferrer\" data-shared=\"sharing-facebook-6778\" class=\"share-facebook sd-button share-icon no-text\" href=\"https:\/\/www.2-ruote.com\/IT\/?p=6778&amp;share=facebook\" target=\"_blank\" title=\"Fai clic per condividere su Facebook\"><span><\/span><span class=\"sharing-screen-reader-text\">Fai clic per condividere su Facebook (Si apre in una nuova finestra)<\/span><\/a><\/li><li class=\"share-twitter\"><a rel=\"nofollow noopener noreferrer\" data-shared=\"sharing-twitter-6778\" class=\"share-twitter sd-button share-icon no-text\" href=\"https:\/\/www.2-ruote.com\/IT\/?p=6778&amp;share=twitter\" target=\"_blank\" title=\"Fai clic qui per condividere su Twitter\"><span><\/span><span class=\"sharing-screen-reader-text\">Fai clic qui per condividere su Twitter (Si apre in una nuova finestra)<\/span><\/a><\/li><li class=\"share-pinterest\"><a rel=\"nofollow noopener noreferrer\" data-shared=\"sharing-pinterest-6778\" class=\"share-pinterest sd-button share-icon no-text\" href=\"https:\/\/www.2-ruote.com\/IT\/?p=6778&amp;share=pinterest\" target=\"_blank\" title=\"Fai clic qui per condividere su Pinterest\"><span><\/span><span class=\"sharing-screen-reader-text\">Fai clic qui per condividere su Pinterest (Si apre in una nuova finestra)<\/span><\/a><\/li><li class=\"share-whatsapp\"><a rel=\"nofollow noopener noreferrer\" data-shared=\"\" class=\"share-whatsapp sd-button share-icon no-text\" href=\"https:\/\/www.2-ruote.com\/IT\/?p=6778&amp;share=whatsapp\" target=\"_blank\" title=\"Clicca per condividere su WhatsApp\"><span><\/span><span class=\"sharing-screen-reader-text\">Clicca per condividere su WhatsApp (Si apre in una nuova finestra)<\/span><\/a><\/li><li class=\"share-linkedin\"><a rel=\"nofollow noopener noreferrer\" data-shared=\"sharing-linkedin-6778\" class=\"share-linkedin sd-button share-icon no-text\" href=\"https:\/\/www.2-ruote.com\/IT\/?p=6778&amp;share=linkedin\" target=\"_blank\" title=\"Fai clic qui per condividere su LinkedIn\"><span><\/span><span class=\"sharing-screen-reader-text\">Fai clic qui per condividere su LinkedIn (Si apre in una nuova finestra)<\/span><\/a><\/li><li class=\"share-tumblr\"><a rel=\"nofollow noopener noreferrer\" data-shared=\"\" class=\"share-tumblr sd-button share-icon no-text\" href=\"https:\/\/www.2-ruote.com\/IT\/?p=6778&amp;share=tumblr\" target=\"_blank\" title=\"Fai clic qui per condividere su Tumblr\"><span><\/span><span class=\"sharing-screen-reader-text\">Fai clic qui per condividere su Tumblr (Si apre in una nuova finestra)<\/span><\/a><\/li><li class=\"share-pocket\"><a rel=\"nofollow noopener noreferrer\" data-shared=\"\" class=\"share-pocket sd-button share-icon no-text\" href=\"https:\/\/www.2-ruote.com\/IT\/?p=6778&amp;share=pocket\" target=\"_blank\" title=\"Fai clic qui per condividere su Pocket\"><span><\/span><span class=\"sharing-screen-reader-text\">Fai clic qui per condividere su Pocket (Si apre in una nuova finestra)<\/span><\/a><\/li><li class=\"share-reddit\"><a rel=\"nofollow noopener noreferrer\" data-shared=\"\" class=\"share-reddit sd-button share-icon no-text\" href=\"https:\/\/www.2-ruote.com\/IT\/?p=6778&amp;share=reddit\" target=\"_blank\" title=\"Fai clic qui per condividere su Reddit\"><span><\/span><span class=\"sharing-screen-reader-text\">Fai clic qui per condividere su Reddit (Si apre in una nuova finestra)<\/span><\/a><\/li><li class=\"share-print\"><a rel=\"nofollow noopener noreferrer\" data-shared=\"\" class=\"share-print sd-button share-icon no-text\" href=\"https:\/\/www.2-ruote.com\/IT\/?p=6778\" target=\"_blank\" title=\"Fai clic qui per stampare\"><span><\/span><span class=\"sharing-screen-reader-text\">Fai clic qui per stampare (Si apre in una nuova finestra)<\/span><\/a><\/li><li class=\"share-end\"><\/li><\/ul><\/div><\/div><\/div>","protected":false},"excerpt":{"rendered":"<p>Michele Pirro ha ottenuto il quinto tempo nelle qualifiche del GP TIM di San Marino e della Riviera di Rimini&hellip;<\/p>\n<div class=\"sharedaddy sd-sharing-enabled\"><div class=\"robots-nocontent sd-block sd-social sd-social-icon sd-sharing\"><h3 class=\"sd-title\">Condividi:<\/h3><div class=\"sd-content\"><ul><li class=\"share-facebook\"><a rel=\"nofollow noopener noreferrer\" data-shared=\"sharing-facebook-6778\" class=\"share-facebook sd-button share-icon no-text\" href=\"https:\/\/www.2-ruote.com\/IT\/?p=6778&amp;share=facebook\" target=\"_blank\" title=\"Fai clic per condividere su Facebook\"><span><\/span><span class=\"sharing-screen-reader-text\">Fai clic per condividere su Facebook (Si apre in una nuova finestra)<\/span><\/a><\/li><li class=\"share-twitter\"><a rel=\"nofollow noopener noreferrer\" data-shared=\"sharing-twitter-6778\" class=\"share-twitter sd-button share-icon no-text\" href=\"https:\/\/www.2-ruote.com\/IT\/?p=6778&amp;share=twitter\" target=\"_blank\" title=\"Fai clic qui per condividere su Twitter\"><span><\/span><span class=\"sharing-screen-reader-text\">Fai clic qui per condividere su Twitter (Si apre in una nuova finestra)<\/span><\/a><\/li><li class=\"share-pinterest\"><a rel=\"nofollow noopener noreferrer\" data-shared=\"sharing-pinterest-6778\" class=\"share-pinterest sd-button share-icon no-text\" href=\"https:\/\/www.2-ruote.com\/IT\/?p=6778&amp;share=pinterest\" target=\"_blank\" title=\"Fai clic qui per condividere su Pinterest\"><span><\/span><span class=\"sharing-screen-reader-text\">Fai clic qui per condividere su Pinterest (Si apre in una nuova finestra)<\/span><\/a><\/li><li class=\"share-whatsapp\"><a rel=\"nofollow noopener noreferrer\" data-shared=\"\" class=\"share-whatsapp sd-button share-icon no-text\" href=\"https:\/\/www.2-ruote.com\/IT\/?p=6778&amp;share=whatsapp\" target=\"_blank\" title=\"Clicca per condividere su WhatsApp\"><span><\/span><span class=\"sharing-screen-reader-text\">Clicca per condividere su WhatsApp (Si apre in una nuova finestra)<\/span><\/a><\/li><li class=\"share-linkedin\"><a rel=\"nofollow noopener noreferrer\" data-shared=\"sharing-linkedin-6778\" class=\"share-linkedin sd-button share-icon no-text\" href=\"https:\/\/www.2-ruote.com\/IT\/?p=6778&amp;share=linkedin\" target=\"_blank\" title=\"Fai clic qui per condividere su LinkedIn\"><span><\/span><span class=\"sharing-screen-reader-text\">Fai clic qui per condividere su LinkedIn (Si apre in una nuova finestra)<\/span><\/a><\/li><li class=\"share-tumblr\"><a rel=\"nofollow noopener noreferrer\" data-shared=\"\" class=\"share-tumblr sd-button share-icon no-text\" href=\"https:\/\/www.2-ruote.com\/IT\/?p=6778&amp;share=tumblr\" target=\"_blank\" title=\"Fai clic qui per condividere su Tumblr\"><span><\/span><span class=\"sharing-screen-reader-text\">Fai clic qui per condividere su Tumblr (Si apre in una nuova finestra)<\/span><\/a><\/li><li class=\"share-pocket\"><a rel=\"nofollow noopener noreferrer\" data-shared=\"\" class=\"share-pocket sd-button share-icon no-text\" href=\"https:\/\/www.2-ruote.com\/IT\/?p=6778&amp;share=pocket\" target=\"_blank\" title=\"Fai clic qui per condividere su Pocket\"><span><\/span><span class=\"sharing-screen-reader-text\">Fai clic qui per condividere su Pocket (Si apre in una nuova finestra)<\/span><\/a><\/li><li class=\"share-reddit\"><a rel=\"nofollow noopener noreferrer\" data-shared=\"\" class=\"share-reddit sd-button share-icon no-text\" href=\"https:\/\/www.2-ruote.com\/IT\/?p=6778&amp;share=reddit\" target=\"_blank\" title=\"Fai clic qui per condividere su Reddit\"><span><\/span><span class=\"sharing-screen-reader-text\">Fai clic qui per condividere su Reddit (Si apre in una nuova finestra)<\/span><\/a><\/li><li class=\"share-print\"><a rel=\"nofollow noopener noreferrer\" data-shared=\"\" class=\"share-print sd-button share-icon no-text\" href=\"https:\/\/www.2-ruote.com\/IT\/?p=6778\" target=\"_blank\" title=\"Fai clic qui per stampare\"><span><\/span><span class=\"sharing-screen-reader-text\">Fai clic qui per stampare (Si apre in una nuova finestra)<\/span><\/a><\/li><li class=\"share-end\"><\/li><\/ul><\/div><\/div><\/div>","protected":false},"author":1,"featured_media":6802,"comment_status":"open","ping_status":"open","sticky":false,"template":"","format":"standard","meta":{"_mi_skip_tracking":false,"_monsterinsights_sitenote_active":false,"_monsterinsights_sitenote_note":"","_monsterinsights_sitenote_category":0,"spay_email":"","jetpack_publicize_message":"","jetpack_is_tweetstorm":false},"categories":[10,3],"tags":[21,22,52],"aioseo_notices":[],"jetpack_featured_media_url":"https:\/\/i1.wp.com\/www.2-ruote.com\/IT\/wp-content\/uploads\/2017\/02\/2016-Misano-Ducati-2.jpg?fit=2000%2C1333&ssl=1","jetpack_publicize_connections":[],"jetpack_sharing_enabled":true,"jetpack_shortlink":"https:\/\/wp.me\/p6TDfQ-1Lk","jetpack-related-posts":[{"id":6779,"url":"https:\/\/www.2-ruote.com\/IT\/?p=6779","url_meta":{"origin":6778,"position":0},"title":"Andrea Dovizioso e Michele Pirro ottengono un sesto e un settimo posto a Misano nel GP TIM di San Marino e della Riviera di Rimini","date":"11 Settembre 2016","format":false,"excerpt":"I due piloti del Ducati Team Andrea Dovizioso e Michele Pirro hanno ottenuto rispettivamente il sesto ed il settimo posto nel GP TIM di San Marino e della Riviera di Rimini, disputato oggi sul Misano World Circuit. Andrea Dovizioso, che scattava dalla seconda fila grazie al sesto tempo ottenuto ieri\u2026","rel":"","context":"In &quot;Ducati Corse&quot;","img":{"alt_text":"","src":"https:\/\/i1.wp.com\/www.2-ruote.com\/IT\/wp-content\/uploads\/2017\/02\/2016-Misano-Ducati-27.jpg?fit=1200%2C800&ssl=1&resize=350%2C200","width":350,"height":200},"classes":[]},{"id":6777,"url":"https:\/\/www.2-ruote.com\/IT\/?p=6777","url_meta":{"origin":6778,"position":1},"title":"GP TIM di San Marino e della Riviera di Rimini: Andrea Dovizioso terzo dopo la prima giornata di prove a Misano. Andrea Iannone cade durante la sessione del mattino e riporta una frattura alla vertebra D3. Quattordicesimo Michele Pirro con la Desmosedici","date":"9 Settembre 2016","format":false,"excerpt":"Andrea Dovizioso ha chiuso al terzo posto la prima giornata di prove del GP TIM di San Marino e della Riviera di Rimini. Il pilota romagnolo del Ducati Team, dopo aver fatto segnare il settimo tempo nelle FP1 del mattino, ha poi ottenuto il terzo crono in 1\u201932\u201d901 nel pomeriggio.\u2026","rel":"","context":"In &quot;Ducati Corse&quot;","img":{"alt_text":"","src":"https:\/\/i1.wp.com\/www.2-ruote.com\/IT\/wp-content\/uploads\/2017\/02\/2016-Misano-Ducati-3.jpg?fit=1200%2C800&ssl=1&resize=350%2C200","width":350,"height":200},"classes":[]},{"id":733,"url":"https:\/\/www.2-ruote.com\/IT\/?p=733","url_meta":{"origin":6778,"position":2},"title":"GP de la Comunitat Valenciana. Iannone settimo e Dovizioso nono nelle qualifiche sul circuito Ricardo Tormo. I due piloti del Ducati Team partiranno in terza fila domani mentre Michele Pirro, tredicesimo, partir\u00e0 in quarta fila.","date":"7 Novembre 2015","format":false,"excerpt":"MotoGP 2015 - Round 18 - Valencia Alla fine della seconda giornata del GP de la Comunitat Valenciana, in programma sul circuito Ricardo Tormo a Cheste, i due piloti del Ducati Team si sono qualificati in terza fila. Andrea Iannone ha infatti ottenuto il settimo crono nella sessione di Q2,\u2026","rel":"","context":"In &quot;Ducati Corse&quot;","img":{"alt_text":"","src":"","width":0,"height":0},"classes":[]},{"id":6816,"url":"https:\/\/www.2-ruote.com\/IT\/?p=6816","url_meta":{"origin":6778,"position":3},"title":"Seconda fila per Andrea Dovizioso, quarto nelle qualifiche del GP di Arag\u00f3n. Michele Pirro, diciassettesimo, partir\u00e0 dalla sesta fila","date":"24 Settembre 2016","format":false,"excerpt":"Andrea Dovizioso ha ottenuto il quarto miglior tempo nelle qualifiche del Gran Premio de Arag\u00f3n, e partir\u00e0 quindi dalla seconda fila per la gara in programma domani alle 14.00. Il pilota romagnolo del Ducati Team questa mattina aveva ottenuto l\u2019ottavo tempo nella classifica combinata FP1+FP2+FP3 e si era dunque garantito\u2026","rel":"","context":"In &quot;Ducati Corse&quot;","img":{"alt_text":"","src":"https:\/\/i2.wp.com\/www.2-ruote.com\/IT\/wp-content\/uploads\/2017\/02\/2016-Aragon-Ducati-3.jpg?fit=1200%2C800&ssl=1&resize=350%2C200","width":350,"height":200},"classes":[]},{"id":6780,"url":"https:\/\/www.2-ruote.com\/IT\/?p=6780","url_meta":{"origin":6778,"position":4},"title":"Il Ducati Team arriva a Misano per il Gran Premio TIM di San Marino e della Riviera di Rimini, la seconda \u201cgara di casa\u201d","date":"7 Settembre 2016","format":false,"excerpt":"Dopo l\u2019appuntamento oltremanica a Silverstone di domenica scorsa, il Ducati Team torna in Italia per la tredicesima tappa del Campionato Mondiale MotoGP 2016. Il Gran Premio TIM di San Marino e della Riviera di Rimini si svolger\u00e0 infatti sul Misano World Circuit, il circuito romagnolo che si trova a poco\u2026","rel":"","context":"In &quot;Ducati Corse&quot;","img":{"alt_text":"","src":"https:\/\/i0.wp.com\/www.2-ruote.com\/IT\/wp-content\/uploads\/2017\/02\/2016-Misano-Ducati-14.jpg?fit=1200%2C800&ssl=1&resize=350%2C200","width":350,"height":200},"classes":[]},{"id":6643,"url":"https:\/\/www.2-ruote.com\/IT\/?p=6643","url_meta":{"origin":6778,"position":5},"title":"GP d\u2019Austria: grande pole position di Andrea Iannone a Zeltweg. Prima fila anche per Andrea Dovizioso, terzo in qualifica. Michele Pirro partir\u00e0 invece dalla sesta fila","date":"13 Agosto 2016","format":false,"excerpt":"Grande pole position di Andrea Iannone oggi sul Red Bull Ring di Zeltweg. Il pilota abruzzese del Ducati Team, gi\u00e0 autore del miglior crono nelle FP3 del mattino, ha ottenuto il suo tempo di 1\u201923\u201d142 all\u2019ultimo giro della sua seconda uscita in Q2. Prima fila anche per Andrea Dovizioso, terzo\u2026","rel":"","context":"In &quot;Ducati Corse&quot;","img":{"alt_text":"","src":"https:\/\/i1.wp.com\/www.2-ruote.com\/IT\/wp-content\/uploads\/2017\/02\/2016-Zeltweg-Ducati-40.jpg?fit=1200%2C800&ssl=1&resize=350%2C200","width":350,"height":200},"classes":[]}],"jetpack_likes_enabled":true,"_links":{"self":[{"href":"https:\/\/www.2-ruote.com\/IT\/index.php?rest_route=\/wp\/v2\/posts\/6778"}],"collection":[{"href":"https:\/\/www.2-ruote.com\/IT\/index.php?rest_route=\/wp\/v2\/posts"}],"about":[{"href":"https:\/\/www.2-ruote.com\/IT\/index.php?rest_route=\/wp\/v2\/types\/post"}],"author":[{"embeddable":true,"href":"https:\/\/www.2-ruote.com\/IT\/index.php?rest_route=\/wp\/v2\/users\/1"}],"replies":[{"embeddable":true,"href":"https:\/\/www.2-ruote.com\/IT\/index.php?rest_route=%2Fwp%2Fv2%2Fcomments&post=6778"}],"version-history":[{"count":1,"href":"https:\/\/www.2-ruote.com\/IT\/index.php?rest_route=\/wp\/v2\/posts\/6778\/revisions"}],"predecessor-version":[{"id":6812,"href":"https:\/\/www.2-ruote.com\/IT\/index.php?rest_route=\/wp\/v2\/posts\/6778\/revisions\/6812"}],"wp:featuredmedia":[{"embeddable":true,"href":"https:\/\/www.2-ruote.com\/IT\/index.php?rest_route=\/wp\/v2\/media\/6802"}],"wp:attachment":[{"href":"https:\/\/www.2-ruote.com\/IT\/index.php?rest_route=%2Fwp%2Fv2%2Fmedia&parent=6778"}],"wp:term":[{"taxonomy":"category","embeddable":true,"href":"https:\/\/www.2-ruote.com\/IT\/index.php?rest_route=%2Fwp%2Fv2%2Fcategories&post=6778"},{"taxonomy":"post_tag","embeddable":true,"href":"https:\/\/www.2-ruote.com\/IT\/index.php?rest_route=%2Fwp%2Fv2%2Ftags&post=6778"}],"curies":[{"name":"wp","href":"https:\/\/api.w.org\/{rel}","templated":true}]}}