{"id":6780,"date":"2016-09-07T13:43:36","date_gmt":"2016-09-07T11:43:36","guid":{"rendered":"http:\/\/www.2-ruote.com\/IT\/?p=6780"},"modified":"2017-02-03T13:59:41","modified_gmt":"2017-02-03T12:59:41","slug":"il-ducati-team-arriva-a-misano-per-il-gran-premio-tim-di-san-marino-e-della-riviera-di-rimini-la-seconda-gara-di-casa","status":"publish","type":"post","link":"https:\/\/www.2-ruote.com\/IT\/?p=6780","title":{"rendered":"Il Ducati Team arriva a Misano per il Gran Premio TIM di San Marino e della Riviera di Rimini, la seconda \u201cgara di casa\u201d"},"content":{"rendered":"<p class=\"jetpack-slideshow-noscript robots-nocontent\">Questo slideshow richiede JavaScript.<\/p><div id=\"gallery-6780-1-slideshow\" class=\"slideshow-window jetpack-slideshow slideshow-black\" data-trans=\"fade\" data-autostart=\"1\" data-gallery=\"[{&quot;src&quot;:&quot;https:\\\/\\\/i2.wp.com\\\/www.2-ruote.com\\\/IT\\\/wp-content\\\/uploads\\\/2017\\\/02\\\/2016-Misano-Ducati-8.jpg?fit=1024%2C682\\u0026ssl=1&quot;,&quot;id&quot;:&quot;6808&quot;,&quot;title&quot;:&quot;2016 \\u0026#8211; Misano \\u0026#8211; Ducati (8)&quot;,&quot;alt&quot;:&quot;&quot;,&quot;caption&quot;:&quot;&quot;,&quot;itemprop&quot;:&quot;image&quot;},{&quot;src&quot;:&quot;https:\\\/\\\/i1.wp.com\\\/www.2-ruote.com\\\/IT\\\/wp-content\\\/uploads\\\/2017\\\/02\\\/2016-Misano-Ducati-3.jpg?fit=1024%2C682\\u0026ssl=1&quot;,&quot;id&quot;:&quot;6803&quot;,&quot;title&quot;:&quot;2016 \\u0026#8211; Misano \\u0026#8211; Ducati (3)&quot;,&quot;alt&quot;:&quot;&quot;,&quot;caption&quot;:&quot;&quot;,&quot;itemprop&quot;:&quot;image&quot;},{&quot;src&quot;:&quot;https:\\\/\\\/i2.wp.com\\\/www.2-ruote.com\\\/IT\\\/wp-content\\\/uploads\\\/2017\\\/02\\\/2016-Misano-Ducati-25.jpg?fit=1024%2C682\\u0026ssl=1&quot;,&quot;id&quot;:&quot;6795&quot;,&quot;title&quot;:&quot;2016 \\u0026#8211; Misano \\u0026#8211; Ducati (25)&quot;,&quot;alt&quot;:&quot;&quot;,&quot;caption&quot;:&quot;&quot;,&quot;itemprop&quot;:&quot;image&quot;},{&quot;src&quot;:&quot;https:\\\/\\\/i0.wp.com\\\/www.2-ruote.com\\\/IT\\\/wp-content\\\/uploads\\\/2017\\\/02\\\/2016-Misano-Ducati-14.jpg?fit=1024%2C682\\u0026ssl=1&quot;,&quot;id&quot;:&quot;6784&quot;,&quot;title&quot;:&quot;2016 \\u0026#8211; Misano \\u0026#8211; Ducati (14)&quot;,&quot;alt&quot;:&quot;&quot;,&quot;caption&quot;:&quot;&quot;,&quot;itemprop&quot;:&quot;image&quot;},{&quot;src&quot;:&quot;https:\\\/\\\/i1.wp.com\\\/www.2-ruote.com\\\/IT\\\/wp-content\\\/uploads\\\/2017\\\/02\\\/2016-Misano-Ducati-24.jpg?fit=1024%2C682\\u0026ssl=1&quot;,&quot;id&quot;:&quot;6794&quot;,&quot;title&quot;:&quot;2016 \\u0026#8211; Misano \\u0026#8211; Ducati (24)&quot;,&quot;alt&quot;:&quot;&quot;,&quot;caption&quot;:&quot;&quot;,&quot;itemprop&quot;:&quot;image&quot;},{&quot;src&quot;:&quot;https:\\\/\\\/i0.wp.com\\\/www.2-ruote.com\\\/IT\\\/wp-content\\\/uploads\\\/2017\\\/02\\\/2016-Misano-Ducati-7.jpg?fit=1024%2C682\\u0026ssl=1&quot;,&quot;id&quot;:&quot;6807&quot;,&quot;title&quot;:&quot;2016 \\u0026#8211; Misano \\u0026#8211; Ducati (7)&quot;,&quot;alt&quot;:&quot;&quot;,&quot;caption&quot;:&quot;&quot;,&quot;itemprop&quot;:&quot;image&quot;},{&quot;src&quot;:&quot;https:\\\/\\\/i1.wp.com\\\/www.2-ruote.com\\\/IT\\\/wp-content\\\/uploads\\\/2017\\\/02\\\/2016-Misano-Ducati-15.jpg?fit=1024%2C682\\u0026ssl=1&quot;,&quot;id&quot;:&quot;6785&quot;,&quot;title&quot;:&quot;2016 \\u0026#8211; Misano \\u0026#8211; Ducati (15)&quot;,&quot;alt&quot;:&quot;&quot;,&quot;caption&quot;:&quot;&quot;,&quot;itemprop&quot;:&quot;image&quot;},{&quot;src&quot;:&quot;https:\\\/\\\/i0.wp.com\\\/www.2-ruote.com\\\/IT\\\/wp-content\\\/uploads\\\/2017\\\/02\\\/2016-Misano-Ducati-6.jpg?fit=1024%2C681\\u0026ssl=1&quot;,&quot;id&quot;:&quot;6806&quot;,&quot;title&quot;:&quot;2016 \\u0026#8211; Misano \\u0026#8211; Ducati (6)&quot;,&quot;alt&quot;:&quot;&quot;,&quot;caption&quot;:&quot;&quot;,&quot;itemprop&quot;:&quot;image&quot;},{&quot;src&quot;:&quot;https:\\\/\\\/i2.wp.com\\\/www.2-ruote.com\\\/IT\\\/wp-content\\\/uploads\\\/2017\\\/02\\\/2016-Misano-Ducati-10.jpg?fit=1024%2C682\\u0026ssl=1&quot;,&quot;id&quot;:&quot;6810&quot;,&quot;title&quot;:&quot;2016 \\u0026#8211; Misano \\u0026#8211; Ducati (10)&quot;,&quot;alt&quot;:&quot;&quot;,&quot;caption&quot;:&quot;&quot;,&quot;itemprop&quot;:&quot;image&quot;},{&quot;src&quot;:&quot;https:\\\/\\\/i0.wp.com\\\/www.2-ruote.com\\\/IT\\\/wp-content\\\/uploads\\\/2017\\\/02\\\/2016-Misano-Ducati-12.jpg?fit=1024%2C682\\u0026ssl=1&quot;,&quot;id&quot;:&quot;6782&quot;,&quot;title&quot;:&quot;2016 \\u0026#8211; Misano \\u0026#8211; Ducati (12)&quot;,&quot;alt&quot;:&quot;&quot;,&quot;caption&quot;:&quot;&quot;,&quot;itemprop&quot;:&quot;image&quot;},{&quot;src&quot;:&quot;https:\\\/\\\/i1.wp.com\\\/www.2-ruote.com\\\/IT\\\/wp-content\\\/uploads\\\/2017\\\/02\\\/2016-Misano-Ducati-11.jpg?fit=1024%2C682\\u0026ssl=1&quot;,&quot;id&quot;:&quot;6781&quot;,&quot;title&quot;:&quot;2016 \\u0026#8211; Misano \\u0026#8211; Ducati (11)&quot;,&quot;alt&quot;:&quot;&quot;,&quot;caption&quot;:&quot;&quot;,&quot;itemprop&quot;:&quot;image&quot;},{&quot;src&quot;:&quot;https:\\\/\\\/i0.wp.com\\\/www.2-ruote.com\\\/IT\\\/wp-content\\\/uploads\\\/2017\\\/02\\\/2016-Misano-Ducati-18.jpg?fit=1024%2C682\\u0026ssl=1&quot;,&quot;id&quot;:&quot;6788&quot;,&quot;title&quot;:&quot;2016 \\u0026#8211; Misano \\u0026#8211; Ducati (18)&quot;,&quot;alt&quot;:&quot;&quot;,&quot;caption&quot;:&quot;&quot;,&quot;itemprop&quot;:&quot;image&quot;},{&quot;src&quot;:&quot;https:\\\/\\\/i1.wp.com\\\/www.2-ruote.com\\\/IT\\\/wp-content\\\/uploads\\\/2017\\\/02\\\/2016-Misano-Ducati-19.jpg?fit=1024%2C682\\u0026ssl=1&quot;,&quot;id&quot;:&quot;6789&quot;,&quot;title&quot;:&quot;2016 \\u0026#8211; Misano \\u0026#8211; Ducati (19)&quot;,&quot;alt&quot;:&quot;&quot;,&quot;caption&quot;:&quot;&quot;,&quot;itemprop&quot;:&quot;image&quot;},{&quot;src&quot;:&quot;https:\\\/\\\/i0.wp.com\\\/www.2-ruote.com\\\/IT\\\/wp-content\\\/uploads\\\/2017\\\/02\\\/2016-Misano-Ducati-22.jpg?fit=1024%2C682\\u0026ssl=1&quot;,&quot;id&quot;:&quot;6792&quot;,&quot;title&quot;:&quot;2016 \\u0026#8211; Misano \\u0026#8211; Ducati (22)&quot;,&quot;alt&quot;:&quot;&quot;,&quot;caption&quot;:&quot;&quot;,&quot;itemprop&quot;:&quot;image&quot;},{&quot;src&quot;:&quot;https:\\\/\\\/i0.wp.com\\\/www.2-ruote.com\\\/IT\\\/wp-content\\\/uploads\\\/2017\\\/02\\\/2016-Misano-Ducati-21.jpg?fit=1024%2C682\\u0026ssl=1&quot;,&quot;id&quot;:&quot;6791&quot;,&quot;title&quot;:&quot;2016 \\u0026#8211; Misano \\u0026#8211; Ducati (21)&quot;,&quot;alt&quot;:&quot;&quot;,&quot;caption&quot;:&quot;&quot;,&quot;itemprop&quot;:&quot;image&quot;},{&quot;src&quot;:&quot;https:\\\/\\\/i1.wp.com\\\/www.2-ruote.com\\\/IT\\\/wp-content\\\/uploads\\\/2017\\\/02\\\/2016-Misano-Ducati-9.jpg?fit=1024%2C682\\u0026ssl=1&quot;,&quot;id&quot;:&quot;6809&quot;,&quot;title&quot;:&quot;2016 \\u0026#8211; Misano \\u0026#8211; Ducati (9)&quot;,&quot;alt&quot;:&quot;&quot;,&quot;caption&quot;:&quot;&quot;,&quot;itemprop&quot;:&quot;image&quot;},{&quot;src&quot;:&quot;https:\\\/\\\/i2.wp.com\\\/www.2-ruote.com\\\/IT\\\/wp-content\\\/uploads\\\/2017\\\/02\\\/2016-Misano-Ducati-16.jpg?fit=1024%2C682\\u0026ssl=1&quot;,&quot;id&quot;:&quot;6786&quot;,&quot;title&quot;:&quot;2016 \\u0026#8211; Misano \\u0026#8211; Ducati (16)&quot;,&quot;alt&quot;:&quot;&quot;,&quot;caption&quot;:&quot;&quot;,&quot;itemprop&quot;:&quot;image&quot;},{&quot;src&quot;:&quot;https:\\\/\\\/i2.wp.com\\\/www.2-ruote.com\\\/IT\\\/wp-content\\\/uploads\\\/2017\\\/02\\\/2016-Misano-Ducati-30.jpg?fit=1024%2C682\\u0026ssl=1&quot;,&quot;id&quot;:&quot;6800&quot;,&quot;title&quot;:&quot;2016 \\u0026#8211; Misano \\u0026#8211; Ducati (30)&quot;,&quot;alt&quot;:&quot;&quot;,&quot;caption&quot;:&quot;&quot;,&quot;itemprop&quot;:&quot;image&quot;},{&quot;src&quot;:&quot;https:\\\/\\\/i1.wp.com\\\/www.2-ruote.com\\\/IT\\\/wp-content\\\/uploads\\\/2017\\\/02\\\/2016-Misano-Ducati-27.jpg?fit=1024%2C682\\u0026ssl=1&quot;,&quot;id&quot;:&quot;6797&quot;,&quot;title&quot;:&quot;2016 \\u0026#8211; Misano \\u0026#8211; Ducati (27)&quot;,&quot;alt&quot;:&quot;&quot;,&quot;caption&quot;:&quot;&quot;,&quot;itemprop&quot;:&quot;image&quot;},{&quot;src&quot;:&quot;https:\\\/\\\/i0.wp.com\\\/www.2-ruote.com\\\/IT\\\/wp-content\\\/uploads\\\/2017\\\/02\\\/2016-Misano-Ducati-17.jpg?fit=1024%2C682\\u0026ssl=1&quot;,&quot;id&quot;:&quot;6787&quot;,&quot;title&quot;:&quot;2016 \\u0026#8211; Misano \\u0026#8211; Ducati (17)&quot;,&quot;alt&quot;:&quot;&quot;,&quot;caption&quot;:&quot;&quot;,&quot;itemprop&quot;:&quot;image&quot;},{&quot;src&quot;:&quot;https:\\\/\\\/i2.wp.com\\\/www.2-ruote.com\\\/IT\\\/wp-content\\\/uploads\\\/2017\\\/02\\\/2016-Misano-Ducati-13.jpg?fit=1024%2C682\\u0026ssl=1&quot;,&quot;id&quot;:&quot;6783&quot;,&quot;title&quot;:&quot;2016 \\u0026#8211; Misano \\u0026#8211; Ducati (13)&quot;,&quot;alt&quot;:&quot;&quot;,&quot;caption&quot;:&quot;&quot;,&quot;itemprop&quot;:&quot;image&quot;},{&quot;src&quot;:&quot;https:\\\/\\\/i1.wp.com\\\/www.2-ruote.com\\\/IT\\\/wp-content\\\/uploads\\\/2017\\\/02\\\/2016-Misano-Ducati-2.jpg?fit=1024%2C682\\u0026ssl=1&quot;,&quot;id&quot;:&quot;6802&quot;,&quot;title&quot;:&quot;2016 \\u0026#8211; Misano \\u0026#8211; Ducati (2)&quot;,&quot;alt&quot;:&quot;&quot;,&quot;caption&quot;:&quot;&quot;,&quot;itemprop&quot;:&quot;image&quot;},{&quot;src&quot;:&quot;https:\\\/\\\/i2.wp.com\\\/www.2-ruote.com\\\/IT\\\/wp-content\\\/uploads\\\/2017\\\/02\\\/2016-Misano-Ducati-26.jpg?fit=1024%2C682\\u0026ssl=1&quot;,&quot;id&quot;:&quot;6796&quot;,&quot;title&quot;:&quot;2016 \\u0026#8211; Misano \\u0026#8211; Ducati (26)&quot;,&quot;alt&quot;:&quot;&quot;,&quot;caption&quot;:&quot;&quot;,&quot;itemprop&quot;:&quot;image&quot;},{&quot;src&quot;:&quot;https:\\\/\\\/i0.wp.com\\\/www.2-ruote.com\\\/IT\\\/wp-content\\\/uploads\\\/2017\\\/02\\\/2016-Misano-Ducati-28.jpg?fit=1024%2C682\\u0026ssl=1&quot;,&quot;id&quot;:&quot;6798&quot;,&quot;title&quot;:&quot;2016 \\u0026#8211; Misano \\u0026#8211; Ducati (28)&quot;,&quot;alt&quot;:&quot;&quot;,&quot;caption&quot;:&quot;&quot;,&quot;itemprop&quot;:&quot;image&quot;},{&quot;src&quot;:&quot;https:\\\/\\\/i0.wp.com\\\/www.2-ruote.com\\\/IT\\\/wp-content\\\/uploads\\\/2017\\\/02\\\/2016-Misano-Ducati-5.jpg?fit=1024%2C681\\u0026ssl=1&quot;,&quot;id&quot;:&quot;6805&quot;,&quot;title&quot;:&quot;2016 \\u0026#8211; Misano \\u0026#8211; Ducati (5)&quot;,&quot;alt&quot;:&quot;&quot;,&quot;caption&quot;:&quot;&quot;,&quot;itemprop&quot;:&quot;image&quot;},{&quot;src&quot;:&quot;https:\\\/\\\/i0.wp.com\\\/www.2-ruote.com\\\/IT\\\/wp-content\\\/uploads\\\/2017\\\/02\\\/2016-Misano-Ducati-1.jpg?fit=1024%2C682\\u0026ssl=1&quot;,&quot;id&quot;:&quot;6801&quot;,&quot;title&quot;:&quot;2016 \\u0026#8211; Misano \\u0026#8211; Ducati (1)&quot;,&quot;alt&quot;:&quot;&quot;,&quot;caption&quot;:&quot;&quot;,&quot;itemprop&quot;:&quot;image&quot;},{&quot;src&quot;:&quot;https:\\\/\\\/i0.wp.com\\\/www.2-ruote.com\\\/IT\\\/wp-content\\\/uploads\\\/2017\\\/02\\\/2016-Misano-Ducati-23.jpg?fit=1024%2C682\\u0026ssl=1&quot;,&quot;id&quot;:&quot;6793&quot;,&quot;title&quot;:&quot;2016 \\u0026#8211; Misano \\u0026#8211; Ducati (23)&quot;,&quot;alt&quot;:&quot;&quot;,&quot;caption&quot;:&quot;&quot;,&quot;itemprop&quot;:&quot;image&quot;},{&quot;src&quot;:&quot;https:\\\/\\\/i0.wp.com\\\/www.2-ruote.com\\\/IT\\\/wp-content\\\/uploads\\\/2017\\\/02\\\/2016-Misano-Ducati-29.jpg?fit=1024%2C682\\u0026ssl=1&quot;,&quot;id&quot;:&quot;6799&quot;,&quot;title&quot;:&quot;2016 \\u0026#8211; Misano \\u0026#8211; Ducati (29)&quot;,&quot;alt&quot;:&quot;&quot;,&quot;caption&quot;:&quot;&quot;,&quot;itemprop&quot;:&quot;image&quot;},{&quot;src&quot;:&quot;https:\\\/\\\/i2.wp.com\\\/www.2-ruote.com\\\/IT\\\/wp-content\\\/uploads\\\/2017\\\/02\\\/2016-Misano-Ducati-20.jpg?fit=1024%2C682\\u0026ssl=1&quot;,&quot;id&quot;:&quot;6790&quot;,&quot;title&quot;:&quot;2016 \\u0026#8211; Misano \\u0026#8211; Ducati (20)&quot;,&quot;alt&quot;:&quot;&quot;,&quot;caption&quot;:&quot;&quot;,&quot;itemprop&quot;:&quot;image&quot;},{&quot;src&quot;:&quot;https:\\\/\\\/i1.wp.com\\\/www.2-ruote.com\\\/IT\\\/wp-content\\\/uploads\\\/2017\\\/02\\\/2016-Misano-Ducati-4.jpg?fit=1024%2C682\\u0026ssl=1&quot;,&quot;id&quot;:&quot;6804&quot;,&quot;title&quot;:&quot;2016 \\u0026#8211; Misano \\u0026#8211; Ducati (4)&quot;,&quot;alt&quot;:&quot;&quot;,&quot;caption&quot;:&quot;&quot;,&quot;itemprop&quot;:&quot;image&quot;}]\" itemscope itemtype=\"https:\/\/schema.org\/ImageGallery\"><\/div>\n<p><strong>Dopo l\u2019appuntamento oltremanica a Silverstone di domenica scorsa, il Ducati Team torna in Italia per la tredicesima tappa del Campionato Mondiale MotoGP 2016. Il Gran Premio TIM di San Marino e della Riviera di Rimini si svolger\u00e0 infatti sul Misano World Circuit, il circuito romagnolo che si trova a poco pi\u00f9 di un\u2019ora di autostrada dalla sede storica della Ducati a Borgo Panigale.<\/strong><\/p>\n<p>Andrea Dovizioso e Andrea Iannone sono reduci dalla sofferta gara inglese in cui, a causa di un indolenzimento all\u2019avambraccio destro patito da entrambi i piloti verso met\u00e0 gara, non sono riusciti ad ottenere i risultati che erano alla loro portata. I due Andrea dovrebbero comunque riuscire a recuperare in tempo per affrontare la gara sammarinese nelle migliori condizioni fisiche. A Misano sar\u00e0 presente in gara anche Michele Pirro, schierato come wild-card con la terza Desmosedici GP del Ducati Test Team. Il pilota pugliese scender\u00e0 in pista per l\u2019ottava volta in questa stagione della MotoGP.<\/p>\n<p>Nonostante sia la sua vera gara &#8220;di casa&#8221;, Dovizioso non \u00e8 ancora riuscito a salire sul podio a Misano nelle sue otto partecipazioni in MotoGP dal 2008 in poi, e il suo miglior risultato \u00e8 stato il quarto posto ottenuto quattro volte, nel 2009, 2010, 2012 e nel 2014. Andrea Iannone invece ha partecipato tre volte alla gara sammarinese in MotoGP, ottenendo come miglior risultato il quinto posto nella gara del 2014. Michele Pirro \u00e8 arrivato due volte al decimo posto e dodici mesi fa si era qualificato in quinta posizione, partendo per il GP dalla seconda fila.<\/p>\n<p>Il programma del weekend di Misano inizier\u00e0 venerd\u00ec mattina con la prima sessione di prove libere alle 9.55 mentre la gara, sulla distanza di 28 giri, \u00e8 prevista per domenica pomeriggio alle 14.00.<\/p>\n<blockquote><p><strong>Andrea Iannone (Ducati Team #29) \u2013 6\u00b0 (96 punti)<\/strong><br \/>\n\u201cNon credo che a Misano avr\u00f2 problemi in gara con l\u2019avambraccio. Non avevo mai pi\u00f9 sofferto di sindrome compartimentale dopo l&#8217;operazione del 2013 e adesso guardo alla gara di casa con fiducia. Le condizioni meteo dovrebbero essere migliori che in Inghilterra, e ci\u00f2 ci consentir\u00e0 di portare avanti il nostro lavoro con continuit\u00e0 durante tutto il weekend. Credo che la Desmosedici GP potr\u00e0 essere competitiva su questo tracciato, dove due settimane fa abbiamo svolto un test con buoni riscontri. E\u2019 vero che non abbiamo avuto un confronto diretto con i nostri principali avversari, ma il feeling \u00e8 stato molto buono e credo che avremo delle ottime possibilit\u00e0 per ben figurare in gara.\u201d<\/p><\/blockquote>\n<p>&nbsp;<\/p>\n<blockquote><p><strong>Andrea Dovizioso (Ducati Team #04) \u2013 7\u00b0 (89 punti)<\/strong><br \/>\n\u201cPeccato per domenica scorsa, perch\u00e9 avremmo sicuramente potuto ottenere di pi\u00f9 senza il mio problema all&#8217;avambraccio, ma sono contento di scendere di nuovo subito in pista qui a Misano, dove le mie aspettative sono sicuramente migliori che a Silverstone. Su questo circuito abbiamo svolto un test a fine agosto e, al di l\u00e0 della mia caduta a fine giornata, abbiamo lavorato molto bene e quindi sono fiducioso, anche se scopriremo la verit\u00e0 solo durante il weekend.\u201d<\/p><\/blockquote>\n<p>&nbsp;<\/p>\n<blockquote><p><strong>Michele Pirro (Ducati Team #51) \u2013 21\u00b0 (23 punti)<\/strong><br \/>\n\u201cSpero che a Misano potr\u00f2 togliermi qualche soddisfazione, soprattutto dopo quello che \u00e8 successo nel CIV. In ogni caso questo \u00e8 un weekend importante per il nostro team, perch\u00e9 dopo la prima vittoria a Zeltweg abbiamo dimostrato che possiamo essere competitivi su tutte le piste. Sono pronto ad affrontare al meglio questo weekend con il Test Team e dar\u00f2 come sempre il massimo per ottenere un buon risultato per me e per la Ducati.\u201d<\/p><\/blockquote>\n<p><strong>Il Misano World Circuit<\/strong><br \/>\nCostruito nel 1972, il circuito di Misano \u00e8 stato la sede di numerosi gran premi negli anni ottanta e novanta, prima di uscire dal calendario per quattordici anni. Dopo una serie d\u2019interventi per migliorare la struttura e il cambio della direzione di marcia, Misano \u00e8 tornata nel calendario MotoGP nel 2007. Come sempre succede per le \u2018gare di casa\u2019, i piloti del Ducati Team potranno contare sul supporto dei numerosi tifosi presenti sulla Tribuna Ducati.<\/p>\n<p>Giro pi\u00f9 veloce: Lorenzo (Yamaha), 1\u201932\u201d146 (165.1 km\/h) &#8211; 2015<br \/>\nRecord del Circuito: Lorenzo (Yamaha), 1\u201933\u201d273 (163.1 km\/h) &#8211; 2015<br \/>\nMiglior Pole: Lorenzo (Yamaha), 1\u201932\u201d146 (165.1 km\/h) &#8211; 2015<br \/>\nVelocit\u00e0 massima: Dovizioso (Ducati), 299.5 km\/h &#8211; 2015<br \/>\nLunghezza pista: 4.2 km<br \/>\nLunghezza gara: 28 giri (118.3 km)<br \/>\nCurve: 16 (6 a sinistra, 10 a destra)<br \/>\nInizio gara: 14.00 ora italiana<\/p>\n<p><strong>Cos\u00ec nel 2015<\/strong><br \/>\nPodio: 1\u00b0 Marquez (Honda), 2\u00b0 Smith (Yamaha), 3\u00b0 Redding (Ducati)<br \/>\nPole: Lorenzo (Yamaha), 1\u201932\u201d146 (165.103 km\/h)<br \/>\nGiro pi\u00f9 veloce: Lorenzo (Yamaha), 1\u201933\u201d273 (163.108 km\/h)<\/p>\n<h3>Andrea Dovizioso<\/h3>\n<p>Moto: Ducati Desmosedici GP<br \/>\nNumero di gara: 04<br \/>\nEt\u00e0: 30 (nato il 23 marzo 1986 a Forlimpopol\u00ec)<br \/>\nResidenza: Forl\u00ec (Italia)<br \/>\nGare: 252 (154 x MotoGP, 49 x 250cc, 49 x 125cc)<br \/>\nPrimo GP: 2001 Gran Premio d\u2019Italia (125cc)<br \/>\nVittorie: 10 (1 x MotoGP, 4 x 250cc, 5 x 125cc)<br \/>\nPrima vittoria: 2004 Gran Premio di Sudafrica (125cc)<br \/>\nPole: 16 (3 x MotoGP, 4 x 250cc, 9 x 125cc)<br \/>\nPrima Pole: 2003 Gran Premio di Francia (125cc)<br \/>\nTitoli Mondiali: 1 (1 x 125cc)<\/p>\n<h3>Andrea Iannone<\/h3>\n<p>Moto: Ducati Desmosedici GP<br \/>\nNumero di gara: 29<br \/>\nEt\u00e0: 27 (nato il 9 agosto 1989 a Vasto, Italia)<br \/>\nResidenza: Vasto (Italia)<br \/>\nGare: 190 (63 x MotoGP, 51 x Moto2, 76 x 125cc)<br \/>\nPrimo GP: 2005 Gran Premio di Spagna (125cc)<br \/>\nVittorie: 13 (1 X MotoGP, 8 x Moto2, 4 x 125cc)<br \/>\nPrima vittoria: 2008 GP di Cina (125cc)<br \/>\nPole: 10 (2 x MotoGP, 5 x Moto2, 3 x 125cc)<br \/>\nPrima Pole: 2008 GP di Malesia (125cc)<\/p>\n<h3>Michele Pirro<\/h3>\n<p>Moto: Ducati Desmosedici GP<br \/>\nNumero di gara: 51<br \/>\nEt\u00e0: 30 (nato il 5 luglio 1986 a San Giovanni Rotondo, Italia)<br \/>\nResidenza: Cesena (Italia)<br \/>\nGare: 91 (44 x MotoGP, 18 x Moto2, 29 x 125cc)<br \/>\nPrimo GP: 2003 Gran Premio d\u2019Italia (125cc)<br \/>\nVittorie: 1 (1 x Moto2)<br \/>\nPrima vittoria: 2011 GP di Valencia (Moto2)<br \/>\nPole: 1 (1 x Moto2)<br \/>\nPrima Pole: 2011 GP di Valencia (Moto2)<\/p>\n<div class=\"sharedaddy sd-sharing-enabled\"><div class=\"robots-nocontent sd-block sd-social sd-social-icon sd-sharing\"><h3 class=\"sd-title\">Condividi:<\/h3><div class=\"sd-content\"><ul><li class=\"share-facebook\"><a rel=\"nofollow noopener noreferrer\" data-shared=\"sharing-facebook-6780\" class=\"share-facebook sd-button share-icon no-text\" href=\"https:\/\/www.2-ruote.com\/IT\/?p=6780&amp;share=facebook\" target=\"_blank\" title=\"Fai clic per condividere su Facebook\"><span><\/span><span class=\"sharing-screen-reader-text\">Fai clic per condividere su Facebook (Si apre in una nuova finestra)<\/span><\/a><\/li><li class=\"share-twitter\"><a rel=\"nofollow noopener noreferrer\" data-shared=\"sharing-twitter-6780\" class=\"share-twitter sd-button share-icon no-text\" href=\"https:\/\/www.2-ruote.com\/IT\/?p=6780&amp;share=twitter\" target=\"_blank\" title=\"Fai clic qui per condividere su Twitter\"><span><\/span><span class=\"sharing-screen-reader-text\">Fai clic qui per condividere su Twitter (Si apre in una nuova finestra)<\/span><\/a><\/li><li class=\"share-pinterest\"><a rel=\"nofollow noopener noreferrer\" data-shared=\"sharing-pinterest-6780\" class=\"share-pinterest sd-button share-icon no-text\" href=\"https:\/\/www.2-ruote.com\/IT\/?p=6780&amp;share=pinterest\" target=\"_blank\" title=\"Fai clic qui per condividere su Pinterest\"><span><\/span><span class=\"sharing-screen-reader-text\">Fai clic qui per condividere su Pinterest (Si apre in una nuova finestra)<\/span><\/a><\/li><li class=\"share-whatsapp\"><a rel=\"nofollow noopener noreferrer\" data-shared=\"\" class=\"share-whatsapp sd-button share-icon no-text\" href=\"https:\/\/www.2-ruote.com\/IT\/?p=6780&amp;share=whatsapp\" target=\"_blank\" title=\"Clicca per condividere su WhatsApp\"><span><\/span><span class=\"sharing-screen-reader-text\">Clicca per condividere su WhatsApp (Si apre in una nuova finestra)<\/span><\/a><\/li><li class=\"share-linkedin\"><a rel=\"nofollow noopener noreferrer\" data-shared=\"sharing-linkedin-6780\" class=\"share-linkedin sd-button share-icon no-text\" href=\"https:\/\/www.2-ruote.com\/IT\/?p=6780&amp;share=linkedin\" target=\"_blank\" title=\"Fai clic qui per condividere su LinkedIn\"><span><\/span><span class=\"sharing-screen-reader-text\">Fai clic qui per condividere su LinkedIn (Si apre in una nuova finestra)<\/span><\/a><\/li><li class=\"share-tumblr\"><a rel=\"nofollow noopener noreferrer\" data-shared=\"\" class=\"share-tumblr sd-button share-icon no-text\" href=\"https:\/\/www.2-ruote.com\/IT\/?p=6780&amp;share=tumblr\" target=\"_blank\" title=\"Fai clic qui per condividere su Tumblr\"><span><\/span><span class=\"sharing-screen-reader-text\">Fai clic qui per condividere su Tumblr (Si apre in una nuova finestra)<\/span><\/a><\/li><li class=\"share-pocket\"><a rel=\"nofollow noopener noreferrer\" data-shared=\"\" class=\"share-pocket sd-button share-icon no-text\" href=\"https:\/\/www.2-ruote.com\/IT\/?p=6780&amp;share=pocket\" target=\"_blank\" title=\"Fai clic qui per condividere su Pocket\"><span><\/span><span class=\"sharing-screen-reader-text\">Fai clic qui per condividere su Pocket (Si apre in una nuova finestra)<\/span><\/a><\/li><li class=\"share-reddit\"><a rel=\"nofollow noopener noreferrer\" data-shared=\"\" class=\"share-reddit sd-button share-icon no-text\" href=\"https:\/\/www.2-ruote.com\/IT\/?p=6780&amp;share=reddit\" target=\"_blank\" title=\"Fai clic qui per condividere su Reddit\"><span><\/span><span class=\"sharing-screen-reader-text\">Fai clic qui per condividere su Reddit (Si apre in una nuova finestra)<\/span><\/a><\/li><li class=\"share-print\"><a rel=\"nofollow noopener noreferrer\" data-shared=\"\" class=\"share-print sd-button share-icon no-text\" href=\"https:\/\/www.2-ruote.com\/IT\/?p=6780\" target=\"_blank\" title=\"Fai clic qui per stampare\"><span><\/span><span class=\"sharing-screen-reader-text\">Fai clic qui per stampare (Si apre in una nuova finestra)<\/span><\/a><\/li><li class=\"share-end\"><\/li><\/ul><\/div><\/div><\/div>","protected":false},"excerpt":{"rendered":"<p>Dopo l\u2019appuntamento oltremanica a Silverstone di domenica scorsa, il Ducati Team torna in Italia per la tredicesima tappa del Campionato&hellip;<\/p>\n<div class=\"sharedaddy sd-sharing-enabled\"><div class=\"robots-nocontent sd-block sd-social sd-social-icon sd-sharing\"><h3 class=\"sd-title\">Condividi:<\/h3><div class=\"sd-content\"><ul><li class=\"share-facebook\"><a rel=\"nofollow noopener noreferrer\" data-shared=\"sharing-facebook-6780\" class=\"share-facebook sd-button share-icon no-text\" href=\"https:\/\/www.2-ruote.com\/IT\/?p=6780&amp;share=facebook\" target=\"_blank\" title=\"Fai clic per condividere su Facebook\"><span><\/span><span class=\"sharing-screen-reader-text\">Fai clic per condividere su Facebook (Si apre in una nuova finestra)<\/span><\/a><\/li><li class=\"share-twitter\"><a rel=\"nofollow noopener noreferrer\" data-shared=\"sharing-twitter-6780\" class=\"share-twitter sd-button share-icon no-text\" href=\"https:\/\/www.2-ruote.com\/IT\/?p=6780&amp;share=twitter\" target=\"_blank\" title=\"Fai clic qui per condividere su Twitter\"><span><\/span><span class=\"sharing-screen-reader-text\">Fai clic qui per condividere su Twitter (Si apre in una nuova finestra)<\/span><\/a><\/li><li class=\"share-pinterest\"><a rel=\"nofollow noopener noreferrer\" data-shared=\"sharing-pinterest-6780\" class=\"share-pinterest sd-button share-icon no-text\" href=\"https:\/\/www.2-ruote.com\/IT\/?p=6780&amp;share=pinterest\" target=\"_blank\" title=\"Fai clic qui per condividere su Pinterest\"><span><\/span><span class=\"sharing-screen-reader-text\">Fai clic qui per condividere su Pinterest (Si apre in una nuova finestra)<\/span><\/a><\/li><li class=\"share-whatsapp\"><a rel=\"nofollow noopener noreferrer\" data-shared=\"\" class=\"share-whatsapp sd-button share-icon no-text\" href=\"https:\/\/www.2-ruote.com\/IT\/?p=6780&amp;share=whatsapp\" target=\"_blank\" title=\"Clicca per condividere su WhatsApp\"><span><\/span><span class=\"sharing-screen-reader-text\">Clicca per condividere su WhatsApp (Si apre in una nuova finestra)<\/span><\/a><\/li><li class=\"share-linkedin\"><a rel=\"nofollow noopener noreferrer\" data-shared=\"sharing-linkedin-6780\" class=\"share-linkedin sd-button share-icon no-text\" href=\"https:\/\/www.2-ruote.com\/IT\/?p=6780&amp;share=linkedin\" target=\"_blank\" title=\"Fai clic qui per condividere su LinkedIn\"><span><\/span><span class=\"sharing-screen-reader-text\">Fai clic qui per condividere su LinkedIn (Si apre in una nuova finestra)<\/span><\/a><\/li><li class=\"share-tumblr\"><a rel=\"nofollow noopener noreferrer\" data-shared=\"\" class=\"share-tumblr sd-button share-icon no-text\" href=\"https:\/\/www.2-ruote.com\/IT\/?p=6780&amp;share=tumblr\" target=\"_blank\" title=\"Fai clic qui per condividere su Tumblr\"><span><\/span><span class=\"sharing-screen-reader-text\">Fai clic qui per condividere su Tumblr (Si apre in una nuova finestra)<\/span><\/a><\/li><li class=\"share-pocket\"><a rel=\"nofollow noopener noreferrer\" data-shared=\"\" class=\"share-pocket sd-button share-icon no-text\" href=\"https:\/\/www.2-ruote.com\/IT\/?p=6780&amp;share=pocket\" target=\"_blank\" title=\"Fai clic qui per condividere su Pocket\"><span><\/span><span class=\"sharing-screen-reader-text\">Fai clic qui per condividere su Pocket (Si apre in una nuova finestra)<\/span><\/a><\/li><li class=\"share-reddit\"><a rel=\"nofollow noopener noreferrer\" data-shared=\"\" class=\"share-reddit sd-button share-icon no-text\" href=\"https:\/\/www.2-ruote.com\/IT\/?p=6780&amp;share=reddit\" target=\"_blank\" title=\"Fai clic qui per condividere su Reddit\"><span><\/span><span class=\"sharing-screen-reader-text\">Fai clic qui per condividere su Reddit (Si apre in una nuova finestra)<\/span><\/a><\/li><li class=\"share-print\"><a rel=\"nofollow noopener noreferrer\" data-shared=\"\" class=\"share-print sd-button share-icon no-text\" href=\"https:\/\/www.2-ruote.com\/IT\/?p=6780\" target=\"_blank\" title=\"Fai clic qui per stampare\"><span><\/span><span class=\"sharing-screen-reader-text\">Fai clic qui per stampare (Si apre in una nuova finestra)<\/span><\/a><\/li><li class=\"share-end\"><\/li><\/ul><\/div><\/div><\/div>","protected":false},"author":1,"featured_media":6784,"comment_status":"open","ping_status":"open","sticky":false,"template":"","format":"standard","meta":{"_mi_skip_tracking":false,"_monsterinsights_sitenote_active":false,"_monsterinsights_sitenote_note":"","_monsterinsights_sitenote_category":0,"spay_email":"","jetpack_publicize_message":"","jetpack_is_tweetstorm":false},"categories":[10,3],"tags":[21,22,52],"aioseo_notices":[],"jetpack_featured_media_url":"https:\/\/i0.wp.com\/www.2-ruote.com\/IT\/wp-content\/uploads\/2017\/02\/2016-Misano-Ducati-14.jpg?fit=2000%2C1333&ssl=1","jetpack_publicize_connections":[],"jetpack_sharing_enabled":true,"jetpack_shortlink":"https:\/\/wp.me\/p6TDfQ-1Lm","jetpack-related-posts":[{"id":6779,"url":"https:\/\/www.2-ruote.com\/IT\/?p=6779","url_meta":{"origin":6780,"position":0},"title":"Andrea Dovizioso e Michele Pirro ottengono un sesto e un settimo posto a Misano nel GP TIM di San Marino e della Riviera di Rimini","date":"11 Settembre 2016","format":false,"excerpt":"I due piloti del Ducati Team Andrea Dovizioso e Michele Pirro hanno ottenuto rispettivamente il sesto ed il settimo posto nel GP TIM di San Marino e della Riviera di Rimini, disputato oggi sul Misano World Circuit. Andrea Dovizioso, che scattava dalla seconda fila grazie al sesto tempo ottenuto ieri\u2026","rel":"","context":"In &quot;Ducati Corse&quot;","img":{"alt_text":"","src":"https:\/\/i1.wp.com\/www.2-ruote.com\/IT\/wp-content\/uploads\/2017\/02\/2016-Misano-Ducati-27.jpg?fit=1200%2C800&ssl=1&resize=350%2C200","width":350,"height":200},"classes":[]},{"id":6777,"url":"https:\/\/www.2-ruote.com\/IT\/?p=6777","url_meta":{"origin":6780,"position":1},"title":"GP TIM di San Marino e della Riviera di Rimini: Andrea Dovizioso terzo dopo la prima giornata di prove a Misano. Andrea Iannone cade durante la sessione del mattino e riporta una frattura alla vertebra D3. Quattordicesimo Michele Pirro con la Desmosedici","date":"9 Settembre 2016","format":false,"excerpt":"Andrea Dovizioso ha chiuso al terzo posto la prima giornata di prove del GP TIM di San Marino e della Riviera di Rimini. Il pilota romagnolo del Ducati Team, dopo aver fatto segnare il settimo tempo nelle FP1 del mattino, ha poi ottenuto il terzo crono in 1\u201932\u201d901 nel pomeriggio.\u2026","rel":"","context":"In &quot;Ducati Corse&quot;","img":{"alt_text":"","src":"https:\/\/i1.wp.com\/www.2-ruote.com\/IT\/wp-content\/uploads\/2017\/02\/2016-Misano-Ducati-3.jpg?fit=1200%2C800&ssl=1&resize=350%2C200","width":350,"height":200},"classes":[]},{"id":6778,"url":"https:\/\/www.2-ruote.com\/IT\/?p=6778","url_meta":{"origin":6780,"position":2},"title":"Seconda fila domani per Michele Pirro e Andrea Dovizioso, quinto e sesto nelle qualifiche del GP TIM di San Marino e della Riviera di Rimini. Andrea Iannone dichiarato \u201cunfit\u201d dai medici dovr\u00e0 saltare la gara di Misano","date":"10 Settembre 2016","format":false,"excerpt":"Michele Pirro ha ottenuto il quinto tempo nelle qualifiche del GP TIM di San Marino e della Riviera di Rimini e partir\u00e0 quindi dalla seconda fila per la gara di domani. Il pilota collaudatore pugliese era stato iscritto alla gara come wild-card con la Desmosedici GP del Ducati Test Team\u2026","rel":"","context":"In &quot;Ducati Corse&quot;","img":{"alt_text":"","src":"https:\/\/i1.wp.com\/www.2-ruote.com\/IT\/wp-content\/uploads\/2017\/02\/2016-Misano-Ducati-2.jpg?fit=1200%2C800&ssl=1&resize=350%2C200","width":350,"height":200},"classes":[]},{"id":6203,"url":"https:\/\/www.2-ruote.com\/IT\/?p=6203","url_meta":{"origin":6780,"position":3},"title":"Conclusa la giornata di test per i piloti del Ducati Team sul Misano World Circuit","date":"23 Agosto 2016","format":false,"excerpt":"Si \u00e8 conclusa questo pomeriggio la giornata di test programmata dal Ducati Team sul Misano World Circuit, in preparazione del GP di San Marino e della Riviera di Rimini che si svolger\u00e1 sul circuito romagnolo dal 9 all'11 settembre prossimi. I due piloti ufficiali Ducati hanno girato a lungo con\u2026","rel":"","context":"In &quot;Ducati Corse&quot;","img":{"alt_text":"","src":"","width":0,"height":0},"classes":[]},{"id":394,"url":"https:\/\/www.2-ruote.com\/IT\/?p=394","url_meta":{"origin":6780,"position":4},"title":"IL DUCATI TEAM SI PREPARA PER LA SECONDA GARA DI CASA STAGIONALE","date":"31 Agosto 2011","format":false,"excerpt":"Il Gran Premio di San Marino e della Riviera di Rimini di domenica prossima sar\u00e0\u00a0 la seconda gara di casa della stagione per il Ducati Team e un appuntamento importante anche per Valentino Rossi che vive a pochi chilometri dalla pista dove ha conquistato due successi, nel 2008 e nel\u2026","rel":"","context":"In &quot;Ducati Corse&quot;","img":{"alt_text":"","src":"","width":0,"height":0},"classes":[]},{"id":5984,"url":"https:\/\/www.2-ruote.com\/IT\/?p=5984","url_meta":{"origin":6780,"position":5},"title":"Andrea Iannone non prender\u00e0 parte al GP del Giappone in programma questo fine settimana a Motegi. Il suo rientro in gara \u00e8 previsto a Phillip Island","date":"10 Ottobre 2016","format":false,"excerpt":"Andrea Iannone non prender\u00e0 parte al GP del Giappone, in programma questo weekend sul circuito di Motegi. Il pilota abruzzese del Ducati Team si \u00e9 sottoposto la scorsa settimana ad una serie di esami che hanno evidenziato il quasi totale assorbimento dell'edema e l'inizio del processo di calcificazione alla terza\u2026","rel":"","context":"In &quot;Ducati Corse&quot;","img":{"alt_text":"","src":"","width":0,"height":0},"classes":[]}],"jetpack_likes_enabled":true,"_links":{"self":[{"href":"https:\/\/www.2-ruote.com\/IT\/index.php?rest_route=\/wp\/v2\/posts\/6780"}],"collection":[{"href":"https:\/\/www.2-ruote.com\/IT\/index.php?rest_route=\/wp\/v2\/posts"}],"about":[{"href":"https:\/\/www.2-ruote.com\/IT\/index.php?rest_route=\/wp\/v2\/types\/post"}],"author":[{"embeddable":true,"href":"https:\/\/www.2-ruote.com\/IT\/index.php?rest_route=\/wp\/v2\/users\/1"}],"replies":[{"embeddable":true,"href":"https:\/\/www.2-ruote.com\/IT\/index.php?rest_route=%2Fwp%2Fv2%2Fcomments&post=6780"}],"version-history":[{"count":1,"href":"https:\/\/www.2-ruote.com\/IT\/index.php?rest_route=\/wp\/v2\/posts\/6780\/revisions"}],"predecessor-version":[{"id":6814,"href":"https:\/\/www.2-ruote.com\/IT\/index.php?rest_route=\/wp\/v2\/posts\/6780\/revisions\/6814"}],"wp:featuredmedia":[{"embeddable":true,"href":"https:\/\/www.2-ruote.com\/IT\/index.php?rest_route=\/wp\/v2\/media\/6784"}],"wp:attachment":[{"href":"https:\/\/www.2-ruote.com\/IT\/index.php?rest_route=%2Fwp%2Fv2%2Fmedia&parent=6780"}],"wp:term":[{"taxonomy":"category","embeddable":true,"href":"https:\/\/www.2-ruote.com\/IT\/index.php?rest_route=%2Fwp%2Fv2%2Fcategories&post=6780"},{"taxonomy":"post_tag","embeddable":true,"href":"https:\/\/www.2-ruote.com\/IT\/index.php?rest_route=%2Fwp%2Fv2%2Ftags&post=6780"}],"curies":[{"name":"wp","href":"https:\/\/api.w.org\/{rel}","templated":true}]}}