{"id":6815,"date":"2016-09-23T14:00:33","date_gmt":"2016-09-23T12:00:33","guid":{"rendered":"http:\/\/www.2-ruote.com\/IT\/?p=6815"},"modified":"2017-02-03T14:17:08","modified_gmt":"2017-02-03T13:17:08","slug":"dovizioso-decimo-dopo-la-prima-giornata-di-prove-ad-aragon-iannone-scende-in-pista-per-le-fp1-ma-poi-deve-rinunciare-al-gp-per-il-riacutizzarsi-del-dolore-alla-schiena-pirro-lo-sostituisce-per-le-fp","status":"publish","type":"post","link":"https:\/\/www.2-ruote.com\/IT\/?p=6815","title":{"rendered":"Dovizioso decimo dopo la prima giornata di prove ad Arag\u00f3n. Iannone scende in pista per le FP1 ma poi deve rinunciare al GP per il riacutizzarsi del dolore alla schiena. Pirro lo sostituisce per le FP2 ed ottiene il quindicesimo crono."},"content":{"rendered":"<p class=\"jetpack-slideshow-noscript robots-nocontent\">Questo slideshow richiede JavaScript.<\/p><div id=\"gallery-6815-1-slideshow\" class=\"slideshow-window jetpack-slideshow slideshow-black\" data-trans=\"fade\" data-autostart=\"1\" data-gallery=\"[{&quot;src&quot;:&quot;https:\\\/\\\/i1.wp.com\\\/www.2-ruote.com\\\/IT\\\/wp-content\\\/uploads\\\/2017\\\/02\\\/2016-Aragon-Ducati-9.jpg?fit=1024%2C682\\u0026ssl=1&quot;,&quot;id&quot;:&quot;6851&quot;,&quot;title&quot;:&quot;2016 \\u0026#8211; Aragon \\u0026#8211; Ducati (9)&quot;,&quot;alt&quot;:&quot;&quot;,&quot;caption&quot;:&quot;&quot;,&quot;itemprop&quot;:&quot;image&quot;},{&quot;src&quot;:&quot;https:\\\/\\\/i0.wp.com\\\/www.2-ruote.com\\\/IT\\\/wp-content\\\/uploads\\\/2017\\\/02\\\/2016-Aragon-Ducati-18.jpg?fit=1024%2C682\\u0026ssl=1&quot;,&quot;id&quot;:&quot;6827&quot;,&quot;title&quot;:&quot;2016 \\u0026#8211; Aragon \\u0026#8211; Ducati (18)&quot;,&quot;alt&quot;:&quot;&quot;,&quot;caption&quot;:&quot;&quot;,&quot;itemprop&quot;:&quot;image&quot;},{&quot;src&quot;:&quot;https:\\\/\\\/i2.wp.com\\\/www.2-ruote.com\\\/IT\\\/wp-content\\\/uploads\\\/2017\\\/02\\\/2016-Aragon-Ducati-27.jpg?fit=1024%2C682\\u0026ssl=1&quot;,&quot;id&quot;:&quot;6836&quot;,&quot;title&quot;:&quot;2016 \\u0026#8211; Aragon \\u0026#8211; Ducati (27)&quot;,&quot;alt&quot;:&quot;&quot;,&quot;caption&quot;:&quot;&quot;,&quot;itemprop&quot;:&quot;image&quot;},{&quot;src&quot;:&quot;https:\\\/\\\/i1.wp.com\\\/www.2-ruote.com\\\/IT\\\/wp-content\\\/uploads\\\/2017\\\/02\\\/2016-Aragon-Ducati-25.jpg?fit=1024%2C682\\u0026ssl=1&quot;,&quot;id&quot;:&quot;6834&quot;,&quot;title&quot;:&quot;2016 \\u0026#8211; Aragon \\u0026#8211; Ducati (25)&quot;,&quot;alt&quot;:&quot;&quot;,&quot;caption&quot;:&quot;&quot;,&quot;itemprop&quot;:&quot;image&quot;},{&quot;src&quot;:&quot;https:\\\/\\\/i0.wp.com\\\/www.2-ruote.com\\\/IT\\\/wp-content\\\/uploads\\\/2017\\\/02\\\/2016-Aragon-Ducati-31.jpg?fit=1024%2C682\\u0026ssl=1&quot;,&quot;id&quot;:&quot;6840&quot;,&quot;title&quot;:&quot;2016 \\u0026#8211; Aragon \\u0026#8211; Ducati (31)&quot;,&quot;alt&quot;:&quot;&quot;,&quot;caption&quot;:&quot;&quot;,&quot;itemprop&quot;:&quot;image&quot;},{&quot;src&quot;:&quot;https:\\\/\\\/i0.wp.com\\\/www.2-ruote.com\\\/IT\\\/wp-content\\\/uploads\\\/2017\\\/02\\\/2016-Aragon-Ducati-13.jpg?fit=1024%2C682\\u0026ssl=1&quot;,&quot;id&quot;:&quot;6822&quot;,&quot;title&quot;:&quot;2016 \\u0026#8211; Aragon \\u0026#8211; Ducati (13)&quot;,&quot;alt&quot;:&quot;&quot;,&quot;caption&quot;:&quot;&quot;,&quot;itemprop&quot;:&quot;image&quot;},{&quot;src&quot;:&quot;https:\\\/\\\/i1.wp.com\\\/www.2-ruote.com\\\/IT\\\/wp-content\\\/uploads\\\/2017\\\/02\\\/2016-Aragon-Ducati-4.jpg?fit=1024%2C682\\u0026ssl=1&quot;,&quot;id&quot;:&quot;6846&quot;,&quot;title&quot;:&quot;2016 \\u0026#8211; Aragon \\u0026#8211; Ducati (4)&quot;,&quot;alt&quot;:&quot;&quot;,&quot;caption&quot;:&quot;&quot;,&quot;itemprop&quot;:&quot;image&quot;},{&quot;src&quot;:&quot;https:\\\/\\\/i0.wp.com\\\/www.2-ruote.com\\\/IT\\\/wp-content\\\/uploads\\\/2017\\\/02\\\/2016-Aragon-Ducati-11.jpg?fit=1024%2C682\\u0026ssl=1&quot;,&quot;id&quot;:&quot;6820&quot;,&quot;title&quot;:&quot;2016 \\u0026#8211; Aragon \\u0026#8211; Ducati (11)&quot;,&quot;alt&quot;:&quot;&quot;,&quot;caption&quot;:&quot;&quot;,&quot;itemprop&quot;:&quot;image&quot;},{&quot;src&quot;:&quot;https:\\\/\\\/i2.wp.com\\\/www.2-ruote.com\\\/IT\\\/wp-content\\\/uploads\\\/2017\\\/02\\\/2016-Aragon-Ducati-8.jpg?fit=1024%2C682\\u0026ssl=1&quot;,&quot;id&quot;:&quot;6850&quot;,&quot;title&quot;:&quot;2016 \\u0026#8211; Aragon \\u0026#8211; Ducati (8)&quot;,&quot;alt&quot;:&quot;&quot;,&quot;caption&quot;:&quot;&quot;,&quot;itemprop&quot;:&quot;image&quot;},{&quot;src&quot;:&quot;https:\\\/\\\/i0.wp.com\\\/www.2-ruote.com\\\/IT\\\/wp-content\\\/uploads\\\/2017\\\/02\\\/2016-Aragon-Ducati-24.jpg?fit=1024%2C682\\u0026ssl=1&quot;,&quot;id&quot;:&quot;6833&quot;,&quot;title&quot;:&quot;2016 \\u0026#8211; Aragon \\u0026#8211; Ducati (24)&quot;,&quot;alt&quot;:&quot;&quot;,&quot;caption&quot;:&quot;&quot;,&quot;itemprop&quot;:&quot;image&quot;},{&quot;src&quot;:&quot;https:\\\/\\\/i1.wp.com\\\/www.2-ruote.com\\\/IT\\\/wp-content\\\/uploads\\\/2017\\\/02\\\/2016-Aragon-Ducati-10.jpg?fit=1024%2C682\\u0026ssl=1&quot;,&quot;id&quot;:&quot;6819&quot;,&quot;title&quot;:&quot;2016 \\u0026#8211; Aragon \\u0026#8211; Ducati (10)&quot;,&quot;alt&quot;:&quot;&quot;,&quot;caption&quot;:&quot;&quot;,&quot;itemprop&quot;:&quot;image&quot;},{&quot;src&quot;:&quot;https:\\\/\\\/i2.wp.com\\\/www.2-ruote.com\\\/IT\\\/wp-content\\\/uploads\\\/2017\\\/02\\\/2016-Aragon-Ducati-32.jpg?fit=1024%2C682\\u0026ssl=1&quot;,&quot;id&quot;:&quot;6841&quot;,&quot;title&quot;:&quot;2016 \\u0026#8211; Aragon \\u0026#8211; Ducati (32)&quot;,&quot;alt&quot;:&quot;&quot;,&quot;caption&quot;:&quot;&quot;,&quot;itemprop&quot;:&quot;image&quot;},{&quot;src&quot;:&quot;https:\\\/\\\/i2.wp.com\\\/www.2-ruote.com\\\/IT\\\/wp-content\\\/uploads\\\/2017\\\/02\\\/2016-Aragon-Ducati-12.jpg?fit=1024%2C682\\u0026ssl=1&quot;,&quot;id&quot;:&quot;6821&quot;,&quot;title&quot;:&quot;2016 \\u0026#8211; Aragon \\u0026#8211; Ducati (12)&quot;,&quot;alt&quot;:&quot;&quot;,&quot;caption&quot;:&quot;&quot;,&quot;itemprop&quot;:&quot;image&quot;},{&quot;src&quot;:&quot;https:\\\/\\\/i1.wp.com\\\/www.2-ruote.com\\\/IT\\\/wp-content\\\/uploads\\\/2017\\\/02\\\/2016-Aragon-Ducati-23.jpg?fit=1024%2C682\\u0026ssl=1&quot;,&quot;id&quot;:&quot;6832&quot;,&quot;title&quot;:&quot;2016 \\u0026#8211; Aragon \\u0026#8211; Ducati (23)&quot;,&quot;alt&quot;:&quot;&quot;,&quot;caption&quot;:&quot;&quot;,&quot;itemprop&quot;:&quot;image&quot;},{&quot;src&quot;:&quot;https:\\\/\\\/i2.wp.com\\\/www.2-ruote.com\\\/IT\\\/wp-content\\\/uploads\\\/2017\\\/02\\\/2016-Aragon-Ducati-7.jpg?fit=1024%2C682\\u0026ssl=1&quot;,&quot;id&quot;:&quot;6849&quot;,&quot;title&quot;:&quot;2016 \\u0026#8211; Aragon \\u0026#8211; Ducati (7)&quot;,&quot;alt&quot;:&quot;&quot;,&quot;caption&quot;:&quot;&quot;,&quot;itemprop&quot;:&quot;image&quot;},{&quot;src&quot;:&quot;https:\\\/\\\/i1.wp.com\\\/www.2-ruote.com\\\/IT\\\/wp-content\\\/uploads\\\/2017\\\/02\\\/2016-Aragon-Ducati-28.jpg?fit=1024%2C682\\u0026ssl=1&quot;,&quot;id&quot;:&quot;6837&quot;,&quot;title&quot;:&quot;2016 \\u0026#8211; Aragon \\u0026#8211; Ducati (28)&quot;,&quot;alt&quot;:&quot;&quot;,&quot;caption&quot;:&quot;&quot;,&quot;itemprop&quot;:&quot;image&quot;},{&quot;src&quot;:&quot;https:\\\/\\\/i0.wp.com\\\/www.2-ruote.com\\\/IT\\\/wp-content\\\/uploads\\\/2017\\\/02\\\/2016-Aragon-Ducati-19.jpg?fit=1024%2C682\\u0026ssl=1&quot;,&quot;id&quot;:&quot;6828&quot;,&quot;title&quot;:&quot;2016 \\u0026#8211; Aragon \\u0026#8211; Ducati (19)&quot;,&quot;alt&quot;:&quot;&quot;,&quot;caption&quot;:&quot;&quot;,&quot;itemprop&quot;:&quot;image&quot;},{&quot;src&quot;:&quot;https:\\\/\\\/i2.wp.com\\\/www.2-ruote.com\\\/IT\\\/wp-content\\\/uploads\\\/2017\\\/02\\\/2016-Aragon-Ducati-30.jpg?fit=1024%2C682\\u0026ssl=1&quot;,&quot;id&quot;:&quot;6839&quot;,&quot;title&quot;:&quot;2016 \\u0026#8211; Aragon \\u0026#8211; Ducati (30)&quot;,&quot;alt&quot;:&quot;&quot;,&quot;caption&quot;:&quot;&quot;,&quot;itemprop&quot;:&quot;image&quot;},{&quot;src&quot;:&quot;https:\\\/\\\/i1.wp.com\\\/www.2-ruote.com\\\/IT\\\/wp-content\\\/uploads\\\/2017\\\/02\\\/2016-Aragon-Ducati-2.jpg?fit=1024%2C682\\u0026ssl=1&quot;,&quot;id&quot;:&quot;6844&quot;,&quot;title&quot;:&quot;2016 \\u0026#8211; Aragon \\u0026#8211; Ducati (2)&quot;,&quot;alt&quot;:&quot;&quot;,&quot;caption&quot;:&quot;&quot;,&quot;itemprop&quot;:&quot;image&quot;},{&quot;src&quot;:&quot;https:\\\/\\\/i2.wp.com\\\/www.2-ruote.com\\\/IT\\\/wp-content\\\/uploads\\\/2017\\\/02\\\/2016-Aragon-Ducati-22.jpg?fit=1024%2C682\\u0026ssl=1&quot;,&quot;id&quot;:&quot;6831&quot;,&quot;title&quot;:&quot;2016 \\u0026#8211; Aragon \\u0026#8211; Ducati (22)&quot;,&quot;alt&quot;:&quot;&quot;,&quot;caption&quot;:&quot;&quot;,&quot;itemprop&quot;:&quot;image&quot;},{&quot;src&quot;:&quot;https:\\\/\\\/i2.wp.com\\\/www.2-ruote.com\\\/IT\\\/wp-content\\\/uploads\\\/2017\\\/02\\\/2016-Aragon-Ducati-1.jpg?fit=1024%2C682\\u0026ssl=1&quot;,&quot;id&quot;:&quot;6843&quot;,&quot;title&quot;:&quot;2016 \\u0026#8211; Aragon \\u0026#8211; Ducati (1)&quot;,&quot;alt&quot;:&quot;&quot;,&quot;caption&quot;:&quot;&quot;,&quot;itemprop&quot;:&quot;image&quot;},{&quot;src&quot;:&quot;https:\\\/\\\/i0.wp.com\\\/www.2-ruote.com\\\/IT\\\/wp-content\\\/uploads\\\/2017\\\/02\\\/2016-Aragon-Ducati-17.jpg?fit=1024%2C682\\u0026ssl=1&quot;,&quot;id&quot;:&quot;6826&quot;,&quot;title&quot;:&quot;2016 \\u0026#8211; Aragon \\u0026#8211; Ducati (17)&quot;,&quot;alt&quot;:&quot;&quot;,&quot;caption&quot;:&quot;&quot;,&quot;itemprop&quot;:&quot;image&quot;},{&quot;src&quot;:&quot;https:\\\/\\\/i0.wp.com\\\/www.2-ruote.com\\\/IT\\\/wp-content\\\/uploads\\\/2017\\\/02\\\/2016-Aragon-Ducati-15.jpg?fit=1024%2C682\\u0026ssl=1&quot;,&quot;id&quot;:&quot;6824&quot;,&quot;title&quot;:&quot;2016 \\u0026#8211; Aragon \\u0026#8211; Ducati (15)&quot;,&quot;alt&quot;:&quot;&quot;,&quot;caption&quot;:&quot;&quot;,&quot;itemprop&quot;:&quot;image&quot;},{&quot;src&quot;:&quot;https:\\\/\\\/i1.wp.com\\\/www.2-ruote.com\\\/IT\\\/wp-content\\\/uploads\\\/2017\\\/02\\\/2016-Aragon-Ducati-26.jpg?fit=1024%2C682\\u0026ssl=1&quot;,&quot;id&quot;:&quot;6835&quot;,&quot;title&quot;:&quot;2016 \\u0026#8211; Aragon \\u0026#8211; Ducati (26)&quot;,&quot;alt&quot;:&quot;&quot;,&quot;caption&quot;:&quot;&quot;,&quot;itemprop&quot;:&quot;image&quot;},{&quot;src&quot;:&quot;https:\\\/\\\/i0.wp.com\\\/www.2-ruote.com\\\/IT\\\/wp-content\\\/uploads\\\/2017\\\/02\\\/2016-Aragon-Ducati-5.jpg?fit=1024%2C683\\u0026ssl=1&quot;,&quot;id&quot;:&quot;6847&quot;,&quot;title&quot;:&quot;2016 \\u0026#8211; Aragon \\u0026#8211; Ducati (5)&quot;,&quot;alt&quot;:&quot;&quot;,&quot;caption&quot;:&quot;&quot;,&quot;itemprop&quot;:&quot;image&quot;},{&quot;src&quot;:&quot;https:\\\/\\\/i0.wp.com\\\/www.2-ruote.com\\\/IT\\\/wp-content\\\/uploads\\\/2017\\\/02\\\/2016-Aragon-Ducati-16.jpg?fit=1024%2C682\\u0026ssl=1&quot;,&quot;id&quot;:&quot;6825&quot;,&quot;title&quot;:&quot;2016 \\u0026#8211; Aragon \\u0026#8211; Ducati (16)&quot;,&quot;alt&quot;:&quot;&quot;,&quot;caption&quot;:&quot;&quot;,&quot;itemprop&quot;:&quot;image&quot;},{&quot;src&quot;:&quot;https:\\\/\\\/i1.wp.com\\\/www.2-ruote.com\\\/IT\\\/wp-content\\\/uploads\\\/2017\\\/02\\\/2016-Aragon-Ducati-29.jpg?fit=1024%2C682\\u0026ssl=1&quot;,&quot;id&quot;:&quot;6838&quot;,&quot;title&quot;:&quot;2016 \\u0026#8211; Aragon \\u0026#8211; Ducati (29)&quot;,&quot;alt&quot;:&quot;&quot;,&quot;caption&quot;:&quot;&quot;,&quot;itemprop&quot;:&quot;image&quot;},{&quot;src&quot;:&quot;https:\\\/\\\/i2.wp.com\\\/www.2-ruote.com\\\/IT\\\/wp-content\\\/uploads\\\/2017\\\/02\\\/2016-Aragon-Ducati-3.jpg?fit=1024%2C682\\u0026ssl=1&quot;,&quot;id&quot;:&quot;6845&quot;,&quot;title&quot;:&quot;2016 \\u0026#8211; Aragon \\u0026#8211; Ducati (3)&quot;,&quot;alt&quot;:&quot;&quot;,&quot;caption&quot;:&quot;&quot;,&quot;itemprop&quot;:&quot;image&quot;},{&quot;src&quot;:&quot;https:\\\/\\\/i2.wp.com\\\/www.2-ruote.com\\\/IT\\\/wp-content\\\/uploads\\\/2017\\\/02\\\/2016-Aragon-Ducati-21.jpg?fit=1024%2C682\\u0026ssl=1&quot;,&quot;id&quot;:&quot;6830&quot;,&quot;title&quot;:&quot;2016 \\u0026#8211; Aragon \\u0026#8211; Ducati (21)&quot;,&quot;alt&quot;:&quot;&quot;,&quot;caption&quot;:&quot;&quot;,&quot;itemprop&quot;:&quot;image&quot;},{&quot;src&quot;:&quot;https:\\\/\\\/i0.wp.com\\\/www.2-ruote.com\\\/IT\\\/wp-content\\\/uploads\\\/2017\\\/02\\\/2016-Aragon-Ducati-20.jpg?fit=1024%2C682\\u0026ssl=1&quot;,&quot;id&quot;:&quot;6829&quot;,&quot;title&quot;:&quot;2016 \\u0026#8211; Aragon \\u0026#8211; Ducati (20)&quot;,&quot;alt&quot;:&quot;&quot;,&quot;caption&quot;:&quot;&quot;,&quot;itemprop&quot;:&quot;image&quot;},{&quot;src&quot;:&quot;https:\\\/\\\/i1.wp.com\\\/www.2-ruote.com\\\/IT\\\/wp-content\\\/uploads\\\/2017\\\/02\\\/2016-Aragon-Ducati-14.jpg?fit=1024%2C682\\u0026ssl=1&quot;,&quot;id&quot;:&quot;6823&quot;,&quot;title&quot;:&quot;2016 \\u0026#8211; Aragon \\u0026#8211; Ducati (14)&quot;,&quot;alt&quot;:&quot;&quot;,&quot;caption&quot;:&quot;&quot;,&quot;itemprop&quot;:&quot;image&quot;},{&quot;src&quot;:&quot;https:\\\/\\\/i0.wp.com\\\/www.2-ruote.com\\\/IT\\\/wp-content\\\/uploads\\\/2017\\\/02\\\/2016-Aragon-Ducati-33.jpg?fit=1024%2C682\\u0026ssl=1&quot;,&quot;id&quot;:&quot;6842&quot;,&quot;title&quot;:&quot;2016 \\u0026#8211; Aragon \\u0026#8211; Ducati (33)&quot;,&quot;alt&quot;:&quot;&quot;,&quot;caption&quot;:&quot;&quot;,&quot;itemprop&quot;:&quot;image&quot;},{&quot;src&quot;:&quot;https:\\\/\\\/i0.wp.com\\\/www.2-ruote.com\\\/IT\\\/wp-content\\\/uploads\\\/2017\\\/02\\\/2016-Aragon-Ducati-6.jpg?fit=1024%2C682\\u0026ssl=1&quot;,&quot;id&quot;:&quot;6848&quot;,&quot;title&quot;:&quot;2016 \\u0026#8211; Aragon \\u0026#8211; Ducati (6)&quot;,&quot;alt&quot;:&quot;&quot;,&quot;caption&quot;:&quot;&quot;,&quot;itemprop&quot;:&quot;image&quot;}]\" itemscope itemtype=\"https:\/\/schema.org\/ImageGallery\"><\/div>\n<p><strong>Andrea Dovizioso ha ottenuto il decimo tempo alla fine della prima giornata di prove del Gran Premio de Arag\u00f3n, in programma questo weekend sul moderno circuito alle porte di Alca\u00f1iz. Il pilota romagnolo del Ducati Team aveva terminato le FP1 del mattino in quarta posizione, ma nel pomeriggio ha sofferto la mancanza di grip della pista ed ha chiuso la seconda sessione al decimo posto in 1\u201949\u201d128.<\/strong><\/p>\n<p>Non ha invece potuto proseguire la sua giornata in pista Andrea Iannone, ancora dolorante a causa della caduta durante le FP1 a Misano, in cui si \u00e8 procurato una microfrattura ad una vertebra dorsale. Il pilota abruzzese ieri era stato dichiarato \u201cfit\u201d dai medici del circuito ed \u00e8 sceso in pista questa mattina per la prima sessione di prove libere, disputate con un buon ritmo e chiuse al sesto posto. Purtroppo il riacutizzarsi del dolore alla schiena ha obbligato Iannone a dare forfait per il resto del weekend.<\/p>\n<p>Michele Pirro, che era stato convocato ad Arag\u00f3n dal Ducati Team a causa delle incerte condizioni fisiche di Iannone, ha quindi preso il posto del pilota di Vasto ed \u00e8 sceso in pista nelle FP2 del pomeriggio. Pirro, che non aveva mai girato su questo circuito con una MotoGP, ha preso fiducia giro dopo giro ed ha chiuso la sessione al quindicesimo posto in 1\u201949\u201d678.<\/p>\n<blockquote><p><strong>Andrea Dovizioso (Ducati Team #04) \u2013 1\u201949\u201d128 (10\u00b0)<\/strong><br \/>\n\u201cNel turno di questa mattina non siamo andati male, ma nel pomeriggio abbiamo incontrato delle condizioni difficili, con scarso grip sulla pista. Adesso dobbiamo lavorare per trovare una soluzione a questo problema perch\u00e9 \u00e8 il nostro limite pi\u00f9 grosso e non ci permette di essere veloci quanto vorremmo, condizionandoci la guida e le linee, e soprattutto non ci permette di usare il setup che vorremmo. Prenderemo come riferimento l\u2019ultimo turno per lavorare sui dati, e sono fiducioso che troveremo il modo per migliorare domani.\u201d<\/p><\/blockquote>\n<p>&nbsp;<\/p>\n<blockquote><p><strong>Michele Pirro (Ducati Team #51) &#8211; 1\u201949\u2019\u2019678 (15\u00b0)<\/strong><br \/>\n\u201cOrmai quest\u2019anno le sto provando un po\u2019 tutte! Sono arrivato qui stamattina, sperando che Andrea avrebbe potuto farcela a disputare tutto il weekend, e invece dopo il primo turno ha dovuto rinunciare. In frangenti come questi la Ducati dimostra di essere una squadra vera, perch\u00e9 nel momento del bisogno siamo tutti pronti e ci mettiamo a disposizione del team. Era da cinque anni che non venivo su questa pista e non me la ricordavo cos\u00ec difficile, anche perch\u00e9 non avevo mai girato qui con una vera MotoGP. Al momento ho fatto solo la seconda sessione e sto cercando di riordinare le idee, ma credo che domani capiremo quale pu\u00f2 essere il nostro potenziale gi\u00e0 dalle FP3.\u201d<\/p><\/blockquote>\n<p>&nbsp;<\/p>\n<blockquote><p><strong>Andrea Iannone (Ducati Team #29)<\/strong><br \/>\n\u201cPurtroppo salter\u00f2 anche questa gara, e la mia non \u00e8 stata una decisione facile perch\u00e9 comunque questa mattina nelle FP1 ho avuto delle sensazioni molto positive. Abbiamo effettuato un turno molto buono, siamo stati veloci, e quindi mi dispiace davvero molto dover rinunciare a questo GP. Per\u00f2 devo guardare in faccia alla realt\u00e0, e purtroppo questa decisione \u00e8 l\u2019unica possibile, la migliore se penso alle prossime gare che ci aspettano. Avrei anche potuto provare a correre prendendo degli antidolorifici, ma sinceramente non volevo rischiare di cadere ancora una volta e dover affrontare la stessa situazione da capo. In questi ultimi giorni sono molto migliorato ma, mezz\u2019ora dopo la fine del turno, mi sono reso conto che avevo il collo bloccato e quindi ho deciso che \u00e8 meglio provare a recuperare al 100% ed arrivare in Giappone sapendo che la frattura \u00e8 completamente guarita e che posso guidare senza dolori e preoccupazioni.\u201d<\/p><\/blockquote>\n<div class=\"sharedaddy sd-sharing-enabled\"><div class=\"robots-nocontent sd-block sd-social sd-social-icon sd-sharing\"><h3 class=\"sd-title\">Condividi:<\/h3><div class=\"sd-content\"><ul><li class=\"share-facebook\"><a rel=\"nofollow noopener noreferrer\" data-shared=\"sharing-facebook-6815\" class=\"share-facebook sd-button share-icon no-text\" href=\"https:\/\/www.2-ruote.com\/IT\/?p=6815&amp;share=facebook\" target=\"_blank\" title=\"Fai clic per condividere su Facebook\"><span><\/span><span class=\"sharing-screen-reader-text\">Fai clic per condividere su Facebook (Si apre in una nuova finestra)<\/span><\/a><\/li><li class=\"share-twitter\"><a rel=\"nofollow noopener noreferrer\" data-shared=\"sharing-twitter-6815\" class=\"share-twitter sd-button share-icon no-text\" href=\"https:\/\/www.2-ruote.com\/IT\/?p=6815&amp;share=twitter\" target=\"_blank\" title=\"Fai clic qui per condividere su Twitter\"><span><\/span><span class=\"sharing-screen-reader-text\">Fai clic qui per condividere su Twitter (Si apre in una nuova finestra)<\/span><\/a><\/li><li class=\"share-pinterest\"><a rel=\"nofollow noopener noreferrer\" data-shared=\"sharing-pinterest-6815\" class=\"share-pinterest sd-button share-icon no-text\" href=\"https:\/\/www.2-ruote.com\/IT\/?p=6815&amp;share=pinterest\" target=\"_blank\" title=\"Fai clic qui per condividere su Pinterest\"><span><\/span><span class=\"sharing-screen-reader-text\">Fai clic qui per condividere su Pinterest (Si apre in una nuova finestra)<\/span><\/a><\/li><li class=\"share-whatsapp\"><a rel=\"nofollow noopener noreferrer\" data-shared=\"\" class=\"share-whatsapp sd-button share-icon no-text\" href=\"https:\/\/www.2-ruote.com\/IT\/?p=6815&amp;share=whatsapp\" target=\"_blank\" title=\"Clicca per condividere su WhatsApp\"><span><\/span><span class=\"sharing-screen-reader-text\">Clicca per condividere su WhatsApp (Si apre in una nuova finestra)<\/span><\/a><\/li><li class=\"share-linkedin\"><a rel=\"nofollow noopener noreferrer\" data-shared=\"sharing-linkedin-6815\" class=\"share-linkedin sd-button share-icon no-text\" href=\"https:\/\/www.2-ruote.com\/IT\/?p=6815&amp;share=linkedin\" target=\"_blank\" title=\"Fai clic qui per condividere su LinkedIn\"><span><\/span><span class=\"sharing-screen-reader-text\">Fai clic qui per condividere su LinkedIn (Si apre in una nuova finestra)<\/span><\/a><\/li><li class=\"share-tumblr\"><a rel=\"nofollow noopener noreferrer\" data-shared=\"\" class=\"share-tumblr sd-button share-icon no-text\" href=\"https:\/\/www.2-ruote.com\/IT\/?p=6815&amp;share=tumblr\" target=\"_blank\" title=\"Fai clic qui per condividere su Tumblr\"><span><\/span><span class=\"sharing-screen-reader-text\">Fai clic qui per condividere su Tumblr (Si apre in una nuova finestra)<\/span><\/a><\/li><li class=\"share-pocket\"><a rel=\"nofollow noopener noreferrer\" data-shared=\"\" class=\"share-pocket sd-button share-icon no-text\" href=\"https:\/\/www.2-ruote.com\/IT\/?p=6815&amp;share=pocket\" target=\"_blank\" title=\"Fai clic qui per condividere su Pocket\"><span><\/span><span class=\"sharing-screen-reader-text\">Fai clic qui per condividere su Pocket (Si apre in una nuova finestra)<\/span><\/a><\/li><li class=\"share-reddit\"><a rel=\"nofollow noopener noreferrer\" data-shared=\"\" class=\"share-reddit sd-button share-icon no-text\" href=\"https:\/\/www.2-ruote.com\/IT\/?p=6815&amp;share=reddit\" target=\"_blank\" title=\"Fai clic qui per condividere su Reddit\"><span><\/span><span class=\"sharing-screen-reader-text\">Fai clic qui per condividere su Reddit (Si apre in una nuova finestra)<\/span><\/a><\/li><li class=\"share-print\"><a rel=\"nofollow noopener noreferrer\" data-shared=\"\" class=\"share-print sd-button share-icon no-text\" href=\"https:\/\/www.2-ruote.com\/IT\/?p=6815\" target=\"_blank\" title=\"Fai clic qui per stampare\"><span><\/span><span class=\"sharing-screen-reader-text\">Fai clic qui per stampare (Si apre in una nuova finestra)<\/span><\/a><\/li><li class=\"share-end\"><\/li><\/ul><\/div><\/div><\/div>","protected":false},"excerpt":{"rendered":"<p>Andrea Dovizioso ha ottenuto il decimo tempo alla fine della prima giornata di prove del Gran Premio de Arag\u00f3n, in&hellip;<\/p>\n<div class=\"sharedaddy sd-sharing-enabled\"><div class=\"robots-nocontent sd-block sd-social sd-social-icon sd-sharing\"><h3 class=\"sd-title\">Condividi:<\/h3><div class=\"sd-content\"><ul><li class=\"share-facebook\"><a rel=\"nofollow noopener noreferrer\" data-shared=\"sharing-facebook-6815\" class=\"share-facebook sd-button share-icon no-text\" href=\"https:\/\/www.2-ruote.com\/IT\/?p=6815&amp;share=facebook\" target=\"_blank\" title=\"Fai clic per condividere su Facebook\"><span><\/span><span class=\"sharing-screen-reader-text\">Fai clic per condividere su Facebook (Si apre in una nuova finestra)<\/span><\/a><\/li><li class=\"share-twitter\"><a rel=\"nofollow noopener noreferrer\" data-shared=\"sharing-twitter-6815\" class=\"share-twitter sd-button share-icon no-text\" href=\"https:\/\/www.2-ruote.com\/IT\/?p=6815&amp;share=twitter\" target=\"_blank\" title=\"Fai clic qui per condividere su Twitter\"><span><\/span><span class=\"sharing-screen-reader-text\">Fai clic qui per condividere su Twitter (Si apre in una nuova finestra)<\/span><\/a><\/li><li class=\"share-pinterest\"><a rel=\"nofollow noopener noreferrer\" data-shared=\"sharing-pinterest-6815\" class=\"share-pinterest sd-button share-icon no-text\" href=\"https:\/\/www.2-ruote.com\/IT\/?p=6815&amp;share=pinterest\" target=\"_blank\" title=\"Fai clic qui per condividere su Pinterest\"><span><\/span><span class=\"sharing-screen-reader-text\">Fai clic qui per condividere su Pinterest (Si apre in una nuova finestra)<\/span><\/a><\/li><li class=\"share-whatsapp\"><a rel=\"nofollow noopener noreferrer\" data-shared=\"\" class=\"share-whatsapp sd-button share-icon no-text\" href=\"https:\/\/www.2-ruote.com\/IT\/?p=6815&amp;share=whatsapp\" target=\"_blank\" title=\"Clicca per condividere su WhatsApp\"><span><\/span><span class=\"sharing-screen-reader-text\">Clicca per condividere su WhatsApp (Si apre in una nuova finestra)<\/span><\/a><\/li><li class=\"share-linkedin\"><a rel=\"nofollow noopener noreferrer\" data-shared=\"sharing-linkedin-6815\" class=\"share-linkedin sd-button share-icon no-text\" href=\"https:\/\/www.2-ruote.com\/IT\/?p=6815&amp;share=linkedin\" target=\"_blank\" title=\"Fai clic qui per condividere su LinkedIn\"><span><\/span><span class=\"sharing-screen-reader-text\">Fai clic qui per condividere su LinkedIn (Si apre in una nuova finestra)<\/span><\/a><\/li><li class=\"share-tumblr\"><a rel=\"nofollow noopener noreferrer\" data-shared=\"\" class=\"share-tumblr sd-button share-icon no-text\" href=\"https:\/\/www.2-ruote.com\/IT\/?p=6815&amp;share=tumblr\" target=\"_blank\" title=\"Fai clic qui per condividere su Tumblr\"><span><\/span><span class=\"sharing-screen-reader-text\">Fai clic qui per condividere su Tumblr (Si apre in una nuova finestra)<\/span><\/a><\/li><li class=\"share-pocket\"><a rel=\"nofollow noopener noreferrer\" data-shared=\"\" class=\"share-pocket sd-button share-icon no-text\" href=\"https:\/\/www.2-ruote.com\/IT\/?p=6815&amp;share=pocket\" target=\"_blank\" title=\"Fai clic qui per condividere su Pocket\"><span><\/span><span class=\"sharing-screen-reader-text\">Fai clic qui per condividere su Pocket (Si apre in una nuova finestra)<\/span><\/a><\/li><li class=\"share-reddit\"><a rel=\"nofollow noopener noreferrer\" data-shared=\"\" class=\"share-reddit sd-button share-icon no-text\" href=\"https:\/\/www.2-ruote.com\/IT\/?p=6815&amp;share=reddit\" target=\"_blank\" title=\"Fai clic qui per condividere su Reddit\"><span><\/span><span class=\"sharing-screen-reader-text\">Fai clic qui per condividere su Reddit (Si apre in una nuova finestra)<\/span><\/a><\/li><li class=\"share-print\"><a rel=\"nofollow noopener noreferrer\" data-shared=\"\" class=\"share-print sd-button share-icon no-text\" href=\"https:\/\/www.2-ruote.com\/IT\/?p=6815\" target=\"_blank\" title=\"Fai clic qui per stampare\"><span><\/span><span class=\"sharing-screen-reader-text\">Fai clic qui per stampare (Si apre in una nuova finestra)<\/span><\/a><\/li><li class=\"share-end\"><\/li><\/ul><\/div><\/div><\/div>","protected":false},"author":1,"featured_media":6837,"comment_status":"open","ping_status":"open","sticky":false,"template":"","format":"standard","meta":{"_mi_skip_tracking":false,"_monsterinsights_sitenote_active":false,"_monsterinsights_sitenote_note":"","_monsterinsights_sitenote_category":0,"spay_email":"","jetpack_publicize_message":"","jetpack_is_tweetstorm":false},"categories":[10,3],"tags":[21,52],"aioseo_notices":[],"jetpack_featured_media_url":"https:\/\/i1.wp.com\/www.2-ruote.com\/IT\/wp-content\/uploads\/2017\/02\/2016-Aragon-Ducati-28.jpg?fit=2000%2C1333&ssl=1","jetpack_publicize_connections":[],"jetpack_sharing_enabled":true,"jetpack_shortlink":"https:\/\/wp.me\/p6TDfQ-1LV","jetpack-related-posts":[{"id":6816,"url":"https:\/\/www.2-ruote.com\/IT\/?p=6816","url_meta":{"origin":6815,"position":0},"title":"Seconda fila per Andrea Dovizioso, quarto nelle qualifiche del GP di Arag\u00f3n. Michele Pirro, diciassettesimo, partir\u00e0 dalla sesta fila","date":"24 Settembre 2016","format":false,"excerpt":"Andrea Dovizioso ha ottenuto il quarto miglior tempo nelle qualifiche del Gran Premio de Arag\u00f3n, e partir\u00e0 quindi dalla seconda fila per la gara in programma domani alle 14.00. Il pilota romagnolo del Ducati Team questa mattina aveva ottenuto l\u2019ottavo tempo nella classifica combinata FP1+FP2+FP3 e si era dunque garantito\u2026","rel":"","context":"In &quot;Ducati Corse&quot;","img":{"alt_text":"","src":"https:\/\/i2.wp.com\/www.2-ruote.com\/IT\/wp-content\/uploads\/2017\/02\/2016-Aragon-Ducati-3.jpg?fit=1200%2C800&ssl=1&resize=350%2C200","width":350,"height":200},"classes":[]},{"id":6777,"url":"https:\/\/www.2-ruote.com\/IT\/?p=6777","url_meta":{"origin":6815,"position":1},"title":"GP TIM di San Marino e della Riviera di Rimini: Andrea Dovizioso terzo dopo la prima giornata di prove a Misano. Andrea Iannone cade durante la sessione del mattino e riporta una frattura alla vertebra D3. Quattordicesimo Michele Pirro con la Desmosedici","date":"9 Settembre 2016","format":false,"excerpt":"Andrea Dovizioso ha chiuso al terzo posto la prima giornata di prove del GP TIM di San Marino e della Riviera di Rimini. Il pilota romagnolo del Ducati Team, dopo aver fatto segnare il settimo tempo nelle FP1 del mattino, ha poi ottenuto il terzo crono in 1\u201932\u201d901 nel pomeriggio.\u2026","rel":"","context":"In &quot;Ducati Corse&quot;","img":{"alt_text":"","src":"https:\/\/i1.wp.com\/www.2-ruote.com\/IT\/wp-content\/uploads\/2017\/02\/2016-Misano-Ducati-3.jpg?fit=1200%2C800&ssl=1&resize=350%2C200","width":350,"height":200},"classes":[]},{"id":728,"url":"https:\/\/www.2-ruote.com\/IT\/?p=728","url_meta":{"origin":6815,"position":2},"title":"GP de la Comunitat Valenciana. Iannone quarto e Dovizioso settimo dopo la prima giornata di prove sul circuito Ricardo Tormo. Michele Pirro chiude al tredicesimo posto","date":"6 Novembre 2015","format":false,"excerpt":"MotoGP 2015 - Round 18 - Valencia In una giornata di sole, con temperature primaverili, si sono svolte oggi sul circuito Ricardo Tormo di Cheste nei pressi di Valencia le prime due sessioni di prove del GP de la Comunitat Valenciana. I due piloti del Ducati Team, Andrea Iannone e\u2026","rel":"","context":"In &quot;Ducati Corse&quot;","img":{"alt_text":"","src":"https:\/\/i0.wp.com\/www.2-ruote.com\/IT\/wp-content\/uploads\/2015\/02\/64-Ducati_MotGP_Team_2015_01.jpg?fit=1200%2C647&ssl=1&resize=350%2C200","width":350,"height":200},"classes":[]},{"id":6279,"url":"https:\/\/www.2-ruote.com\/IT\/?p=6279","url_meta":{"origin":6815,"position":3},"title":"GP della Repubblica Argentina a Termas de R\u00edo Hondo","date":"1 Aprile 2016","format":false,"excerpt":"Dovizioso decimo e Iannone quindicesimo al termine della prima giornata di prove libere. Si \u00e8 conclusa questo pomeriggio la prima giornata di prove libere sul circuito di Termas de R\u00edo Hondo e i due piloti del Ducati Team, Andrea Dovizioso e Andrea Iannone, hanno terminato le due sessioni di prove\u2026","rel":"","context":"In &quot;Ducati Corse&quot;","img":{"alt_text":"","src":"https:\/\/i0.wp.com\/www.2-ruote.com\/IT\/wp-content\/uploads\/2017\/02\/2016-Ducati-Termas-de-Rio-Hondo-9.jpg?fit=1200%2C800&ssl=1&resize=350%2C200","width":350,"height":200},"classes":[]},{"id":6960,"url":"https:\/\/www.2-ruote.com\/IT\/?p=6960","url_meta":{"origin":6815,"position":4},"title":"GP Shell della Malesia: Andrea Iannone chiude al quarto posto la prima giornata di prove a Sepang. Andrea Dovizioso quindicesimo","date":"28 Ottobre 2016","format":false,"excerpt":"Andrea Iannone ha chiuso al quarto posto la prima giornata di prove del GP Shell della Malesia, in programma questo fine settimana sul circuito di Sepang. Il pilota abruzzese del Ducati Team, al suo rientro in gara dopo le FP1 disputate ad Arag\u00f3n, ha montato uno pneumatico posteriore nuovo verso\u2026","rel":"","context":"In &quot;Ducati Corse&quot;","img":{"alt_text":"","src":"https:\/\/i1.wp.com\/www.2-ruote.com\/IT\/wp-content\/uploads\/2017\/02\/2016-Sepang-Ducati-19.jpg?fit=1200%2C800&ssl=1&resize=350%2C200","width":350,"height":200},"classes":[]},{"id":6736,"url":"https:\/\/www.2-ruote.com\/IT\/?p=6736","url_meta":{"origin":6815,"position":5},"title":"Andrea Iannone chiude al comando la prima giornata di prove del British GP a Silverstone. Settimo il compagno di squadra Andrea Dovizioso","date":"2 Settembre 2016","format":false,"excerpt":"Andrea Iannone ha chiuso al primo posto la giornata odierna di prove del British GP, in programma sul circuito di Silverstone. Il pilota di Vasto, dopo aver terminato in settima posizione le FP1 del mattino, \u00e8 stato sempre veloce nel pomeriggio ed ha fatto segnare il miglior crono in 2\u201901\u201d421\u2026","rel":"","context":"In &quot;Ducati Corse&quot;","img":{"alt_text":"","src":"https:\/\/i2.wp.com\/www.2-ruote.com\/IT\/wp-content\/uploads\/2017\/02\/2016-Silverstone-Ducati-30.jpg?fit=1200%2C800&ssl=1&resize=350%2C200","width":350,"height":200},"classes":[]}],"jetpack_likes_enabled":true,"_links":{"self":[{"href":"https:\/\/www.2-ruote.com\/IT\/index.php?rest_route=\/wp\/v2\/posts\/6815"}],"collection":[{"href":"https:\/\/www.2-ruote.com\/IT\/index.php?rest_route=\/wp\/v2\/posts"}],"about":[{"href":"https:\/\/www.2-ruote.com\/IT\/index.php?rest_route=\/wp\/v2\/types\/post"}],"author":[{"embeddable":true,"href":"https:\/\/www.2-ruote.com\/IT\/index.php?rest_route=\/wp\/v2\/users\/1"}],"replies":[{"embeddable":true,"href":"https:\/\/www.2-ruote.com\/IT\/index.php?rest_route=%2Fwp%2Fv2%2Fcomments&post=6815"}],"version-history":[{"count":1,"href":"https:\/\/www.2-ruote.com\/IT\/index.php?rest_route=\/wp\/v2\/posts\/6815\/revisions"}],"predecessor-version":[{"id":6854,"href":"https:\/\/www.2-ruote.com\/IT\/index.php?rest_route=\/wp\/v2\/posts\/6815\/revisions\/6854"}],"wp:featuredmedia":[{"embeddable":true,"href":"https:\/\/www.2-ruote.com\/IT\/index.php?rest_route=\/wp\/v2\/media\/6837"}],"wp:attachment":[{"href":"https:\/\/www.2-ruote.com\/IT\/index.php?rest_route=%2Fwp%2Fv2%2Fmedia&parent=6815"}],"wp:term":[{"taxonomy":"category","embeddable":true,"href":"https:\/\/www.2-ruote.com\/IT\/index.php?rest_route=%2Fwp%2Fv2%2Fcategories&post=6815"},{"taxonomy":"post_tag","embeddable":true,"href":"https:\/\/www.2-ruote.com\/IT\/index.php?rest_route=%2Fwp%2Fv2%2Ftags&post=6815"}],"curies":[{"name":"wp","href":"https:\/\/api.w.org\/{rel}","templated":true}]}}