{"id":6816,"date":"2016-09-24T14:00:36","date_gmt":"2016-09-24T12:00:36","guid":{"rendered":"http:\/\/www.2-ruote.com\/IT\/?p=6816"},"modified":"2017-02-03T14:17:18","modified_gmt":"2017-02-03T13:17:18","slug":"seconda-fila-per-andrea-dovizioso-quarto-nelle-qualifiche-del-gp-di-aragon-michele-pirro-diciassettesimo-partira-dalla-sesta-fila","status":"publish","type":"post","link":"https:\/\/www.2-ruote.com\/IT\/?p=6816","title":{"rendered":"Seconda fila per Andrea Dovizioso, quarto nelle qualifiche del GP di Arag\u00f3n. Michele Pirro, diciassettesimo, partir\u00e0 dalla sesta fila"},"content":{"rendered":"<p class=\"jetpack-slideshow-noscript robots-nocontent\">Questo slideshow richiede JavaScript.<\/p><div id=\"gallery-6816-1-slideshow\" class=\"slideshow-window jetpack-slideshow slideshow-black\" data-trans=\"fade\" data-autostart=\"1\" data-gallery=\"[{&quot;src&quot;:&quot;https:\\\/\\\/i1.wp.com\\\/www.2-ruote.com\\\/IT\\\/wp-content\\\/uploads\\\/2017\\\/02\\\/2016-Aragon-Ducati-4.jpg?fit=1024%2C682\\u0026ssl=1&quot;,&quot;id&quot;:&quot;6846&quot;,&quot;title&quot;:&quot;2016 \\u0026#8211; Aragon \\u0026#8211; Ducati (4)&quot;,&quot;alt&quot;:&quot;&quot;,&quot;caption&quot;:&quot;&quot;,&quot;itemprop&quot;:&quot;image&quot;},{&quot;src&quot;:&quot;https:\\\/\\\/i0.wp.com\\\/www.2-ruote.com\\\/IT\\\/wp-content\\\/uploads\\\/2017\\\/02\\\/2016-Aragon-Ducati-18.jpg?fit=1024%2C682\\u0026ssl=1&quot;,&quot;id&quot;:&quot;6827&quot;,&quot;title&quot;:&quot;2016 \\u0026#8211; Aragon \\u0026#8211; Ducati (18)&quot;,&quot;alt&quot;:&quot;&quot;,&quot;caption&quot;:&quot;&quot;,&quot;itemprop&quot;:&quot;image&quot;},{&quot;src&quot;:&quot;https:\\\/\\\/i1.wp.com\\\/www.2-ruote.com\\\/IT\\\/wp-content\\\/uploads\\\/2017\\\/02\\\/2016-Aragon-Ducati-28.jpg?fit=1024%2C682\\u0026ssl=1&quot;,&quot;id&quot;:&quot;6837&quot;,&quot;title&quot;:&quot;2016 \\u0026#8211; Aragon \\u0026#8211; Ducati (28)&quot;,&quot;alt&quot;:&quot;&quot;,&quot;caption&quot;:&quot;&quot;,&quot;itemprop&quot;:&quot;image&quot;},{&quot;src&quot;:&quot;https:\\\/\\\/i1.wp.com\\\/www.2-ruote.com\\\/IT\\\/wp-content\\\/uploads\\\/2017\\\/02\\\/2016-Aragon-Ducati-23.jpg?fit=1024%2C682\\u0026ssl=1&quot;,&quot;id&quot;:&quot;6832&quot;,&quot;title&quot;:&quot;2016 \\u0026#8211; Aragon \\u0026#8211; Ducati (23)&quot;,&quot;alt&quot;:&quot;&quot;,&quot;caption&quot;:&quot;&quot;,&quot;itemprop&quot;:&quot;image&quot;},{&quot;src&quot;:&quot;https:\\\/\\\/i0.wp.com\\\/www.2-ruote.com\\\/IT\\\/wp-content\\\/uploads\\\/2017\\\/02\\\/2016-Aragon-Ducati-15.jpg?fit=1024%2C682\\u0026ssl=1&quot;,&quot;id&quot;:&quot;6824&quot;,&quot;title&quot;:&quot;2016 \\u0026#8211; Aragon \\u0026#8211; Ducati (15)&quot;,&quot;alt&quot;:&quot;&quot;,&quot;caption&quot;:&quot;&quot;,&quot;itemprop&quot;:&quot;image&quot;},{&quot;src&quot;:&quot;https:\\\/\\\/i0.wp.com\\\/www.2-ruote.com\\\/IT\\\/wp-content\\\/uploads\\\/2017\\\/02\\\/2016-Aragon-Ducati-16.jpg?fit=1024%2C682\\u0026ssl=1&quot;,&quot;id&quot;:&quot;6825&quot;,&quot;title&quot;:&quot;2016 \\u0026#8211; Aragon \\u0026#8211; Ducati (16)&quot;,&quot;alt&quot;:&quot;&quot;,&quot;caption&quot;:&quot;&quot;,&quot;itemprop&quot;:&quot;image&quot;},{&quot;src&quot;:&quot;https:\\\/\\\/i1.wp.com\\\/www.2-ruote.com\\\/IT\\\/wp-content\\\/uploads\\\/2017\\\/02\\\/2016-Aragon-Ducati-14.jpg?fit=1024%2C682\\u0026ssl=1&quot;,&quot;id&quot;:&quot;6823&quot;,&quot;title&quot;:&quot;2016 \\u0026#8211; Aragon \\u0026#8211; Ducati (14)&quot;,&quot;alt&quot;:&quot;&quot;,&quot;caption&quot;:&quot;&quot;,&quot;itemprop&quot;:&quot;image&quot;},{&quot;src&quot;:&quot;https:\\\/\\\/i1.wp.com\\\/www.2-ruote.com\\\/IT\\\/wp-content\\\/uploads\\\/2017\\\/02\\\/2016-Aragon-Ducati-25.jpg?fit=1024%2C682\\u0026ssl=1&quot;,&quot;id&quot;:&quot;6834&quot;,&quot;title&quot;:&quot;2016 \\u0026#8211; Aragon \\u0026#8211; Ducati (25)&quot;,&quot;alt&quot;:&quot;&quot;,&quot;caption&quot;:&quot;&quot;,&quot;itemprop&quot;:&quot;image&quot;},{&quot;src&quot;:&quot;https:\\\/\\\/i0.wp.com\\\/www.2-ruote.com\\\/IT\\\/wp-content\\\/uploads\\\/2017\\\/02\\\/2016-Aragon-Ducati-24.jpg?fit=1024%2C682\\u0026ssl=1&quot;,&quot;id&quot;:&quot;6833&quot;,&quot;title&quot;:&quot;2016 \\u0026#8211; Aragon \\u0026#8211; Ducati (24)&quot;,&quot;alt&quot;:&quot;&quot;,&quot;caption&quot;:&quot;&quot;,&quot;itemprop&quot;:&quot;image&quot;},{&quot;src&quot;:&quot;https:\\\/\\\/i1.wp.com\\\/www.2-ruote.com\\\/IT\\\/wp-content\\\/uploads\\\/2017\\\/02\\\/2016-Aragon-Ducati-2.jpg?fit=1024%2C682\\u0026ssl=1&quot;,&quot;id&quot;:&quot;6844&quot;,&quot;title&quot;:&quot;2016 \\u0026#8211; Aragon \\u0026#8211; Ducati (2)&quot;,&quot;alt&quot;:&quot;&quot;,&quot;caption&quot;:&quot;&quot;,&quot;itemprop&quot;:&quot;image&quot;},{&quot;src&quot;:&quot;https:\\\/\\\/i0.wp.com\\\/www.2-ruote.com\\\/IT\\\/wp-content\\\/uploads\\\/2017\\\/02\\\/2016-Aragon-Ducati-13.jpg?fit=1024%2C682\\u0026ssl=1&quot;,&quot;id&quot;:&quot;6822&quot;,&quot;title&quot;:&quot;2016 \\u0026#8211; Aragon \\u0026#8211; Ducati (13)&quot;,&quot;alt&quot;:&quot;&quot;,&quot;caption&quot;:&quot;&quot;,&quot;itemprop&quot;:&quot;image&quot;},{&quot;src&quot;:&quot;https:\\\/\\\/i2.wp.com\\\/www.2-ruote.com\\\/IT\\\/wp-content\\\/uploads\\\/2017\\\/02\\\/2016-Aragon-Ducati-32.jpg?fit=1024%2C682\\u0026ssl=1&quot;,&quot;id&quot;:&quot;6841&quot;,&quot;title&quot;:&quot;2016 \\u0026#8211; Aragon \\u0026#8211; Ducati (32)&quot;,&quot;alt&quot;:&quot;&quot;,&quot;caption&quot;:&quot;&quot;,&quot;itemprop&quot;:&quot;image&quot;},{&quot;src&quot;:&quot;https:\\\/\\\/i2.wp.com\\\/www.2-ruote.com\\\/IT\\\/wp-content\\\/uploads\\\/2017\\\/02\\\/2016-Aragon-Ducati-3.jpg?fit=1024%2C682\\u0026ssl=1&quot;,&quot;id&quot;:&quot;6845&quot;,&quot;title&quot;:&quot;2016 \\u0026#8211; Aragon \\u0026#8211; Ducati (3)&quot;,&quot;alt&quot;:&quot;&quot;,&quot;caption&quot;:&quot;&quot;,&quot;itemprop&quot;:&quot;image&quot;},{&quot;src&quot;:&quot;https:\\\/\\\/i0.wp.com\\\/www.2-ruote.com\\\/IT\\\/wp-content\\\/uploads\\\/2017\\\/02\\\/2016-Aragon-Ducati-31.jpg?fit=1024%2C682\\u0026ssl=1&quot;,&quot;id&quot;:&quot;6840&quot;,&quot;title&quot;:&quot;2016 \\u0026#8211; Aragon \\u0026#8211; Ducati (31)&quot;,&quot;alt&quot;:&quot;&quot;,&quot;caption&quot;:&quot;&quot;,&quot;itemprop&quot;:&quot;image&quot;},{&quot;src&quot;:&quot;https:\\\/\\\/i1.wp.com\\\/www.2-ruote.com\\\/IT\\\/wp-content\\\/uploads\\\/2017\\\/02\\\/2016-Aragon-Ducati-10.jpg?fit=1024%2C682\\u0026ssl=1&quot;,&quot;id&quot;:&quot;6819&quot;,&quot;title&quot;:&quot;2016 \\u0026#8211; Aragon \\u0026#8211; Ducati (10)&quot;,&quot;alt&quot;:&quot;&quot;,&quot;caption&quot;:&quot;&quot;,&quot;itemprop&quot;:&quot;image&quot;},{&quot;src&quot;:&quot;https:\\\/\\\/i1.wp.com\\\/www.2-ruote.com\\\/IT\\\/wp-content\\\/uploads\\\/2017\\\/02\\\/2016-Aragon-Ducati-26.jpg?fit=1024%2C682\\u0026ssl=1&quot;,&quot;id&quot;:&quot;6835&quot;,&quot;title&quot;:&quot;2016 \\u0026#8211; Aragon \\u0026#8211; Ducati (26)&quot;,&quot;alt&quot;:&quot;&quot;,&quot;caption&quot;:&quot;&quot;,&quot;itemprop&quot;:&quot;image&quot;},{&quot;src&quot;:&quot;https:\\\/\\\/i0.wp.com\\\/www.2-ruote.com\\\/IT\\\/wp-content\\\/uploads\\\/2017\\\/02\\\/2016-Aragon-Ducati-17.jpg?fit=1024%2C682\\u0026ssl=1&quot;,&quot;id&quot;:&quot;6826&quot;,&quot;title&quot;:&quot;2016 \\u0026#8211; Aragon \\u0026#8211; Ducati (17)&quot;,&quot;alt&quot;:&quot;&quot;,&quot;caption&quot;:&quot;&quot;,&quot;itemprop&quot;:&quot;image&quot;},{&quot;src&quot;:&quot;https:\\\/\\\/i2.wp.com\\\/www.2-ruote.com\\\/IT\\\/wp-content\\\/uploads\\\/2017\\\/02\\\/2016-Aragon-Ducati-12.jpg?fit=1024%2C682\\u0026ssl=1&quot;,&quot;id&quot;:&quot;6821&quot;,&quot;title&quot;:&quot;2016 \\u0026#8211; Aragon \\u0026#8211; Ducati (12)&quot;,&quot;alt&quot;:&quot;&quot;,&quot;caption&quot;:&quot;&quot;,&quot;itemprop&quot;:&quot;image&quot;},{&quot;src&quot;:&quot;https:\\\/\\\/i0.wp.com\\\/www.2-ruote.com\\\/IT\\\/wp-content\\\/uploads\\\/2017\\\/02\\\/2016-Aragon-Ducati-20.jpg?fit=1024%2C682\\u0026ssl=1&quot;,&quot;id&quot;:&quot;6829&quot;,&quot;title&quot;:&quot;2016 \\u0026#8211; Aragon \\u0026#8211; Ducati (20)&quot;,&quot;alt&quot;:&quot;&quot;,&quot;caption&quot;:&quot;&quot;,&quot;itemprop&quot;:&quot;image&quot;},{&quot;src&quot;:&quot;https:\\\/\\\/i0.wp.com\\\/www.2-ruote.com\\\/IT\\\/wp-content\\\/uploads\\\/2017\\\/02\\\/2016-Aragon-Ducati-33.jpg?fit=1024%2C682\\u0026ssl=1&quot;,&quot;id&quot;:&quot;6842&quot;,&quot;title&quot;:&quot;2016 \\u0026#8211; Aragon \\u0026#8211; Ducati (33)&quot;,&quot;alt&quot;:&quot;&quot;,&quot;caption&quot;:&quot;&quot;,&quot;itemprop&quot;:&quot;image&quot;},{&quot;src&quot;:&quot;https:\\\/\\\/i2.wp.com\\\/www.2-ruote.com\\\/IT\\\/wp-content\\\/uploads\\\/2017\\\/02\\\/2016-Aragon-Ducati-8.jpg?fit=1024%2C682\\u0026ssl=1&quot;,&quot;id&quot;:&quot;6850&quot;,&quot;title&quot;:&quot;2016 \\u0026#8211; Aragon \\u0026#8211; Ducati (8)&quot;,&quot;alt&quot;:&quot;&quot;,&quot;caption&quot;:&quot;&quot;,&quot;itemprop&quot;:&quot;image&quot;},{&quot;src&quot;:&quot;https:\\\/\\\/i1.wp.com\\\/www.2-ruote.com\\\/IT\\\/wp-content\\\/uploads\\\/2017\\\/02\\\/2016-Aragon-Ducati-29.jpg?fit=1024%2C682\\u0026ssl=1&quot;,&quot;id&quot;:&quot;6838&quot;,&quot;title&quot;:&quot;2016 \\u0026#8211; Aragon \\u0026#8211; Ducati (29)&quot;,&quot;alt&quot;:&quot;&quot;,&quot;caption&quot;:&quot;&quot;,&quot;itemprop&quot;:&quot;image&quot;},{&quot;src&quot;:&quot;https:\\\/\\\/i1.wp.com\\\/www.2-ruote.com\\\/IT\\\/wp-content\\\/uploads\\\/2017\\\/02\\\/2016-Aragon-Ducati-9.jpg?fit=1024%2C682\\u0026ssl=1&quot;,&quot;id&quot;:&quot;6851&quot;,&quot;title&quot;:&quot;2016 \\u0026#8211; Aragon \\u0026#8211; Ducati (9)&quot;,&quot;alt&quot;:&quot;&quot;,&quot;caption&quot;:&quot;&quot;,&quot;itemprop&quot;:&quot;image&quot;},{&quot;src&quot;:&quot;https:\\\/\\\/i2.wp.com\\\/www.2-ruote.com\\\/IT\\\/wp-content\\\/uploads\\\/2017\\\/02\\\/2016-Aragon-Ducati-30.jpg?fit=1024%2C682\\u0026ssl=1&quot;,&quot;id&quot;:&quot;6839&quot;,&quot;title&quot;:&quot;2016 \\u0026#8211; Aragon \\u0026#8211; Ducati (30)&quot;,&quot;alt&quot;:&quot;&quot;,&quot;caption&quot;:&quot;&quot;,&quot;itemprop&quot;:&quot;image&quot;},{&quot;src&quot;:&quot;https:\\\/\\\/i2.wp.com\\\/www.2-ruote.com\\\/IT\\\/wp-content\\\/uploads\\\/2017\\\/02\\\/2016-Aragon-Ducati-21.jpg?fit=1024%2C682\\u0026ssl=1&quot;,&quot;id&quot;:&quot;6830&quot;,&quot;title&quot;:&quot;2016 \\u0026#8211; Aragon \\u0026#8211; Ducati (21)&quot;,&quot;alt&quot;:&quot;&quot;,&quot;caption&quot;:&quot;&quot;,&quot;itemprop&quot;:&quot;image&quot;},{&quot;src&quot;:&quot;https:\\\/\\\/i2.wp.com\\\/www.2-ruote.com\\\/IT\\\/wp-content\\\/uploads\\\/2017\\\/02\\\/2016-Aragon-Ducati-27.jpg?fit=1024%2C682\\u0026ssl=1&quot;,&quot;id&quot;:&quot;6836&quot;,&quot;title&quot;:&quot;2016 \\u0026#8211; Aragon \\u0026#8211; Ducati (27)&quot;,&quot;alt&quot;:&quot;&quot;,&quot;caption&quot;:&quot;&quot;,&quot;itemprop&quot;:&quot;image&quot;},{&quot;src&quot;:&quot;https:\\\/\\\/i0.wp.com\\\/www.2-ruote.com\\\/IT\\\/wp-content\\\/uploads\\\/2017\\\/02\\\/2016-Aragon-Ducati-5.jpg?fit=1024%2C683\\u0026ssl=1&quot;,&quot;id&quot;:&quot;6847&quot;,&quot;title&quot;:&quot;2016 \\u0026#8211; Aragon \\u0026#8211; Ducati (5)&quot;,&quot;alt&quot;:&quot;&quot;,&quot;caption&quot;:&quot;&quot;,&quot;itemprop&quot;:&quot;image&quot;},{&quot;src&quot;:&quot;https:\\\/\\\/i0.wp.com\\\/www.2-ruote.com\\\/IT\\\/wp-content\\\/uploads\\\/2017\\\/02\\\/2016-Aragon-Ducati-19.jpg?fit=1024%2C682\\u0026ssl=1&quot;,&quot;id&quot;:&quot;6828&quot;,&quot;title&quot;:&quot;2016 \\u0026#8211; Aragon \\u0026#8211; Ducati (19)&quot;,&quot;alt&quot;:&quot;&quot;,&quot;caption&quot;:&quot;&quot;,&quot;itemprop&quot;:&quot;image&quot;},{&quot;src&quot;:&quot;https:\\\/\\\/i2.wp.com\\\/www.2-ruote.com\\\/IT\\\/wp-content\\\/uploads\\\/2017\\\/02\\\/2016-Aragon-Ducati-7.jpg?fit=1024%2C682\\u0026ssl=1&quot;,&quot;id&quot;:&quot;6849&quot;,&quot;title&quot;:&quot;2016 \\u0026#8211; Aragon \\u0026#8211; Ducati (7)&quot;,&quot;alt&quot;:&quot;&quot;,&quot;caption&quot;:&quot;&quot;,&quot;itemprop&quot;:&quot;image&quot;},{&quot;src&quot;:&quot;https:\\\/\\\/i0.wp.com\\\/www.2-ruote.com\\\/IT\\\/wp-content\\\/uploads\\\/2017\\\/02\\\/2016-Aragon-Ducati-6.jpg?fit=1024%2C682\\u0026ssl=1&quot;,&quot;id&quot;:&quot;6848&quot;,&quot;title&quot;:&quot;2016 \\u0026#8211; Aragon \\u0026#8211; Ducati (6)&quot;,&quot;alt&quot;:&quot;&quot;,&quot;caption&quot;:&quot;&quot;,&quot;itemprop&quot;:&quot;image&quot;},{&quot;src&quot;:&quot;https:\\\/\\\/i0.wp.com\\\/www.2-ruote.com\\\/IT\\\/wp-content\\\/uploads\\\/2017\\\/02\\\/2016-Aragon-Ducati-11.jpg?fit=1024%2C682\\u0026ssl=1&quot;,&quot;id&quot;:&quot;6820&quot;,&quot;title&quot;:&quot;2016 \\u0026#8211; Aragon \\u0026#8211; Ducati (11)&quot;,&quot;alt&quot;:&quot;&quot;,&quot;caption&quot;:&quot;&quot;,&quot;itemprop&quot;:&quot;image&quot;},{&quot;src&quot;:&quot;https:\\\/\\\/i2.wp.com\\\/www.2-ruote.com\\\/IT\\\/wp-content\\\/uploads\\\/2017\\\/02\\\/2016-Aragon-Ducati-1.jpg?fit=1024%2C682\\u0026ssl=1&quot;,&quot;id&quot;:&quot;6843&quot;,&quot;title&quot;:&quot;2016 \\u0026#8211; Aragon \\u0026#8211; Ducati (1)&quot;,&quot;alt&quot;:&quot;&quot;,&quot;caption&quot;:&quot;&quot;,&quot;itemprop&quot;:&quot;image&quot;},{&quot;src&quot;:&quot;https:\\\/\\\/i2.wp.com\\\/www.2-ruote.com\\\/IT\\\/wp-content\\\/uploads\\\/2017\\\/02\\\/2016-Aragon-Ducati-22.jpg?fit=1024%2C682\\u0026ssl=1&quot;,&quot;id&quot;:&quot;6831&quot;,&quot;title&quot;:&quot;2016 \\u0026#8211; Aragon \\u0026#8211; Ducati (22)&quot;,&quot;alt&quot;:&quot;&quot;,&quot;caption&quot;:&quot;&quot;,&quot;itemprop&quot;:&quot;image&quot;}]\" itemscope itemtype=\"https:\/\/schema.org\/ImageGallery\"><\/div>\n<p><strong>Andrea Dovizioso ha ottenuto il quarto miglior tempo nelle qualifiche del Gran Premio de Arag\u00f3n, e partir\u00e0 quindi dalla seconda fila per la gara in programma domani alle 14.00. Il pilota romagnolo del Ducati Team questa mattina aveva ottenuto l\u2019ottavo tempo nella classifica combinata FP1+FP2+FP3 e si era dunque garantito l\u2019accesso diretto alle Q2 del pomeriggio. Dopo aver preso parte alle FP4, chiuse con il settimo crono, Dovizioso \u00e8 sceso in pista per la seconda sessione di qualifica ed ha ottenuto il quarto miglior tempo in 1\u201947\u201d819 al primo giro della sua seconda uscita.<\/strong><\/p>\n<p>Pi\u00f9 complicata la giornata di Michele Pirro, che ieri pomeriggio aveva sostituito nelle FP2 Andrea Iannone, costretto a dare forfait per il riacutizzarsi del dolore alla schiena. Il pilota pugliese questa mattina aveva ottenuto il quattordicesimo crono nella classifica combinata ed ha quindi dovuto prendere parte alle Q1 del primo pomeriggio in cui, complice anche una scivolata senza conseguenze durante il suo secondo tentativo, non \u00e8 riuscito a far meglio del settimo tempo parziale (1\u201949\u201d139) ed ha quindi chiuso al diciassettesimo posto in classifica.<\/p>\n<blockquote><p><strong>Andrea Dovizioso (Ducati Team #04) \u2013 1\u201947\u201d819 (4\u00b0)<\/strong><br \/>\n\u201cSono contento del lavoro di oggi perch\u00e9 siamo riusciti a migliorare molto il mio feeling con la moto e ad andare forte nelle FP4, che \u00e8 il turno che sia avvicina di pi\u00f9 alle condizioni della gara. Siamo partiti con gomme gi\u00e0 usate in mattinata e, nonostante\u00a0fossero piuttosto usurate, nell\u2019ultima uscita ho girato in 1\u201949 basso e questo \u00e8 molto positivo. Anche la qualifica \u00e8 stata molto positiva e voglio ringraziare la mia squadra perch\u00e9 in tutto il weekend abbiamo lavorato bene, in una situazione difficile visto che in pista c\u2019\u00e8 veramente poco grip. La seconda fila \u00e8 una buona posizione per la partenza e domani ce la metter\u00f2 tutta per fare una bella gara su questa pista, anche perch\u00e9 nel passato non sono mai riuscito a raccogliere un bel risultato ad Arag\u00f3n.\u201d<\/p><\/blockquote>\n<p>&nbsp;<\/p>\n<blockquote><p><strong>Michele Pirro (Ducati Team #51) \u2013 1\u201949\u201d139 (17\u00b0)<\/strong><br \/>\n\u201cStamattina nelle FP3 ho perso molto tempo a causa di un problema e quindi purtroppo non sono riuscito a migliorare la mia posizione. Sono stato quindi costretto a disputare le Q1, dove ho cercato di risparmiare le gomme sperando di poter passare in Q2, ma purtroppo ho commesso un errore forzando un po\u2019 troppo e sono caduto. Mi dispiace perch\u00e9 speravo di qualificarmi decisamente meglio, ma domani cercher\u00f2 di farmi perdonare provando a fare una bella gara.\u201d<\/p><\/blockquote>\n<div class=\"sharedaddy sd-sharing-enabled\"><div class=\"robots-nocontent sd-block sd-social sd-social-icon sd-sharing\"><h3 class=\"sd-title\">Condividi:<\/h3><div class=\"sd-content\"><ul><li class=\"share-facebook\"><a rel=\"nofollow noopener noreferrer\" data-shared=\"sharing-facebook-6816\" class=\"share-facebook sd-button share-icon no-text\" href=\"https:\/\/www.2-ruote.com\/IT\/?p=6816&amp;share=facebook\" target=\"_blank\" title=\"Fai clic per condividere su Facebook\"><span><\/span><span class=\"sharing-screen-reader-text\">Fai clic per condividere su Facebook (Si apre in una nuova finestra)<\/span><\/a><\/li><li class=\"share-twitter\"><a rel=\"nofollow noopener noreferrer\" data-shared=\"sharing-twitter-6816\" class=\"share-twitter sd-button share-icon no-text\" href=\"https:\/\/www.2-ruote.com\/IT\/?p=6816&amp;share=twitter\" target=\"_blank\" title=\"Fai clic qui per condividere su Twitter\"><span><\/span><span class=\"sharing-screen-reader-text\">Fai clic qui per condividere su Twitter (Si apre in una nuova finestra)<\/span><\/a><\/li><li class=\"share-pinterest\"><a rel=\"nofollow noopener noreferrer\" data-shared=\"sharing-pinterest-6816\" class=\"share-pinterest sd-button share-icon no-text\" href=\"https:\/\/www.2-ruote.com\/IT\/?p=6816&amp;share=pinterest\" target=\"_blank\" title=\"Fai clic qui per condividere su Pinterest\"><span><\/span><span class=\"sharing-screen-reader-text\">Fai clic qui per condividere su Pinterest (Si apre in una nuova finestra)<\/span><\/a><\/li><li class=\"share-whatsapp\"><a rel=\"nofollow noopener noreferrer\" data-shared=\"\" class=\"share-whatsapp sd-button share-icon no-text\" href=\"https:\/\/www.2-ruote.com\/IT\/?p=6816&amp;share=whatsapp\" target=\"_blank\" title=\"Clicca per condividere su WhatsApp\"><span><\/span><span class=\"sharing-screen-reader-text\">Clicca per condividere su WhatsApp (Si apre in una nuova finestra)<\/span><\/a><\/li><li class=\"share-linkedin\"><a rel=\"nofollow noopener noreferrer\" data-shared=\"sharing-linkedin-6816\" class=\"share-linkedin sd-button share-icon no-text\" href=\"https:\/\/www.2-ruote.com\/IT\/?p=6816&amp;share=linkedin\" target=\"_blank\" title=\"Fai clic qui per condividere su LinkedIn\"><span><\/span><span class=\"sharing-screen-reader-text\">Fai clic qui per condividere su LinkedIn (Si apre in una nuova finestra)<\/span><\/a><\/li><li class=\"share-tumblr\"><a rel=\"nofollow noopener noreferrer\" data-shared=\"\" class=\"share-tumblr sd-button share-icon no-text\" href=\"https:\/\/www.2-ruote.com\/IT\/?p=6816&amp;share=tumblr\" target=\"_blank\" title=\"Fai clic qui per condividere su Tumblr\"><span><\/span><span class=\"sharing-screen-reader-text\">Fai clic qui per condividere su Tumblr (Si apre in una nuova finestra)<\/span><\/a><\/li><li class=\"share-pocket\"><a rel=\"nofollow noopener noreferrer\" data-shared=\"\" class=\"share-pocket sd-button share-icon no-text\" href=\"https:\/\/www.2-ruote.com\/IT\/?p=6816&amp;share=pocket\" target=\"_blank\" title=\"Fai clic qui per condividere su Pocket\"><span><\/span><span class=\"sharing-screen-reader-text\">Fai clic qui per condividere su Pocket (Si apre in una nuova finestra)<\/span><\/a><\/li><li class=\"share-reddit\"><a rel=\"nofollow noopener noreferrer\" data-shared=\"\" class=\"share-reddit sd-button share-icon no-text\" href=\"https:\/\/www.2-ruote.com\/IT\/?p=6816&amp;share=reddit\" target=\"_blank\" title=\"Fai clic qui per condividere su Reddit\"><span><\/span><span class=\"sharing-screen-reader-text\">Fai clic qui per condividere su Reddit (Si apre in una nuova finestra)<\/span><\/a><\/li><li class=\"share-print\"><a rel=\"nofollow noopener noreferrer\" data-shared=\"\" class=\"share-print sd-button share-icon no-text\" href=\"https:\/\/www.2-ruote.com\/IT\/?p=6816\" target=\"_blank\" title=\"Fai clic qui per stampare\"><span><\/span><span class=\"sharing-screen-reader-text\">Fai clic qui per stampare (Si apre in una nuova finestra)<\/span><\/a><\/li><li class=\"share-end\"><\/li><\/ul><\/div><\/div><\/div>","protected":false},"excerpt":{"rendered":"<p>Andrea Dovizioso ha ottenuto il quarto miglior tempo nelle qualifiche del Gran Premio de Arag\u00f3n, e partir\u00e0 quindi dalla seconda&hellip;<\/p>\n<div class=\"sharedaddy sd-sharing-enabled\"><div class=\"robots-nocontent sd-block sd-social sd-social-icon sd-sharing\"><h3 class=\"sd-title\">Condividi:<\/h3><div class=\"sd-content\"><ul><li class=\"share-facebook\"><a rel=\"nofollow noopener noreferrer\" data-shared=\"sharing-facebook-6816\" class=\"share-facebook sd-button share-icon no-text\" href=\"https:\/\/www.2-ruote.com\/IT\/?p=6816&amp;share=facebook\" target=\"_blank\" title=\"Fai clic per condividere su Facebook\"><span><\/span><span class=\"sharing-screen-reader-text\">Fai clic per condividere su Facebook (Si apre in una nuova finestra)<\/span><\/a><\/li><li class=\"share-twitter\"><a rel=\"nofollow noopener noreferrer\" data-shared=\"sharing-twitter-6816\" class=\"share-twitter sd-button share-icon no-text\" href=\"https:\/\/www.2-ruote.com\/IT\/?p=6816&amp;share=twitter\" target=\"_blank\" title=\"Fai clic qui per condividere su Twitter\"><span><\/span><span class=\"sharing-screen-reader-text\">Fai clic qui per condividere su Twitter (Si apre in una nuova finestra)<\/span><\/a><\/li><li class=\"share-pinterest\"><a rel=\"nofollow noopener noreferrer\" data-shared=\"sharing-pinterest-6816\" class=\"share-pinterest sd-button share-icon no-text\" href=\"https:\/\/www.2-ruote.com\/IT\/?p=6816&amp;share=pinterest\" target=\"_blank\" title=\"Fai clic qui per condividere su Pinterest\"><span><\/span><span class=\"sharing-screen-reader-text\">Fai clic qui per condividere su Pinterest (Si apre in una nuova finestra)<\/span><\/a><\/li><li class=\"share-whatsapp\"><a rel=\"nofollow noopener noreferrer\" data-shared=\"\" class=\"share-whatsapp sd-button share-icon no-text\" href=\"https:\/\/www.2-ruote.com\/IT\/?p=6816&amp;share=whatsapp\" target=\"_blank\" title=\"Clicca per condividere su WhatsApp\"><span><\/span><span class=\"sharing-screen-reader-text\">Clicca per condividere su WhatsApp (Si apre in una nuova finestra)<\/span><\/a><\/li><li class=\"share-linkedin\"><a rel=\"nofollow noopener noreferrer\" data-shared=\"sharing-linkedin-6816\" class=\"share-linkedin sd-button share-icon no-text\" href=\"https:\/\/www.2-ruote.com\/IT\/?p=6816&amp;share=linkedin\" target=\"_blank\" title=\"Fai clic qui per condividere su LinkedIn\"><span><\/span><span class=\"sharing-screen-reader-text\">Fai clic qui per condividere su LinkedIn (Si apre in una nuova finestra)<\/span><\/a><\/li><li class=\"share-tumblr\"><a rel=\"nofollow noopener noreferrer\" data-shared=\"\" class=\"share-tumblr sd-button share-icon no-text\" href=\"https:\/\/www.2-ruote.com\/IT\/?p=6816&amp;share=tumblr\" target=\"_blank\" title=\"Fai clic qui per condividere su Tumblr\"><span><\/span><span class=\"sharing-screen-reader-text\">Fai clic qui per condividere su Tumblr (Si apre in una nuova finestra)<\/span><\/a><\/li><li class=\"share-pocket\"><a rel=\"nofollow noopener noreferrer\" data-shared=\"\" class=\"share-pocket sd-button share-icon no-text\" href=\"https:\/\/www.2-ruote.com\/IT\/?p=6816&amp;share=pocket\" target=\"_blank\" title=\"Fai clic qui per condividere su Pocket\"><span><\/span><span class=\"sharing-screen-reader-text\">Fai clic qui per condividere su Pocket (Si apre in una nuova finestra)<\/span><\/a><\/li><li class=\"share-reddit\"><a rel=\"nofollow noopener noreferrer\" data-shared=\"\" class=\"share-reddit sd-button share-icon no-text\" href=\"https:\/\/www.2-ruote.com\/IT\/?p=6816&amp;share=reddit\" target=\"_blank\" title=\"Fai clic qui per condividere su Reddit\"><span><\/span><span class=\"sharing-screen-reader-text\">Fai clic qui per condividere su Reddit (Si apre in una nuova finestra)<\/span><\/a><\/li><li class=\"share-print\"><a rel=\"nofollow noopener noreferrer\" data-shared=\"\" class=\"share-print sd-button share-icon no-text\" href=\"https:\/\/www.2-ruote.com\/IT\/?p=6816\" target=\"_blank\" title=\"Fai clic qui per stampare\"><span><\/span><span class=\"sharing-screen-reader-text\">Fai clic qui per stampare (Si apre in una nuova finestra)<\/span><\/a><\/li><li class=\"share-end\"><\/li><\/ul><\/div><\/div><\/div>","protected":false},"author":1,"featured_media":6845,"comment_status":"open","ping_status":"open","sticky":false,"template":"","format":"standard","meta":{"_mi_skip_tracking":false,"_monsterinsights_sitenote_active":false,"_monsterinsights_sitenote_note":"","_monsterinsights_sitenote_category":0,"spay_email":"","jetpack_publicize_message":"","jetpack_is_tweetstorm":false},"categories":[10,3],"tags":[21,52],"aioseo_notices":[],"jetpack_featured_media_url":"https:\/\/i2.wp.com\/www.2-ruote.com\/IT\/wp-content\/uploads\/2017\/02\/2016-Aragon-Ducati-3.jpg?fit=2000%2C1333&ssl=1","jetpack_publicize_connections":[],"jetpack_sharing_enabled":true,"jetpack_shortlink":"https:\/\/wp.me\/p6TDfQ-1LW","jetpack-related-posts":[{"id":733,"url":"https:\/\/www.2-ruote.com\/IT\/?p=733","url_meta":{"origin":6816,"position":0},"title":"GP de la Comunitat Valenciana. Iannone settimo e Dovizioso nono nelle qualifiche sul circuito Ricardo Tormo. I due piloti del Ducati Team partiranno in terza fila domani mentre Michele Pirro, tredicesimo, partir\u00e0 in quarta fila.","date":"7 Novembre 2015","format":false,"excerpt":"MotoGP 2015 - Round 18 - Valencia Alla fine della seconda giornata del GP de la Comunitat Valenciana, in programma sul circuito Ricardo Tormo a Cheste, i due piloti del Ducati Team si sono qualificati in terza fila. Andrea Iannone ha infatti ottenuto il settimo crono nella sessione di Q2,\u2026","rel":"","context":"In &quot;Ducati Corse&quot;","img":{"alt_text":"","src":"","width":0,"height":0},"classes":[]},{"id":6778,"url":"https:\/\/www.2-ruote.com\/IT\/?p=6778","url_meta":{"origin":6816,"position":1},"title":"Seconda fila domani per Michele Pirro e Andrea Dovizioso, quinto e sesto nelle qualifiche del GP TIM di San Marino e della Riviera di Rimini. Andrea Iannone dichiarato \u201cunfit\u201d dai medici dovr\u00e0 saltare la gara di Misano","date":"10 Settembre 2016","format":false,"excerpt":"Michele Pirro ha ottenuto il quinto tempo nelle qualifiche del GP TIM di San Marino e della Riviera di Rimini e partir\u00e0 quindi dalla seconda fila per la gara di domani. Il pilota collaudatore pugliese era stato iscritto alla gara come wild-card con la Desmosedici GP del Ducati Test Team\u2026","rel":"","context":"In &quot;Ducati Corse&quot;","img":{"alt_text":"","src":"https:\/\/i1.wp.com\/www.2-ruote.com\/IT\/wp-content\/uploads\/2017\/02\/2016-Misano-Ducati-2.jpg?fit=1200%2C800&ssl=1&resize=350%2C200","width":350,"height":200},"classes":[]},{"id":6375,"url":"https:\/\/www.2-ruote.com\/IT\/?p=6375","url_meta":{"origin":6816,"position":2},"title":"GP di Spagna: seconda fila per Andrea Dovizioso, quarto in qualifica a Jerez. Andrea Iannone, undicesimo, partir\u00e0 in quarta fila.","date":"23 Aprile 2016","format":false,"excerpt":"Buona prestazione in qualifica a Jerez per Andrea Dovizioso, quarto al termine della sessione di Q2. Il pilota romagnolo scatter\u00e0 quindi dalla seconda fila domani nel GP di Spagna, in programma alle ore 14.00 sul circuito andaluso. Andrea Iannone non \u00e8 invece riuscito a trovare il feeling giusto con la\u2026","rel":"","context":"In &quot;Ducati Corse&quot;","img":{"alt_text":"","src":"https:\/\/i2.wp.com\/www.2-ruote.com\/IT\/wp-content\/uploads\/2017\/02\/2016-Jerez-de-la-Frontera-Ducati-24.jpg?fit=1200%2C800&ssl=1&resize=350%2C200","width":350,"height":200},"classes":[]},{"id":6417,"url":"https:\/\/www.2-ruote.com\/IT\/?p=6417","url_meta":{"origin":6816,"position":3},"title":"Gran Premio di Francia: prima fila per Andrea Iannone, terzo in qualifica a Le Mans. Andrea Dovizioso, quinto, scatter\u00e0 dalla seconda fila.","date":"7 Maggio 2016","format":false,"excerpt":"Andrea Iannone ha ottenuto il terzo miglior tempo nelle qualifiche del GP di Francia, in programma questo weekend sul circuito di Le Mans. Il pilota di Vasto ha fatto segnare un crono di 1\u201932\u201d469 al suo secondo giro della sessione di Q2 e, nonostante una scivolata successiva, partir\u00e0 comunque in\u2026","rel":"","context":"In &quot;Ducati Corse&quot;","img":{"alt_text":"","src":"https:\/\/i0.wp.com\/www.2-ruote.com\/IT\/wp-content\/uploads\/2016\/05\/2016-Le-Mans-Ducati-18.jpg?fit=1200%2C800&ssl=1&resize=350%2C200","width":350,"height":200},"classes":[]},{"id":6977,"url":"https:\/\/www.2-ruote.com\/IT\/?p=6977","url_meta":{"origin":6816,"position":4},"title":"Seconda fila per Andrea Dovizioso, quinto nelle qualifiche del Gran Premio de la Comunitat Valenciana a Cheste. Andrea Iannone, settimo, partir\u00e0 dalla terza fila","date":"12 Novembre 2016","format":false,"excerpt":"Andrea Dovizioso partir\u00e0 dalla seconda fila per il GP de la Comunitat Valenciana, in programma domani sul circuito Ricardo Tormo nei pressi di Valencia. Il pilota romagnolo ha infatti ottenuto il quinto miglior tempo nelle qualifiche disputate oggi pomeriggio, in 1\u201930\u2019\u201d338, mentre il suo compagno di squadra Andrea Iannone scatter\u00e0\u2026","rel":"","context":"In &quot;Tutte le news&quot;","img":{"alt_text":"","src":"https:\/\/i2.wp.com\/www.2-ruote.com\/IT\/wp-content\/uploads\/2017\/02\/2016-Valencia-Ducati-4.jpg?fit=1200%2C800&ssl=1&resize=350%2C200","width":350,"height":200},"classes":[]},{"id":6643,"url":"https:\/\/www.2-ruote.com\/IT\/?p=6643","url_meta":{"origin":6816,"position":5},"title":"GP d\u2019Austria: grande pole position di Andrea Iannone a Zeltweg. Prima fila anche per Andrea Dovizioso, terzo in qualifica. Michele Pirro partir\u00e0 invece dalla sesta fila","date":"13 Agosto 2016","format":false,"excerpt":"Grande pole position di Andrea Iannone oggi sul Red Bull Ring di Zeltweg. Il pilota abruzzese del Ducati Team, gi\u00e0 autore del miglior crono nelle FP3 del mattino, ha ottenuto il suo tempo di 1\u201923\u201d142 all\u2019ultimo giro della sua seconda uscita in Q2. Prima fila anche per Andrea Dovizioso, terzo\u2026","rel":"","context":"In &quot;Ducati Corse&quot;","img":{"alt_text":"","src":"https:\/\/i1.wp.com\/www.2-ruote.com\/IT\/wp-content\/uploads\/2017\/02\/2016-Zeltweg-Ducati-40.jpg?fit=1200%2C800&ssl=1&resize=350%2C200","width":350,"height":200},"classes":[]}],"jetpack_likes_enabled":true,"_links":{"self":[{"href":"https:\/\/www.2-ruote.com\/IT\/index.php?rest_route=\/wp\/v2\/posts\/6816"}],"collection":[{"href":"https:\/\/www.2-ruote.com\/IT\/index.php?rest_route=\/wp\/v2\/posts"}],"about":[{"href":"https:\/\/www.2-ruote.com\/IT\/index.php?rest_route=\/wp\/v2\/types\/post"}],"author":[{"embeddable":true,"href":"https:\/\/www.2-ruote.com\/IT\/index.php?rest_route=\/wp\/v2\/users\/1"}],"replies":[{"embeddable":true,"href":"https:\/\/www.2-ruote.com\/IT\/index.php?rest_route=%2Fwp%2Fv2%2Fcomments&post=6816"}],"version-history":[{"count":1,"href":"https:\/\/www.2-ruote.com\/IT\/index.php?rest_route=\/wp\/v2\/posts\/6816\/revisions"}],"predecessor-version":[{"id":6853,"href":"https:\/\/www.2-ruote.com\/IT\/index.php?rest_route=\/wp\/v2\/posts\/6816\/revisions\/6853"}],"wp:featuredmedia":[{"embeddable":true,"href":"https:\/\/www.2-ruote.com\/IT\/index.php?rest_route=\/wp\/v2\/media\/6845"}],"wp:attachment":[{"href":"https:\/\/www.2-ruote.com\/IT\/index.php?rest_route=%2Fwp%2Fv2%2Fmedia&parent=6816"}],"wp:term":[{"taxonomy":"category","embeddable":true,"href":"https:\/\/www.2-ruote.com\/IT\/index.php?rest_route=%2Fwp%2Fv2%2Fcategories&post=6816"},{"taxonomy":"post_tag","embeddable":true,"href":"https:\/\/www.2-ruote.com\/IT\/index.php?rest_route=%2Fwp%2Fv2%2Ftags&post=6816"}],"curies":[{"name":"wp","href":"https:\/\/api.w.org\/{rel}","templated":true}]}}