{"id":6817,"date":"2016-09-21T14:00:37","date_gmt":"2016-09-21T12:00:37","guid":{"rendered":"http:\/\/www.2-ruote.com\/IT\/?p=6817"},"modified":"2017-02-03T14:16:58","modified_gmt":"2017-02-03T13:16:58","slug":"gp-di-aragon-il-ducati-team-arriva-al-motorland-per-il-terzo-appuntamento-dellanno-in-terra-spagnola","status":"publish","type":"post","link":"https:\/\/www.2-ruote.com\/IT\/?p=6817","title":{"rendered":"GP di Arag\u00f3n: il Ducati Team arriva al MotorLand per il terzo appuntamento dell\u2019anno in terra spagnola"},"content":{"rendered":"<p class=\"jetpack-slideshow-noscript robots-nocontent\">Questo slideshow richiede JavaScript.<\/p><div id=\"gallery-6817-1-slideshow\" class=\"slideshow-window jetpack-slideshow slideshow-black\" data-trans=\"fade\" data-autostart=\"1\" data-gallery=\"[{&quot;src&quot;:&quot;https:\\\/\\\/i2.wp.com\\\/www.2-ruote.com\\\/IT\\\/wp-content\\\/uploads\\\/2017\\\/02\\\/2016-Aragon-Ducati-21.jpg?fit=1024%2C682\\u0026ssl=1&quot;,&quot;id&quot;:&quot;6830&quot;,&quot;title&quot;:&quot;2016 \\u0026#8211; Aragon \\u0026#8211; Ducati (21)&quot;,&quot;alt&quot;:&quot;&quot;,&quot;caption&quot;:&quot;&quot;,&quot;itemprop&quot;:&quot;image&quot;},{&quot;src&quot;:&quot;https:\\\/\\\/i0.wp.com\\\/www.2-ruote.com\\\/IT\\\/wp-content\\\/uploads\\\/2017\\\/02\\\/2016-Aragon-Ducati-16.jpg?fit=1024%2C682\\u0026ssl=1&quot;,&quot;id&quot;:&quot;6825&quot;,&quot;title&quot;:&quot;2016 \\u0026#8211; Aragon \\u0026#8211; Ducati (16)&quot;,&quot;alt&quot;:&quot;&quot;,&quot;caption&quot;:&quot;&quot;,&quot;itemprop&quot;:&quot;image&quot;},{&quot;src&quot;:&quot;https:\\\/\\\/i2.wp.com\\\/www.2-ruote.com\\\/IT\\\/wp-content\\\/uploads\\\/2017\\\/02\\\/2016-Aragon-Ducati-27.jpg?fit=1024%2C682\\u0026ssl=1&quot;,&quot;id&quot;:&quot;6836&quot;,&quot;title&quot;:&quot;2016 \\u0026#8211; Aragon \\u0026#8211; Ducati (27)&quot;,&quot;alt&quot;:&quot;&quot;,&quot;caption&quot;:&quot;&quot;,&quot;itemprop&quot;:&quot;image&quot;},{&quot;src&quot;:&quot;https:\\\/\\\/i0.wp.com\\\/www.2-ruote.com\\\/IT\\\/wp-content\\\/uploads\\\/2017\\\/02\\\/2016-Aragon-Ducati-20.jpg?fit=1024%2C682\\u0026ssl=1&quot;,&quot;id&quot;:&quot;6829&quot;,&quot;title&quot;:&quot;2016 \\u0026#8211; Aragon \\u0026#8211; Ducati (20)&quot;,&quot;alt&quot;:&quot;&quot;,&quot;caption&quot;:&quot;&quot;,&quot;itemprop&quot;:&quot;image&quot;},{&quot;src&quot;:&quot;https:\\\/\\\/i2.wp.com\\\/www.2-ruote.com\\\/IT\\\/wp-content\\\/uploads\\\/2017\\\/02\\\/2016-Aragon-Ducati-3.jpg?fit=1024%2C682\\u0026ssl=1&quot;,&quot;id&quot;:&quot;6845&quot;,&quot;title&quot;:&quot;2016 \\u0026#8211; Aragon \\u0026#8211; Ducati (3)&quot;,&quot;alt&quot;:&quot;&quot;,&quot;caption&quot;:&quot;&quot;,&quot;itemprop&quot;:&quot;image&quot;},{&quot;src&quot;:&quot;https:\\\/\\\/i2.wp.com\\\/www.2-ruote.com\\\/IT\\\/wp-content\\\/uploads\\\/2017\\\/02\\\/2016-Aragon-Ducati-1.jpg?fit=1024%2C682\\u0026ssl=1&quot;,&quot;id&quot;:&quot;6843&quot;,&quot;title&quot;:&quot;2016 \\u0026#8211; Aragon \\u0026#8211; Ducati (1)&quot;,&quot;alt&quot;:&quot;&quot;,&quot;caption&quot;:&quot;&quot;,&quot;itemprop&quot;:&quot;image&quot;},{&quot;src&quot;:&quot;https:\\\/\\\/i0.wp.com\\\/www.2-ruote.com\\\/IT\\\/wp-content\\\/uploads\\\/2017\\\/02\\\/2016-Aragon-Ducati-19.jpg?fit=1024%2C682\\u0026ssl=1&quot;,&quot;id&quot;:&quot;6828&quot;,&quot;title&quot;:&quot;2016 \\u0026#8211; Aragon \\u0026#8211; Ducati (19)&quot;,&quot;alt&quot;:&quot;&quot;,&quot;caption&quot;:&quot;&quot;,&quot;itemprop&quot;:&quot;image&quot;},{&quot;src&quot;:&quot;https:\\\/\\\/i0.wp.com\\\/www.2-ruote.com\\\/IT\\\/wp-content\\\/uploads\\\/2017\\\/02\\\/2016-Aragon-Ducati-15.jpg?fit=1024%2C682\\u0026ssl=1&quot;,&quot;id&quot;:&quot;6824&quot;,&quot;title&quot;:&quot;2016 \\u0026#8211; Aragon \\u0026#8211; Ducati (15)&quot;,&quot;alt&quot;:&quot;&quot;,&quot;caption&quot;:&quot;&quot;,&quot;itemprop&quot;:&quot;image&quot;},{&quot;src&quot;:&quot;https:\\\/\\\/i0.wp.com\\\/www.2-ruote.com\\\/IT\\\/wp-content\\\/uploads\\\/2017\\\/02\\\/2016-Aragon-Ducati-17.jpg?fit=1024%2C682\\u0026ssl=1&quot;,&quot;id&quot;:&quot;6826&quot;,&quot;title&quot;:&quot;2016 \\u0026#8211; Aragon \\u0026#8211; Ducati (17)&quot;,&quot;alt&quot;:&quot;&quot;,&quot;caption&quot;:&quot;&quot;,&quot;itemprop&quot;:&quot;image&quot;},{&quot;src&quot;:&quot;https:\\\/\\\/i0.wp.com\\\/www.2-ruote.com\\\/IT\\\/wp-content\\\/uploads\\\/2017\\\/02\\\/2016-Aragon-Ducati-13.jpg?fit=1024%2C682\\u0026ssl=1&quot;,&quot;id&quot;:&quot;6822&quot;,&quot;title&quot;:&quot;2016 \\u0026#8211; Aragon \\u0026#8211; Ducati (13)&quot;,&quot;alt&quot;:&quot;&quot;,&quot;caption&quot;:&quot;&quot;,&quot;itemprop&quot;:&quot;image&quot;},{&quot;src&quot;:&quot;https:\\\/\\\/i2.wp.com\\\/www.2-ruote.com\\\/IT\\\/wp-content\\\/uploads\\\/2017\\\/02\\\/2016-Aragon-Ducati-32.jpg?fit=1024%2C682\\u0026ssl=1&quot;,&quot;id&quot;:&quot;6841&quot;,&quot;title&quot;:&quot;2016 \\u0026#8211; Aragon \\u0026#8211; Ducati (32)&quot;,&quot;alt&quot;:&quot;&quot;,&quot;caption&quot;:&quot;&quot;,&quot;itemprop&quot;:&quot;image&quot;},{&quot;src&quot;:&quot;https:\\\/\\\/i0.wp.com\\\/www.2-ruote.com\\\/IT\\\/wp-content\\\/uploads\\\/2017\\\/02\\\/2016-Aragon-Ducati-18.jpg?fit=1024%2C682\\u0026ssl=1&quot;,&quot;id&quot;:&quot;6827&quot;,&quot;title&quot;:&quot;2016 \\u0026#8211; Aragon \\u0026#8211; Ducati (18)&quot;,&quot;alt&quot;:&quot;&quot;,&quot;caption&quot;:&quot;&quot;,&quot;itemprop&quot;:&quot;image&quot;},{&quot;src&quot;:&quot;https:\\\/\\\/i0.wp.com\\\/www.2-ruote.com\\\/IT\\\/wp-content\\\/uploads\\\/2017\\\/02\\\/2016-Aragon-Ducati-5.jpg?fit=1024%2C683\\u0026ssl=1&quot;,&quot;id&quot;:&quot;6847&quot;,&quot;title&quot;:&quot;2016 \\u0026#8211; Aragon \\u0026#8211; Ducati (5)&quot;,&quot;alt&quot;:&quot;&quot;,&quot;caption&quot;:&quot;&quot;,&quot;itemprop&quot;:&quot;image&quot;},{&quot;src&quot;:&quot;https:\\\/\\\/i0.wp.com\\\/www.2-ruote.com\\\/IT\\\/wp-content\\\/uploads\\\/2017\\\/02\\\/2016-Aragon-Ducati-24.jpg?fit=1024%2C682\\u0026ssl=1&quot;,&quot;id&quot;:&quot;6833&quot;,&quot;title&quot;:&quot;2016 \\u0026#8211; Aragon \\u0026#8211; Ducati (24)&quot;,&quot;alt&quot;:&quot;&quot;,&quot;caption&quot;:&quot;&quot;,&quot;itemprop&quot;:&quot;image&quot;},{&quot;src&quot;:&quot;https:\\\/\\\/i1.wp.com\\\/www.2-ruote.com\\\/IT\\\/wp-content\\\/uploads\\\/2017\\\/02\\\/2016-Aragon-Ducati-14.jpg?fit=1024%2C682\\u0026ssl=1&quot;,&quot;id&quot;:&quot;6823&quot;,&quot;title&quot;:&quot;2016 \\u0026#8211; Aragon \\u0026#8211; Ducati (14)&quot;,&quot;alt&quot;:&quot;&quot;,&quot;caption&quot;:&quot;&quot;,&quot;itemprop&quot;:&quot;image&quot;},{&quot;src&quot;:&quot;https:\\\/\\\/i0.wp.com\\\/www.2-ruote.com\\\/IT\\\/wp-content\\\/uploads\\\/2017\\\/02\\\/2016-Aragon-Ducati-33.jpg?fit=1024%2C682\\u0026ssl=1&quot;,&quot;id&quot;:&quot;6842&quot;,&quot;title&quot;:&quot;2016 \\u0026#8211; Aragon \\u0026#8211; Ducati (33)&quot;,&quot;alt&quot;:&quot;&quot;,&quot;caption&quot;:&quot;&quot;,&quot;itemprop&quot;:&quot;image&quot;},{&quot;src&quot;:&quot;https:\\\/\\\/i2.wp.com\\\/www.2-ruote.com\\\/IT\\\/wp-content\\\/uploads\\\/2017\\\/02\\\/2016-Aragon-Ducati-22.jpg?fit=1024%2C682\\u0026ssl=1&quot;,&quot;id&quot;:&quot;6831&quot;,&quot;title&quot;:&quot;2016 \\u0026#8211; Aragon \\u0026#8211; Ducati (22)&quot;,&quot;alt&quot;:&quot;&quot;,&quot;caption&quot;:&quot;&quot;,&quot;itemprop&quot;:&quot;image&quot;},{&quot;src&quot;:&quot;https:\\\/\\\/i1.wp.com\\\/www.2-ruote.com\\\/IT\\\/wp-content\\\/uploads\\\/2017\\\/02\\\/2016-Aragon-Ducati-29.jpg?fit=1024%2C682\\u0026ssl=1&quot;,&quot;id&quot;:&quot;6838&quot;,&quot;title&quot;:&quot;2016 \\u0026#8211; Aragon \\u0026#8211; Ducati (29)&quot;,&quot;alt&quot;:&quot;&quot;,&quot;caption&quot;:&quot;&quot;,&quot;itemprop&quot;:&quot;image&quot;},{&quot;src&quot;:&quot;https:\\\/\\\/i1.wp.com\\\/www.2-ruote.com\\\/IT\\\/wp-content\\\/uploads\\\/2017\\\/02\\\/2016-Aragon-Ducati-2.jpg?fit=1024%2C682\\u0026ssl=1&quot;,&quot;id&quot;:&quot;6844&quot;,&quot;title&quot;:&quot;2016 \\u0026#8211; Aragon \\u0026#8211; Ducati (2)&quot;,&quot;alt&quot;:&quot;&quot;,&quot;caption&quot;:&quot;&quot;,&quot;itemprop&quot;:&quot;image&quot;},{&quot;src&quot;:&quot;https:\\\/\\\/i1.wp.com\\\/www.2-ruote.com\\\/IT\\\/wp-content\\\/uploads\\\/2017\\\/02\\\/2016-Aragon-Ducati-28.jpg?fit=1024%2C682\\u0026ssl=1&quot;,&quot;id&quot;:&quot;6837&quot;,&quot;title&quot;:&quot;2016 \\u0026#8211; Aragon \\u0026#8211; Ducati (28)&quot;,&quot;alt&quot;:&quot;&quot;,&quot;caption&quot;:&quot;&quot;,&quot;itemprop&quot;:&quot;image&quot;},{&quot;src&quot;:&quot;https:\\\/\\\/i2.wp.com\\\/www.2-ruote.com\\\/IT\\\/wp-content\\\/uploads\\\/2017\\\/02\\\/2016-Aragon-Ducati-12.jpg?fit=1024%2C682\\u0026ssl=1&quot;,&quot;id&quot;:&quot;6821&quot;,&quot;title&quot;:&quot;2016 \\u0026#8211; Aragon \\u0026#8211; Ducati (12)&quot;,&quot;alt&quot;:&quot;&quot;,&quot;caption&quot;:&quot;&quot;,&quot;itemprop&quot;:&quot;image&quot;},{&quot;src&quot;:&quot;https:\\\/\\\/i1.wp.com\\\/www.2-ruote.com\\\/IT\\\/wp-content\\\/uploads\\\/2017\\\/02\\\/2016-Aragon-Ducati-23.jpg?fit=1024%2C682\\u0026ssl=1&quot;,&quot;id&quot;:&quot;6832&quot;,&quot;title&quot;:&quot;2016 \\u0026#8211; Aragon \\u0026#8211; Ducati (23)&quot;,&quot;alt&quot;:&quot;&quot;,&quot;caption&quot;:&quot;&quot;,&quot;itemprop&quot;:&quot;image&quot;},{&quot;src&quot;:&quot;https:\\\/\\\/i1.wp.com\\\/www.2-ruote.com\\\/IT\\\/wp-content\\\/uploads\\\/2017\\\/02\\\/2016-Aragon-Ducati-4.jpg?fit=1024%2C682\\u0026ssl=1&quot;,&quot;id&quot;:&quot;6846&quot;,&quot;title&quot;:&quot;2016 \\u0026#8211; Aragon \\u0026#8211; Ducati (4)&quot;,&quot;alt&quot;:&quot;&quot;,&quot;caption&quot;:&quot;&quot;,&quot;itemprop&quot;:&quot;image&quot;},{&quot;src&quot;:&quot;https:\\\/\\\/i0.wp.com\\\/www.2-ruote.com\\\/IT\\\/wp-content\\\/uploads\\\/2017\\\/02\\\/2016-Aragon-Ducati-6.jpg?fit=1024%2C682\\u0026ssl=1&quot;,&quot;id&quot;:&quot;6848&quot;,&quot;title&quot;:&quot;2016 \\u0026#8211; Aragon \\u0026#8211; Ducati (6)&quot;,&quot;alt&quot;:&quot;&quot;,&quot;caption&quot;:&quot;&quot;,&quot;itemprop&quot;:&quot;image&quot;},{&quot;src&quot;:&quot;https:\\\/\\\/i0.wp.com\\\/www.2-ruote.com\\\/IT\\\/wp-content\\\/uploads\\\/2017\\\/02\\\/2016-Aragon-Ducati-31.jpg?fit=1024%2C682\\u0026ssl=1&quot;,&quot;id&quot;:&quot;6840&quot;,&quot;title&quot;:&quot;2016 \\u0026#8211; Aragon \\u0026#8211; Ducati (31)&quot;,&quot;alt&quot;:&quot;&quot;,&quot;caption&quot;:&quot;&quot;,&quot;itemprop&quot;:&quot;image&quot;},{&quot;src&quot;:&quot;https:\\\/\\\/i1.wp.com\\\/www.2-ruote.com\\\/IT\\\/wp-content\\\/uploads\\\/2017\\\/02\\\/2016-Aragon-Ducati-25.jpg?fit=1024%2C682\\u0026ssl=1&quot;,&quot;id&quot;:&quot;6834&quot;,&quot;title&quot;:&quot;2016 \\u0026#8211; Aragon \\u0026#8211; Ducati (25)&quot;,&quot;alt&quot;:&quot;&quot;,&quot;caption&quot;:&quot;&quot;,&quot;itemprop&quot;:&quot;image&quot;},{&quot;src&quot;:&quot;https:\\\/\\\/i2.wp.com\\\/www.2-ruote.com\\\/IT\\\/wp-content\\\/uploads\\\/2017\\\/02\\\/2016-Aragon-Ducati-7.jpg?fit=1024%2C682\\u0026ssl=1&quot;,&quot;id&quot;:&quot;6849&quot;,&quot;title&quot;:&quot;2016 \\u0026#8211; Aragon \\u0026#8211; Ducati (7)&quot;,&quot;alt&quot;:&quot;&quot;,&quot;caption&quot;:&quot;&quot;,&quot;itemprop&quot;:&quot;image&quot;},{&quot;src&quot;:&quot;https:\\\/\\\/i0.wp.com\\\/www.2-ruote.com\\\/IT\\\/wp-content\\\/uploads\\\/2017\\\/02\\\/2016-Aragon-Ducati-11.jpg?fit=1024%2C682\\u0026ssl=1&quot;,&quot;id&quot;:&quot;6820&quot;,&quot;title&quot;:&quot;2016 \\u0026#8211; Aragon \\u0026#8211; Ducati (11)&quot;,&quot;alt&quot;:&quot;&quot;,&quot;caption&quot;:&quot;&quot;,&quot;itemprop&quot;:&quot;image&quot;},{&quot;src&quot;:&quot;https:\\\/\\\/i1.wp.com\\\/www.2-ruote.com\\\/IT\\\/wp-content\\\/uploads\\\/2017\\\/02\\\/2016-Aragon-Ducati-10.jpg?fit=1024%2C682\\u0026ssl=1&quot;,&quot;id&quot;:&quot;6819&quot;,&quot;title&quot;:&quot;2016 \\u0026#8211; Aragon \\u0026#8211; Ducati (10)&quot;,&quot;alt&quot;:&quot;&quot;,&quot;caption&quot;:&quot;&quot;,&quot;itemprop&quot;:&quot;image&quot;},{&quot;src&quot;:&quot;https:\\\/\\\/i2.wp.com\\\/www.2-ruote.com\\\/IT\\\/wp-content\\\/uploads\\\/2017\\\/02\\\/2016-Aragon-Ducati-8.jpg?fit=1024%2C682\\u0026ssl=1&quot;,&quot;id&quot;:&quot;6850&quot;,&quot;title&quot;:&quot;2016 \\u0026#8211; Aragon \\u0026#8211; Ducati (8)&quot;,&quot;alt&quot;:&quot;&quot;,&quot;caption&quot;:&quot;&quot;,&quot;itemprop&quot;:&quot;image&quot;},{&quot;src&quot;:&quot;https:\\\/\\\/i1.wp.com\\\/www.2-ruote.com\\\/IT\\\/wp-content\\\/uploads\\\/2017\\\/02\\\/2016-Aragon-Ducati-9.jpg?fit=1024%2C682\\u0026ssl=1&quot;,&quot;id&quot;:&quot;6851&quot;,&quot;title&quot;:&quot;2016 \\u0026#8211; Aragon \\u0026#8211; Ducati (9)&quot;,&quot;alt&quot;:&quot;&quot;,&quot;caption&quot;:&quot;&quot;,&quot;itemprop&quot;:&quot;image&quot;},{&quot;src&quot;:&quot;https:\\\/\\\/i1.wp.com\\\/www.2-ruote.com\\\/IT\\\/wp-content\\\/uploads\\\/2017\\\/02\\\/2016-Aragon-Ducati-26.jpg?fit=1024%2C682\\u0026ssl=1&quot;,&quot;id&quot;:&quot;6835&quot;,&quot;title&quot;:&quot;2016 \\u0026#8211; Aragon \\u0026#8211; Ducati (26)&quot;,&quot;alt&quot;:&quot;&quot;,&quot;caption&quot;:&quot;&quot;,&quot;itemprop&quot;:&quot;image&quot;},{&quot;src&quot;:&quot;https:\\\/\\\/i2.wp.com\\\/www.2-ruote.com\\\/IT\\\/wp-content\\\/uploads\\\/2017\\\/02\\\/2016-Aragon-Ducati-30.jpg?fit=1024%2C682\\u0026ssl=1&quot;,&quot;id&quot;:&quot;6839&quot;,&quot;title&quot;:&quot;2016 \\u0026#8211; Aragon \\u0026#8211; Ducati (30)&quot;,&quot;alt&quot;:&quot;&quot;,&quot;caption&quot;:&quot;&quot;,&quot;itemprop&quot;:&quot;image&quot;}]\" itemscope itemtype=\"https:\/\/schema.org\/ImageGallery\"><\/div>\n<p><strong>Il Campionato Mondiale MotoGP 2016 sta per entrare nella fase conclusiva, con uno sprint finale di cinque gare in meno di due mesi. Due appuntamenti in Spagna \u2013 il Gran Premio de Arag\u00f3n ed il GP di Valencia in programma il 13 novembre \u2013 faranno da parentesi alle tre gare extra-europee (Giappone, Australia e Malesia) nel mese di ottobre. In questo weekend il tracciato nei pressi di Alca\u00f1iz si appresta quindi ad ospitare il quattordicesimo round della stagione.<\/strong><\/p>\n<p>MotorLand Arag\u00f3n ospita quest\u2019anno la settima edizione del Gran Premio ed \u00e8 entrato a far parte del calendario MotoGP nel 2010. Si tratta di un complesso moderno, con un tracciato impegnativo che gira in senso anti-orario e comprende due rettilinei e diciassette curve, oltre a diversi saliscendi.<\/p>\n<p>Il Ducati Team arriva in Spagna con qualche dubbio sulle condizioni fisiche di Andrea Iannone, che si \u00e8 procurato la microfrattura di una vertebra dorsale (D3) durante la prima sessione di prove libere a Misano. Dopo essere stato costretto a rinunciare alla gara sammarinese, Iannone si sottoporr\u00e0 a una visita di controllo gioved\u00ec pomeriggio, presso il centro medico del circuito, che decider\u00e0 se il pilota abruzzese potr\u00e0 scendere in pista durante il weekend spagnolo.<\/p>\n<p>Andrea Dovizioso ha corso tutte le edizioni del GP de Arag\u00f3n, e il suo miglior risultato \u00e8 stato un terzo posto nel 2012: il pilota romagnolo ha tagliato il traguardo in quinta posizione dodici mesi fa, mentre Iannone ha ottenuto una vittoria nel 2010 in Moto2 e lo scorso anno ha terminato la gara al quarto posto.<\/p>\n<p>Il programma del weekend di Arag\u00f3n inizier\u00e0 venerd\u00ec mattina con la prima sessione di prove libere alle 9.55, mentre la gara sulla distanza di 23 giri \u00e8 prevista per domenica alle 14.00.<\/p>\n<blockquote><p><strong>Andrea Dovizioso (Ducati Team #04) \u2013 6\u00b0 (99 punti)<\/strong><br \/>\n\u201cArag\u00f3n \u00e8 una pista molto particolare e completamente diversa da Misano, e quest\u2019anno ogni gara \u00e8 un\u2019incognita per via del nuovo fornitore unico di pneumatici, ma la situazione \u00e8 uguale per tutti e noi arriviamo in Spagna con la mente aperta e l\u2019obiettivo di ottenere il miglior risultato possibile. A Misano non \u00e8 andata come speravamo e non ho avuto la possibilit\u00e0 di lottare per il podio, ma sappiamo di poter essere veloci su quasi tutte le piste e quindi ce la metteremo tutta per disputare un buon weekend.\u201d<\/p><\/blockquote>\n<p>&nbsp;<\/p>\n<blockquote><p><strong>Andrea Iannone (Ducati Team #29) \u2013 7\u00b0 (96 punti)<\/strong><br \/>\n\u201cIn questi giorni ho cercato di recuperare stando a riposo dopo l\u2019incidente di Misano, ma ho ancora un po\u2019 di dolore alla schiena. Vediamo cosa diranno i medici ad Arag\u00f3n, ma io sicuramente prover\u00f2 a correre e cercher\u00f2 di fare del mio meglio, come sempre. Spero di riuscire ad essere abbastanza a posto e a tenere sotto controllo il dolore, perch\u00e9 penso che questo possa essere un circuito positivo per noi, visto anche che l\u2019anno scorso abbiamo fatto una grande gara.\u201d<\/p><\/blockquote>\n<p><strong>Il MotorLand Arag\u00f3n<\/strong><br \/>\nIl circuito di MotorLand Arag\u00f3n si \u00e8 conquistato un posto nel mondiale grazie anche alla storia motociclistica di Alca\u00f1iz, che ha ospitato corse stradali dal 1963 al 2003. La necessit\u00e0 di maggior sicurezza ha promosso la costruzione di questo nuovo circuito. Con il supporto delle istituzioni locali, l&#8217;architetto tedesco Hermann Tilke ha disegnato un tracciato lungo 5,077 km e composto di diciassette curve. E\u2019 un circuito molto apprezzato dai piloti della MotoGP, che hanno corso qui per la prima volta nel 2010.<\/p>\n<p>Giro pi\u00f9 veloce: Marquez (Honda), 1\u201947\u201d187 (170.5 km\/h) &#8211; 2014<br \/>\nRecord del Circuito: Pedrosa (Honda), 1\u201948\u201d565 (168.3 km\/h) &#8211; 2013<br \/>\nMiglior Pole: Marquez (Honda), 1\u201947\u201d187 (170.5 km\/h) &#8211; 2014<br \/>\nVelocit\u00e0 massima: Bradl (Honda), 341.6 km\/h &#8211; 2013<br \/>\nLunghezza pista: 5.1 km<br \/>\nLunghezza gara: 23 giri (116.8 km)<br \/>\nCurve: 17 (10 a sinistra, 7 a destra)<br \/>\nInizio gara: 14.00 CET<\/p>\n<p><strong>Cos\u00ec nel 2015<\/strong><br \/>\nPodio: 1\u00b0 Lorenzo (Yamaha), 2\u00b0 Pedrosa (Honda), 3\u00b0 Rossi (Yamaha)<br \/>\nPole: Marquez (Honda), 1\u201946\u201d635 (171.433 km\/h)<br \/>\nGiro pi\u00f9 veloce: Lorenzo (Yamaha), 1\u201948\u201d120 (169.078 km\/h)<\/p>\n<h3>Andrea Dovizioso<\/h3>\n<p>Moto: Ducati Desmosedici GP<br \/>\nNumero di gara: 04<br \/>\nEt\u00e0: 30 (nato il 23 marzo 1986 a Forlimpopol\u00ec)<br \/>\nResidenza: Forl\u00ec (Italia)<br \/>\nGare: 253 (155 x MotoGP, 49 x 250cc, 49 x 125cc)<br \/>\nPrimo GP: 2001 Gran Premio d\u2019Italia (125cc)<br \/>\nVittorie: 10 (1 x MotoGP, 4 x 250cc, 5 x 125cc)<br \/>\nPrima vittoria: 2004 Gran Premio di Sudafrica (125cc)<br \/>\nPole: 16 (3 x MotoGP, 4 x 250cc, 9 x 125cc)<br \/>\nPrima Pole: 2003 Gran Premio di Francia (125cc)<br \/>\nTitoli Mondiali: 1 (1 x 125cc)<\/p>\n<h3>Andrea Iannone<\/h3>\n<p>Moto: Ducati Desmosedici GP<br \/>\nNumero di gara: 29<br \/>\nEt\u00e0: 27 (nato il 9 agosto 1989 a Vasto, Italia)<br \/>\nResidenza: Vasto (Italia)<br \/>\nGare: 190 (63 x MotoGP, 51 x Moto2, 76 x 125cc)<br \/>\nPrimo GP: 2005 Gran Premio di Spagna (125cc)<br \/>\nVittorie: 13 (1 X MotoGP, 8 x Moto2, 4 x 125cc)<br \/>\nPrima vittoria: 2008 GP di Cina (125cc)<br \/>\nPole: 10 (2 x MotoGP, 5 x Moto2, 3 x 125cc)<br \/>\nPrima Pole: 2008 GP di Malesia (125cc)<\/p>\n<div class=\"sharedaddy sd-sharing-enabled\"><div class=\"robots-nocontent sd-block sd-social sd-social-icon sd-sharing\"><h3 class=\"sd-title\">Condividi:<\/h3><div class=\"sd-content\"><ul><li class=\"share-facebook\"><a rel=\"nofollow noopener noreferrer\" data-shared=\"sharing-facebook-6817\" class=\"share-facebook sd-button share-icon no-text\" href=\"https:\/\/www.2-ruote.com\/IT\/?p=6817&amp;share=facebook\" target=\"_blank\" title=\"Fai clic per condividere su Facebook\"><span><\/span><span class=\"sharing-screen-reader-text\">Fai clic per condividere su Facebook (Si apre in una nuova finestra)<\/span><\/a><\/li><li class=\"share-twitter\"><a rel=\"nofollow noopener noreferrer\" data-shared=\"sharing-twitter-6817\" class=\"share-twitter sd-button share-icon no-text\" href=\"https:\/\/www.2-ruote.com\/IT\/?p=6817&amp;share=twitter\" target=\"_blank\" title=\"Fai clic qui per condividere su Twitter\"><span><\/span><span class=\"sharing-screen-reader-text\">Fai clic qui per condividere su Twitter (Si apre in una nuova finestra)<\/span><\/a><\/li><li class=\"share-pinterest\"><a rel=\"nofollow noopener noreferrer\" data-shared=\"sharing-pinterest-6817\" class=\"share-pinterest sd-button share-icon no-text\" href=\"https:\/\/www.2-ruote.com\/IT\/?p=6817&amp;share=pinterest\" target=\"_blank\" title=\"Fai clic qui per condividere su Pinterest\"><span><\/span><span class=\"sharing-screen-reader-text\">Fai clic qui per condividere su Pinterest (Si apre in una nuova finestra)<\/span><\/a><\/li><li class=\"share-whatsapp\"><a rel=\"nofollow noopener noreferrer\" data-shared=\"\" class=\"share-whatsapp sd-button share-icon no-text\" href=\"https:\/\/www.2-ruote.com\/IT\/?p=6817&amp;share=whatsapp\" target=\"_blank\" title=\"Clicca per condividere su WhatsApp\"><span><\/span><span class=\"sharing-screen-reader-text\">Clicca per condividere su WhatsApp (Si apre in una nuova finestra)<\/span><\/a><\/li><li class=\"share-linkedin\"><a rel=\"nofollow noopener noreferrer\" data-shared=\"sharing-linkedin-6817\" class=\"share-linkedin sd-button share-icon no-text\" href=\"https:\/\/www.2-ruote.com\/IT\/?p=6817&amp;share=linkedin\" target=\"_blank\" title=\"Fai clic qui per condividere su LinkedIn\"><span><\/span><span class=\"sharing-screen-reader-text\">Fai clic qui per condividere su LinkedIn (Si apre in una nuova finestra)<\/span><\/a><\/li><li class=\"share-tumblr\"><a rel=\"nofollow noopener noreferrer\" data-shared=\"\" class=\"share-tumblr sd-button share-icon no-text\" href=\"https:\/\/www.2-ruote.com\/IT\/?p=6817&amp;share=tumblr\" target=\"_blank\" title=\"Fai clic qui per condividere su Tumblr\"><span><\/span><span class=\"sharing-screen-reader-text\">Fai clic qui per condividere su Tumblr (Si apre in una nuova finestra)<\/span><\/a><\/li><li class=\"share-pocket\"><a rel=\"nofollow noopener noreferrer\" data-shared=\"\" class=\"share-pocket sd-button share-icon no-text\" href=\"https:\/\/www.2-ruote.com\/IT\/?p=6817&amp;share=pocket\" target=\"_blank\" title=\"Fai clic qui per condividere su Pocket\"><span><\/span><span class=\"sharing-screen-reader-text\">Fai clic qui per condividere su Pocket (Si apre in una nuova finestra)<\/span><\/a><\/li><li class=\"share-reddit\"><a rel=\"nofollow noopener noreferrer\" data-shared=\"\" class=\"share-reddit sd-button share-icon no-text\" href=\"https:\/\/www.2-ruote.com\/IT\/?p=6817&amp;share=reddit\" target=\"_blank\" title=\"Fai clic qui per condividere su Reddit\"><span><\/span><span class=\"sharing-screen-reader-text\">Fai clic qui per condividere su Reddit (Si apre in una nuova finestra)<\/span><\/a><\/li><li class=\"share-print\"><a rel=\"nofollow noopener noreferrer\" data-shared=\"\" class=\"share-print sd-button share-icon no-text\" href=\"https:\/\/www.2-ruote.com\/IT\/?p=6817\" target=\"_blank\" title=\"Fai clic qui per stampare\"><span><\/span><span class=\"sharing-screen-reader-text\">Fai clic qui per stampare (Si apre in una nuova finestra)<\/span><\/a><\/li><li class=\"share-end\"><\/li><\/ul><\/div><\/div><\/div>","protected":false},"excerpt":{"rendered":"<p>Il Campionato Mondiale MotoGP 2016 sta per entrare nella fase conclusiva, con uno sprint finale di cinque gare in meno&hellip;<\/p>\n<div class=\"sharedaddy sd-sharing-enabled\"><div class=\"robots-nocontent sd-block sd-social sd-social-icon sd-sharing\"><h3 class=\"sd-title\">Condividi:<\/h3><div class=\"sd-content\"><ul><li class=\"share-facebook\"><a rel=\"nofollow noopener noreferrer\" data-shared=\"sharing-facebook-6817\" class=\"share-facebook sd-button share-icon no-text\" href=\"https:\/\/www.2-ruote.com\/IT\/?p=6817&amp;share=facebook\" target=\"_blank\" title=\"Fai clic per condividere su Facebook\"><span><\/span><span class=\"sharing-screen-reader-text\">Fai clic per condividere su Facebook (Si apre in una nuova finestra)<\/span><\/a><\/li><li class=\"share-twitter\"><a rel=\"nofollow noopener noreferrer\" data-shared=\"sharing-twitter-6817\" class=\"share-twitter sd-button share-icon no-text\" href=\"https:\/\/www.2-ruote.com\/IT\/?p=6817&amp;share=twitter\" target=\"_blank\" title=\"Fai clic qui per condividere su Twitter\"><span><\/span><span class=\"sharing-screen-reader-text\">Fai clic qui per condividere su Twitter (Si apre in una nuova finestra)<\/span><\/a><\/li><li class=\"share-pinterest\"><a rel=\"nofollow noopener noreferrer\" data-shared=\"sharing-pinterest-6817\" class=\"share-pinterest sd-button share-icon no-text\" href=\"https:\/\/www.2-ruote.com\/IT\/?p=6817&amp;share=pinterest\" target=\"_blank\" title=\"Fai clic qui per condividere su Pinterest\"><span><\/span><span class=\"sharing-screen-reader-text\">Fai clic qui per condividere su Pinterest (Si apre in una nuova finestra)<\/span><\/a><\/li><li class=\"share-whatsapp\"><a rel=\"nofollow noopener noreferrer\" data-shared=\"\" class=\"share-whatsapp sd-button share-icon no-text\" href=\"https:\/\/www.2-ruote.com\/IT\/?p=6817&amp;share=whatsapp\" target=\"_blank\" title=\"Clicca per condividere su WhatsApp\"><span><\/span><span class=\"sharing-screen-reader-text\">Clicca per condividere su WhatsApp (Si apre in una nuova finestra)<\/span><\/a><\/li><li class=\"share-linkedin\"><a rel=\"nofollow noopener noreferrer\" data-shared=\"sharing-linkedin-6817\" class=\"share-linkedin sd-button share-icon no-text\" href=\"https:\/\/www.2-ruote.com\/IT\/?p=6817&amp;share=linkedin\" target=\"_blank\" title=\"Fai clic qui per condividere su LinkedIn\"><span><\/span><span class=\"sharing-screen-reader-text\">Fai clic qui per condividere su LinkedIn (Si apre in una nuova finestra)<\/span><\/a><\/li><li class=\"share-tumblr\"><a rel=\"nofollow noopener noreferrer\" data-shared=\"\" class=\"share-tumblr sd-button share-icon no-text\" href=\"https:\/\/www.2-ruote.com\/IT\/?p=6817&amp;share=tumblr\" target=\"_blank\" title=\"Fai clic qui per condividere su Tumblr\"><span><\/span><span class=\"sharing-screen-reader-text\">Fai clic qui per condividere su Tumblr (Si apre in una nuova finestra)<\/span><\/a><\/li><li class=\"share-pocket\"><a rel=\"nofollow noopener noreferrer\" data-shared=\"\" class=\"share-pocket sd-button share-icon no-text\" href=\"https:\/\/www.2-ruote.com\/IT\/?p=6817&amp;share=pocket\" target=\"_blank\" title=\"Fai clic qui per condividere su Pocket\"><span><\/span><span class=\"sharing-screen-reader-text\">Fai clic qui per condividere su Pocket (Si apre in una nuova finestra)<\/span><\/a><\/li><li class=\"share-reddit\"><a rel=\"nofollow noopener noreferrer\" data-shared=\"\" class=\"share-reddit sd-button share-icon no-text\" href=\"https:\/\/www.2-ruote.com\/IT\/?p=6817&amp;share=reddit\" target=\"_blank\" title=\"Fai clic qui per condividere su Reddit\"><span><\/span><span class=\"sharing-screen-reader-text\">Fai clic qui per condividere su Reddit (Si apre in una nuova finestra)<\/span><\/a><\/li><li class=\"share-print\"><a rel=\"nofollow noopener noreferrer\" data-shared=\"\" class=\"share-print sd-button share-icon no-text\" href=\"https:\/\/www.2-ruote.com\/IT\/?p=6817\" target=\"_blank\" title=\"Fai clic qui per stampare\"><span><\/span><span class=\"sharing-screen-reader-text\">Fai clic qui per stampare (Si apre in una nuova finestra)<\/span><\/a><\/li><li class=\"share-end\"><\/li><\/ul><\/div><\/div><\/div>","protected":false},"author":1,"featured_media":6847,"comment_status":"open","ping_status":"open","sticky":false,"template":"","format":"standard","meta":{"_mi_skip_tracking":false,"_monsterinsights_sitenote_active":false,"_monsterinsights_sitenote_note":"","_monsterinsights_sitenote_category":0,"spay_email":"","jetpack_publicize_message":"","jetpack_is_tweetstorm":false},"categories":[10,3],"tags":[21,52],"aioseo_notices":[],"jetpack_featured_media_url":"https:\/\/i0.wp.com\/www.2-ruote.com\/IT\/wp-content\/uploads\/2017\/02\/2016-Aragon-Ducati-5.jpg?fit=2000%2C1334&ssl=1","jetpack_publicize_connections":[],"jetpack_sharing_enabled":true,"jetpack_shortlink":"https:\/\/wp.me\/p6TDfQ-1LX","jetpack-related-posts":[{"id":42,"url":"https:\/\/www.2-ruote.com\/IT\/?p=42","url_meta":{"origin":6817,"position":0},"title":"IL DUCATI MARLBORO TEAM ALLA SCOPERTA DI ARAGON","date":"14 Settembre 2010","format":false,"excerpt":"Casey Stoner e Nicky Hayden cominceranno a preparare il Gran Premio di Aragon, new entry del calendario del Motomondiale, a partire dal prossimo venerd\u00ec mattina, ritrovando il vecchio format di quattro turni di prove. I due piloti del Ducati Marlboro Team infatti avranno a disposizione tre sessioni di libere e\u2026","rel":"","context":"In &quot;Ducati Corse&quot;","img":{"alt_text":"","src":"","width":0,"height":0},"classes":[]},{"id":422,"url":"https:\/\/www.2-ruote.com\/IT\/?p=422","url_meta":{"origin":6817,"position":1},"title":"CAPIROSSI ALLA SCOPERTA DI ARAGON. DE PUNIET VUOLE IL RISULTATO","date":"13 Settembre 2011","format":false,"excerpt":"Il motomondiale torna in Spagna per il 14\u00c2\u00ba appuntamento di questo 2011 con la MotoGP per il Gran Premio di Aragon, penultima tappa del calendario. Il tracciato di MotorLand di Aragon, introdotto nel calendario solo lo scorso anno, \u00e8 stato disegnato dall'architetto tedesco Hermann Tilke, rinomato guru dei nuovi circuiti\u2026","rel":"","context":"In &quot;MotoGP&quot;","img":{"alt_text":"","src":"","width":0,"height":0},"classes":[]},{"id":415,"url":"https:\/\/www.2-ruote.com\/IT\/?p=415","url_meta":{"origin":6817,"position":2},"title":"IL DUCATI TEAM SI CONCENTRA SUL LAVORO SULLA DESMOSEDICI PER ARAGON","date":"16 Settembre 2011","format":false,"excerpt":"Il Gran Premio di Aragon di domenica prossima \u00e8 il quattordicesimo appuntamento del calendario iridato della MotoGP e la seconda edizione del Gran Premio nella recente struttura della Spagna centrale dedicata ai motori. Il Ducati Team nel 2010 aveva interpretato al meglio il nuovo tracciato ed entrambi i suoi piloti\u2026","rel":"","context":"In &quot;Ducati Corse&quot;","img":{"alt_text":"","src":"","width":0,"height":0},"classes":[]},{"id":43,"url":"https:\/\/www.2-ruote.com\/IT\/?p=43","url_meta":{"origin":6817,"position":3},"title":"IL DUCATI MARLBORO TEAM IN GIAPPONE PER LA PRIMA DI TRE GARE CONSECUTIVE","date":"28 Settembre 2010","format":false,"excerpt":"Il Gran Premio di domenica prossima a Motegi dar\u00e0\u00a0 il via ad una serie di tre gare che porteranno i team della MotoGP dal Giappone alla Malesia e infine all'Australia prima del rientro in Europa per gli ultimi due appuntamenti della stagione 2010. Nelle tre gare extraeuropee il programma delle\u2026","rel":"","context":"In &quot;Ducati Corse&quot;","img":{"alt_text":"","src":"","width":0,"height":0},"classes":[]},{"id":598,"url":"https:\/\/www.2-ruote.com\/IT\/?p=598","url_meta":{"origin":6817,"position":4},"title":"Kawasaki - Rea e Sykes a Jerez per i test invernali KRT","date":"3 Novembre 2015","format":false,"excerpt":"Kawasaki Racing Team con i piloti 2016 Jonathan Rea e Tom Sykes pateciperanno ai test invernali il 3 e il 4 novembre a Jerez de la Frontera, in Spagna. Dopo che Sykes ha effettuato un positivo test a Motorland Aragon, l'intero team scender\u00e0 in pista per i test ufficiali per\u2026","rel":"","context":"In &quot;SBK&quot;","img":{"alt_text":"","src":"https:\/\/i0.wp.com\/www.2-ruote.com\/IT\/wp-content\/uploads\/2015\/11\/kawasaki-rea-and-sykes-take-to-jerez-for-krt-winter-test-two-hi_t1_sykes_zx-10r_action_dsc_0282.jpg?fit=1200%2C829&ssl=1&resize=350%2C200","width":350,"height":200},"classes":[]},{"id":5588,"url":"https:\/\/www.2-ruote.com\/IT\/?p=5588","url_meta":{"origin":6817,"position":5},"title":"Calendario MotoGP 2017","date":"31 Gennaio 2017","format":false,"excerpt":"Data: 26 marzo Luogo: Doha, Qatar * Circuito: Losail International Circuit Data: 09 aprile Luogo: Rep\u00fablica Argentina Circuito: Termas de Rio Hondo Data: 23 aprile Luogo: Austin, Stati Uniti Circuito: Circuit of The Americas Data: 07 maggio Luogo: Jerez, Spagna Circuito: Circuito de Jerez Data: 21 maggio Luogo: Le Mans,\u2026","rel":"","context":"In &quot;MotoGP&quot;","img":{"alt_text":"","src":"https:\/\/i0.wp.com\/www.2-ruote.com\/IT\/wp-content\/uploads\/2017\/01\/motogp.png?fit=485%2C265&ssl=1&resize=350%2C200","width":350,"height":200},"classes":[]}],"jetpack_likes_enabled":true,"_links":{"self":[{"href":"https:\/\/www.2-ruote.com\/IT\/index.php?rest_route=\/wp\/v2\/posts\/6817"}],"collection":[{"href":"https:\/\/www.2-ruote.com\/IT\/index.php?rest_route=\/wp\/v2\/posts"}],"about":[{"href":"https:\/\/www.2-ruote.com\/IT\/index.php?rest_route=\/wp\/v2\/types\/post"}],"author":[{"embeddable":true,"href":"https:\/\/www.2-ruote.com\/IT\/index.php?rest_route=\/wp\/v2\/users\/1"}],"replies":[{"embeddable":true,"href":"https:\/\/www.2-ruote.com\/IT\/index.php?rest_route=%2Fwp%2Fv2%2Fcomments&post=6817"}],"version-history":[{"count":1,"href":"https:\/\/www.2-ruote.com\/IT\/index.php?rest_route=\/wp\/v2\/posts\/6817\/revisions"}],"predecessor-version":[{"id":6855,"href":"https:\/\/www.2-ruote.com\/IT\/index.php?rest_route=\/wp\/v2\/posts\/6817\/revisions\/6855"}],"wp:featuredmedia":[{"embeddable":true,"href":"https:\/\/www.2-ruote.com\/IT\/index.php?rest_route=\/wp\/v2\/media\/6847"}],"wp:attachment":[{"href":"https:\/\/www.2-ruote.com\/IT\/index.php?rest_route=%2Fwp%2Fv2%2Fmedia&parent=6817"}],"wp:term":[{"taxonomy":"category","embeddable":true,"href":"https:\/\/www.2-ruote.com\/IT\/index.php?rest_route=%2Fwp%2Fv2%2Fcategories&post=6817"},{"taxonomy":"post_tag","embeddable":true,"href":"https:\/\/www.2-ruote.com\/IT\/index.php?rest_route=%2Fwp%2Fv2%2Ftags&post=6817"}],"curies":[{"name":"wp","href":"https:\/\/api.w.org\/{rel}","templated":true}]}}