{"id":6856,"date":"2016-10-14T14:21:31","date_gmt":"2016-10-14T12:21:31","guid":{"rendered":"http:\/\/www.2-ruote.com\/IT\/?p=6856"},"modified":"2017-02-03T14:52:53","modified_gmt":"2017-02-03T13:52:53","slug":"gp-del-giappone-andrea-dovizioso-chiude-al-secondo-posto-la-prima-giornata-di-prove-a-motegi-quattordicesimo-hector-barbera-al-debutto-sulla-desmosedici-gp-del-ducati-team-in-sostituzione-di-iannon","status":"publish","type":"post","link":"https:\/\/www.2-ruote.com\/IT\/?p=6856","title":{"rendered":"GP del Giappone. Andrea Dovizioso chiude al secondo posto la prima giornata di prove a Motegi. Quattordicesimo Hector Barbera, al debutto sulla Desmosedici GP del Ducati Team in sostituzione di Iannone"},"content":{"rendered":"<p class=\"jetpack-slideshow-noscript robots-nocontent\">Questo slideshow richiede JavaScript.<\/p><div id=\"gallery-6856-1-slideshow\" class=\"slideshow-window jetpack-slideshow slideshow-black\" data-trans=\"fade\" data-autostart=\"1\" data-gallery=\"[{&quot;src&quot;:&quot;https:\\\/\\\/i2.wp.com\\\/www.2-ruote.com\\\/IT\\\/wp-content\\\/uploads\\\/2017\\\/02\\\/2016-Motegi-Ducati-7.jpg?fit=1024%2C682\\u0026ssl=1&quot;,&quot;id&quot;:&quot;6899&quot;,&quot;title&quot;:&quot;2016 \\u0026#8211; Motegi \\u0026#8211; Ducati (7)&quot;,&quot;alt&quot;:&quot;&quot;,&quot;caption&quot;:&quot;&quot;,&quot;itemprop&quot;:&quot;image&quot;},{&quot;src&quot;:&quot;https:\\\/\\\/i2.wp.com\\\/www.2-ruote.com\\\/IT\\\/wp-content\\\/uploads\\\/2017\\\/02\\\/2016-Motegi-Ducati-23.jpg?fit=1024%2C682\\u0026ssl=1&quot;,&quot;id&quot;:&quot;6871&quot;,&quot;title&quot;:&quot;2016 \\u0026#8211; Motegi \\u0026#8211; Ducati (23)&quot;,&quot;alt&quot;:&quot;&quot;,&quot;caption&quot;:&quot;&quot;,&quot;itemprop&quot;:&quot;image&quot;},{&quot;src&quot;:&quot;https:\\\/\\\/i2.wp.com\\\/www.2-ruote.com\\\/IT\\\/wp-content\\\/uploads\\\/2017\\\/02\\\/2016-Motegi-Ducati-2.jpg?fit=1024%2C682\\u0026ssl=1&quot;,&quot;id&quot;:&quot;6894&quot;,&quot;title&quot;:&quot;2016 \\u0026#8211; Motegi \\u0026#8211; Ducati (2)&quot;,&quot;alt&quot;:&quot;&quot;,&quot;caption&quot;:&quot;&quot;,&quot;itemprop&quot;:&quot;image&quot;},{&quot;src&quot;:&quot;https:\\\/\\\/i2.wp.com\\\/www.2-ruote.com\\\/IT\\\/wp-content\\\/uploads\\\/2017\\\/02\\\/2016-Motegi-Ducati-20.jpg?fit=1024%2C682\\u0026ssl=1&quot;,&quot;id&quot;:&quot;6868&quot;,&quot;title&quot;:&quot;2016 \\u0026#8211; Motegi \\u0026#8211; Ducati (20)&quot;,&quot;alt&quot;:&quot;&quot;,&quot;caption&quot;:&quot;&quot;,&quot;itemprop&quot;:&quot;image&quot;},{&quot;src&quot;:&quot;https:\\\/\\\/i0.wp.com\\\/www.2-ruote.com\\\/IT\\\/wp-content\\\/uploads\\\/2017\\\/02\\\/2016-Motegi-Ducati-40.jpg?fit=1024%2C682\\u0026ssl=1&quot;,&quot;id&quot;:&quot;6888&quot;,&quot;title&quot;:&quot;2016 \\u0026#8211; Motegi \\u0026#8211; Ducati (40)&quot;,&quot;alt&quot;:&quot;&quot;,&quot;caption&quot;:&quot;&quot;,&quot;itemprop&quot;:&quot;image&quot;},{&quot;src&quot;:&quot;https:\\\/\\\/i2.wp.com\\\/www.2-ruote.com\\\/IT\\\/wp-content\\\/uploads\\\/2017\\\/02\\\/2016-Motegi-Ducati-43.jpg?fit=1024%2C682\\u0026ssl=1&quot;,&quot;id&quot;:&quot;6891&quot;,&quot;title&quot;:&quot;2016 \\u0026#8211; Motegi \\u0026#8211; Ducati (43)&quot;,&quot;alt&quot;:&quot;&quot;,&quot;caption&quot;:&quot;&quot;,&quot;itemprop&quot;:&quot;image&quot;},{&quot;src&quot;:&quot;https:\\\/\\\/i1.wp.com\\\/www.2-ruote.com\\\/IT\\\/wp-content\\\/uploads\\\/2017\\\/02\\\/2016-Motegi-Ducati-29.jpg?fit=1024%2C682\\u0026ssl=1&quot;,&quot;id&quot;:&quot;6877&quot;,&quot;title&quot;:&quot;2016 \\u0026#8211; Motegi \\u0026#8211; Ducati (29)&quot;,&quot;alt&quot;:&quot;&quot;,&quot;caption&quot;:&quot;&quot;,&quot;itemprop&quot;:&quot;image&quot;},{&quot;src&quot;:&quot;https:\\\/\\\/i1.wp.com\\\/www.2-ruote.com\\\/IT\\\/wp-content\\\/uploads\\\/2017\\\/02\\\/2016-Motegi-Ducati-44.jpg?fit=1024%2C682\\u0026ssl=1&quot;,&quot;id&quot;:&quot;6892&quot;,&quot;title&quot;:&quot;2016 \\u0026#8211; Motegi \\u0026#8211; Ducati (44)&quot;,&quot;alt&quot;:&quot;&quot;,&quot;caption&quot;:&quot;&quot;,&quot;itemprop&quot;:&quot;image&quot;},{&quot;src&quot;:&quot;https:\\\/\\\/i1.wp.com\\\/www.2-ruote.com\\\/IT\\\/wp-content\\\/uploads\\\/2017\\\/02\\\/2016-Motegi-Ducati-33.jpg?fit=1024%2C682\\u0026ssl=1&quot;,&quot;id&quot;:&quot;6881&quot;,&quot;title&quot;:&quot;2016 \\u0026#8211; Motegi \\u0026#8211; Ducati (33)&quot;,&quot;alt&quot;:&quot;&quot;,&quot;caption&quot;:&quot;&quot;,&quot;itemprop&quot;:&quot;image&quot;},{&quot;src&quot;:&quot;https:\\\/\\\/i0.wp.com\\\/www.2-ruote.com\\\/IT\\\/wp-content\\\/uploads\\\/2017\\\/02\\\/2016-Motegi-Ducati-38.jpg?fit=1024%2C682\\u0026ssl=1&quot;,&quot;id&quot;:&quot;6886&quot;,&quot;title&quot;:&quot;2016 \\u0026#8211; Motegi \\u0026#8211; Ducati (38)&quot;,&quot;alt&quot;:&quot;&quot;,&quot;caption&quot;:&quot;&quot;,&quot;itemprop&quot;:&quot;image&quot;},{&quot;src&quot;:&quot;https:\\\/\\\/i0.wp.com\\\/www.2-ruote.com\\\/IT\\\/wp-content\\\/uploads\\\/2017\\\/02\\\/2016-Motegi-Ducati-31.jpg?fit=1024%2C682\\u0026ssl=1&quot;,&quot;id&quot;:&quot;6879&quot;,&quot;title&quot;:&quot;2016 \\u0026#8211; Motegi \\u0026#8211; Ducati (31)&quot;,&quot;alt&quot;:&quot;&quot;,&quot;caption&quot;:&quot;&quot;,&quot;itemprop&quot;:&quot;image&quot;},{&quot;src&quot;:&quot;https:\\\/\\\/i2.wp.com\\\/www.2-ruote.com\\\/IT\\\/wp-content\\\/uploads\\\/2017\\\/02\\\/2016-Motegi-Ducati-17.jpg?fit=1024%2C682\\u0026ssl=1&quot;,&quot;id&quot;:&quot;6865&quot;,&quot;title&quot;:&quot;2016 \\u0026#8211; Motegi \\u0026#8211; Ducati (17)&quot;,&quot;alt&quot;:&quot;&quot;,&quot;caption&quot;:&quot;&quot;,&quot;itemprop&quot;:&quot;image&quot;},{&quot;src&quot;:&quot;https:\\\/\\\/i1.wp.com\\\/www.2-ruote.com\\\/IT\\\/wp-content\\\/uploads\\\/2017\\\/02\\\/2016-Motegi-Ducati-25.jpg?fit=1024%2C682\\u0026ssl=1&quot;,&quot;id&quot;:&quot;6873&quot;,&quot;title&quot;:&quot;2016 \\u0026#8211; Motegi \\u0026#8211; Ducati (25)&quot;,&quot;alt&quot;:&quot;&quot;,&quot;caption&quot;:&quot;&quot;,&quot;itemprop&quot;:&quot;image&quot;},{&quot;src&quot;:&quot;https:\\\/\\\/i0.wp.com\\\/www.2-ruote.com\\\/IT\\\/wp-content\\\/uploads\\\/2017\\\/02\\\/2016-Motegi-Ducati-24.jpg?fit=1024%2C682\\u0026ssl=1&quot;,&quot;id&quot;:&quot;6872&quot;,&quot;title&quot;:&quot;2016 \\u0026#8211; Motegi \\u0026#8211; Ducati (24)&quot;,&quot;alt&quot;:&quot;&quot;,&quot;caption&quot;:&quot;&quot;,&quot;itemprop&quot;:&quot;image&quot;},{&quot;src&quot;:&quot;https:\\\/\\\/i1.wp.com\\\/www.2-ruote.com\\\/IT\\\/wp-content\\\/uploads\\\/2017\\\/02\\\/2016-Motegi-Ducati-8.jpg?fit=1024%2C682\\u0026ssl=1&quot;,&quot;id&quot;:&quot;6900&quot;,&quot;title&quot;:&quot;2016 \\u0026#8211; Motegi \\u0026#8211; Ducati (8)&quot;,&quot;alt&quot;:&quot;&quot;,&quot;caption&quot;:&quot;&quot;,&quot;itemprop&quot;:&quot;image&quot;},{&quot;src&quot;:&quot;https:\\\/\\\/i0.wp.com\\\/www.2-ruote.com\\\/IT\\\/wp-content\\\/uploads\\\/2017\\\/02\\\/2016-Motegi-Ducati-28.jpg?fit=1024%2C682\\u0026ssl=1&quot;,&quot;id&quot;:&quot;6876&quot;,&quot;title&quot;:&quot;2016 \\u0026#8211; Motegi \\u0026#8211; Ducati (28)&quot;,&quot;alt&quot;:&quot;&quot;,&quot;caption&quot;:&quot;&quot;,&quot;itemprop&quot;:&quot;image&quot;},{&quot;src&quot;:&quot;https:\\\/\\\/i2.wp.com\\\/www.2-ruote.com\\\/IT\\\/wp-content\\\/uploads\\\/2017\\\/02\\\/2016-Motegi-Ducati-22.jpg?fit=1024%2C682\\u0026ssl=1&quot;,&quot;id&quot;:&quot;6870&quot;,&quot;title&quot;:&quot;2016 \\u0026#8211; Motegi \\u0026#8211; Ducati (22)&quot;,&quot;alt&quot;:&quot;&quot;,&quot;caption&quot;:&quot;&quot;,&quot;itemprop&quot;:&quot;image&quot;},{&quot;src&quot;:&quot;https:\\\/\\\/i1.wp.com\\\/www.2-ruote.com\\\/IT\\\/wp-content\\\/uploads\\\/2017\\\/02\\\/2016-Motegi-Ducati-9.jpg?fit=1024%2C682\\u0026ssl=1&quot;,&quot;id&quot;:&quot;6901&quot;,&quot;title&quot;:&quot;2016 \\u0026#8211; Motegi \\u0026#8211; Ducati (9)&quot;,&quot;alt&quot;:&quot;&quot;,&quot;caption&quot;:&quot;&quot;,&quot;itemprop&quot;:&quot;image&quot;},{&quot;src&quot;:&quot;https:\\\/\\\/i1.wp.com\\\/www.2-ruote.com\\\/IT\\\/wp-content\\\/uploads\\\/2017\\\/02\\\/2016-Motegi-Ducati-32.jpg?fit=1024%2C682\\u0026ssl=1&quot;,&quot;id&quot;:&quot;6880&quot;,&quot;title&quot;:&quot;2016 \\u0026#8211; Motegi \\u0026#8211; Ducati (32)&quot;,&quot;alt&quot;:&quot;&quot;,&quot;caption&quot;:&quot;&quot;,&quot;itemprop&quot;:&quot;image&quot;},{&quot;src&quot;:&quot;https:\\\/\\\/i0.wp.com\\\/www.2-ruote.com\\\/IT\\\/wp-content\\\/uploads\\\/2017\\\/02\\\/2016-Motegi-Ducati-37.jpg?fit=1024%2C682\\u0026ssl=1&quot;,&quot;id&quot;:&quot;6885&quot;,&quot;title&quot;:&quot;2016 \\u0026#8211; Motegi \\u0026#8211; Ducati (37)&quot;,&quot;alt&quot;:&quot;&quot;,&quot;caption&quot;:&quot;&quot;,&quot;itemprop&quot;:&quot;image&quot;},{&quot;src&quot;:&quot;https:\\\/\\\/i2.wp.com\\\/www.2-ruote.com\\\/IT\\\/wp-content\\\/uploads\\\/2017\\\/02\\\/2016-Motegi-Ducati-1.jpg?fit=1024%2C682\\u0026ssl=1&quot;,&quot;id&quot;:&quot;6893&quot;,&quot;title&quot;:&quot;2016 \\u0026#8211; Motegi \\u0026#8211; Ducati (1)&quot;,&quot;alt&quot;:&quot;&quot;,&quot;caption&quot;:&quot;&quot;,&quot;itemprop&quot;:&quot;image&quot;},{&quot;src&quot;:&quot;https:\\\/\\\/i2.wp.com\\\/www.2-ruote.com\\\/IT\\\/wp-content\\\/uploads\\\/2017\\\/02\\\/2016-Motegi-Ducati-26.jpg?fit=1024%2C682\\u0026ssl=1&quot;,&quot;id&quot;:&quot;6874&quot;,&quot;title&quot;:&quot;2016 \\u0026#8211; Motegi \\u0026#8211; Ducati (26)&quot;,&quot;alt&quot;:&quot;&quot;,&quot;caption&quot;:&quot;&quot;,&quot;itemprop&quot;:&quot;image&quot;},{&quot;src&quot;:&quot;https:\\\/\\\/i2.wp.com\\\/www.2-ruote.com\\\/IT\\\/wp-content\\\/uploads\\\/2017\\\/02\\\/2016-Motegi-Ducati-21.jpg?fit=1024%2C682\\u0026ssl=1&quot;,&quot;id&quot;:&quot;6869&quot;,&quot;title&quot;:&quot;2016 \\u0026#8211; Motegi \\u0026#8211; Ducati (21)&quot;,&quot;alt&quot;:&quot;&quot;,&quot;caption&quot;:&quot;&quot;,&quot;itemprop&quot;:&quot;image&quot;},{&quot;src&quot;:&quot;https:\\\/\\\/i2.wp.com\\\/www.2-ruote.com\\\/IT\\\/wp-content\\\/uploads\\\/2017\\\/02\\\/2016-Motegi-Ducati-15.jpg?fit=1024%2C682\\u0026ssl=1&quot;,&quot;id&quot;:&quot;6863&quot;,&quot;title&quot;:&quot;2016 \\u0026#8211; Motegi \\u0026#8211; Ducati (15)&quot;,&quot;alt&quot;:&quot;&quot;,&quot;caption&quot;:&quot;&quot;,&quot;itemprop&quot;:&quot;image&quot;},{&quot;src&quot;:&quot;https:\\\/\\\/i1.wp.com\\\/www.2-ruote.com\\\/IT\\\/wp-content\\\/uploads\\\/2017\\\/02\\\/2016-Motegi-Ducati-13.jpg?fit=1024%2C682\\u0026ssl=1&quot;,&quot;id&quot;:&quot;6861&quot;,&quot;title&quot;:&quot;2016 \\u0026#8211; Motegi \\u0026#8211; Ducati (13)&quot;,&quot;alt&quot;:&quot;&quot;,&quot;caption&quot;:&quot;&quot;,&quot;itemprop&quot;:&quot;image&quot;},{&quot;src&quot;:&quot;https:\\\/\\\/i1.wp.com\\\/www.2-ruote.com\\\/IT\\\/wp-content\\\/uploads\\\/2017\\\/02\\\/2016-Motegi-Ducati-36.jpg?fit=1024%2C682\\u0026ssl=1&quot;,&quot;id&quot;:&quot;6884&quot;,&quot;title&quot;:&quot;2016 \\u0026#8211; Motegi \\u0026#8211; Ducati (36)&quot;,&quot;alt&quot;:&quot;&quot;,&quot;caption&quot;:&quot;&quot;,&quot;itemprop&quot;:&quot;image&quot;},{&quot;src&quot;:&quot;https:\\\/\\\/i0.wp.com\\\/www.2-ruote.com\\\/IT\\\/wp-content\\\/uploads\\\/2017\\\/02\\\/2016-Motegi-Ducati-41.jpg?fit=1024%2C682\\u0026ssl=1&quot;,&quot;id&quot;:&quot;6889&quot;,&quot;title&quot;:&quot;2016 \\u0026#8211; Motegi \\u0026#8211; Ducati (41)&quot;,&quot;alt&quot;:&quot;&quot;,&quot;caption&quot;:&quot;&quot;,&quot;itemprop&quot;:&quot;image&quot;},{&quot;src&quot;:&quot;https:\\\/\\\/i2.wp.com\\\/www.2-ruote.com\\\/IT\\\/wp-content\\\/uploads\\\/2017\\\/02\\\/2016-Motegi-Ducati-14.jpg?fit=1024%2C682\\u0026ssl=1&quot;,&quot;id&quot;:&quot;6862&quot;,&quot;title&quot;:&quot;2016 \\u0026#8211; Motegi \\u0026#8211; Ducati (14)&quot;,&quot;alt&quot;:&quot;&quot;,&quot;caption&quot;:&quot;&quot;,&quot;itemprop&quot;:&quot;image&quot;},{&quot;src&quot;:&quot;https:\\\/\\\/i0.wp.com\\\/www.2-ruote.com\\\/IT\\\/wp-content\\\/uploads\\\/2017\\\/02\\\/2016-Motegi-Ducati-12.jpg?fit=1024%2C682\\u0026ssl=1&quot;,&quot;id&quot;:&quot;6860&quot;,&quot;title&quot;:&quot;2016 \\u0026#8211; Motegi \\u0026#8211; Ducati (12)&quot;,&quot;alt&quot;:&quot;&quot;,&quot;caption&quot;:&quot;&quot;,&quot;itemprop&quot;:&quot;image&quot;},{&quot;src&quot;:&quot;https:\\\/\\\/i2.wp.com\\\/www.2-ruote.com\\\/IT\\\/wp-content\\\/uploads\\\/2017\\\/02\\\/2016-Motegi-Ducati-11.jpg?fit=1024%2C682\\u0026ssl=1&quot;,&quot;id&quot;:&quot;6903&quot;,&quot;title&quot;:&quot;2016 \\u0026#8211; Motegi \\u0026#8211; Ducati (11)&quot;,&quot;alt&quot;:&quot;&quot;,&quot;caption&quot;:&quot;&quot;,&quot;itemprop&quot;:&quot;image&quot;},{&quot;src&quot;:&quot;https:\\\/\\\/i0.wp.com\\\/www.2-ruote.com\\\/IT\\\/wp-content\\\/uploads\\\/2017\\\/02\\\/2016-Motegi-Ducati-16.jpg?fit=1024%2C682\\u0026ssl=1&quot;,&quot;id&quot;:&quot;6864&quot;,&quot;title&quot;:&quot;2016 \\u0026#8211; Motegi \\u0026#8211; Ducati (16)&quot;,&quot;alt&quot;:&quot;&quot;,&quot;caption&quot;:&quot;&quot;,&quot;itemprop&quot;:&quot;image&quot;},{&quot;src&quot;:&quot;https:\\\/\\\/i0.wp.com\\\/www.2-ruote.com\\\/IT\\\/wp-content\\\/uploads\\\/2017\\\/02\\\/2016-Motegi-Ducati-27.jpg?fit=1024%2C682\\u0026ssl=1&quot;,&quot;id&quot;:&quot;6875&quot;,&quot;title&quot;:&quot;2016 \\u0026#8211; Motegi \\u0026#8211; Ducati (27)&quot;,&quot;alt&quot;:&quot;&quot;,&quot;caption&quot;:&quot;&quot;,&quot;itemprop&quot;:&quot;image&quot;},{&quot;src&quot;:&quot;https:\\\/\\\/i2.wp.com\\\/www.2-ruote.com\\\/IT\\\/wp-content\\\/uploads\\\/2017\\\/02\\\/2016-Motegi-Ducati-42.jpg?fit=1024%2C682\\u0026ssl=1&quot;,&quot;id&quot;:&quot;6890&quot;,&quot;title&quot;:&quot;2016 \\u0026#8211; Motegi \\u0026#8211; Ducati (42)&quot;,&quot;alt&quot;:&quot;&quot;,&quot;caption&quot;:&quot;&quot;,&quot;itemprop&quot;:&quot;image&quot;},{&quot;src&quot;:&quot;https:\\\/\\\/i0.wp.com\\\/www.2-ruote.com\\\/IT\\\/wp-content\\\/uploads\\\/2017\\\/02\\\/2016-Motegi-Ducati-3.jpg?fit=1024%2C682\\u0026ssl=1&quot;,&quot;id&quot;:&quot;6895&quot;,&quot;title&quot;:&quot;2016 \\u0026#8211; Motegi \\u0026#8211; Ducati (3)&quot;,&quot;alt&quot;:&quot;&quot;,&quot;caption&quot;:&quot;&quot;,&quot;itemprop&quot;:&quot;image&quot;},{&quot;src&quot;:&quot;https:\\\/\\\/i0.wp.com\\\/www.2-ruote.com\\\/IT\\\/wp-content\\\/uploads\\\/2017\\\/02\\\/2016-Motegi-Ducati-35.jpg?fit=1024%2C682\\u0026ssl=1&quot;,&quot;id&quot;:&quot;6883&quot;,&quot;title&quot;:&quot;2016 \\u0026#8211; Motegi \\u0026#8211; Ducati (35)&quot;,&quot;alt&quot;:&quot;&quot;,&quot;caption&quot;:&quot;&quot;,&quot;itemprop&quot;:&quot;image&quot;},{&quot;src&quot;:&quot;https:\\\/\\\/i0.wp.com\\\/www.2-ruote.com\\\/IT\\\/wp-content\\\/uploads\\\/2017\\\/02\\\/2016-Motegi-Ducati-4.jpg?fit=1024%2C682\\u0026ssl=1&quot;,&quot;id&quot;:&quot;6896&quot;,&quot;title&quot;:&quot;2016 \\u0026#8211; Motegi \\u0026#8211; Ducati (4)&quot;,&quot;alt&quot;:&quot;&quot;,&quot;caption&quot;:&quot;&quot;,&quot;itemprop&quot;:&quot;image&quot;},{&quot;src&quot;:&quot;https:\\\/\\\/i1.wp.com\\\/www.2-ruote.com\\\/IT\\\/wp-content\\\/uploads\\\/2017\\\/02\\\/2016-Motegi-Ducati-34.jpg?fit=1024%2C682\\u0026ssl=1&quot;,&quot;id&quot;:&quot;6882&quot;,&quot;title&quot;:&quot;2016 \\u0026#8211; Motegi \\u0026#8211; Ducati (34)&quot;,&quot;alt&quot;:&quot;&quot;,&quot;caption&quot;:&quot;&quot;,&quot;itemprop&quot;:&quot;image&quot;},{&quot;src&quot;:&quot;https:\\\/\\\/i0.wp.com\\\/www.2-ruote.com\\\/IT\\\/wp-content\\\/uploads\\\/2017\\\/02\\\/2016-Motegi-Ducati-5.jpg?fit=1024%2C682\\u0026ssl=1&quot;,&quot;id&quot;:&quot;6897&quot;,&quot;title&quot;:&quot;2016 \\u0026#8211; Motegi \\u0026#8211; Ducati (5)&quot;,&quot;alt&quot;:&quot;&quot;,&quot;caption&quot;:&quot;&quot;,&quot;itemprop&quot;:&quot;image&quot;},{&quot;src&quot;:&quot;https:\\\/\\\/i2.wp.com\\\/www.2-ruote.com\\\/IT\\\/wp-content\\\/uploads\\\/2017\\\/02\\\/2016-Motegi-Ducati-18.jpg?fit=1024%2C682\\u0026ssl=1&quot;,&quot;id&quot;:&quot;6866&quot;,&quot;title&quot;:&quot;2016 \\u0026#8211; Motegi \\u0026#8211; Ducati (18)&quot;,&quot;alt&quot;:&quot;&quot;,&quot;caption&quot;:&quot;&quot;,&quot;itemprop&quot;:&quot;image&quot;},{&quot;src&quot;:&quot;https:\\\/\\\/i0.wp.com\\\/www.2-ruote.com\\\/IT\\\/wp-content\\\/uploads\\\/2017\\\/02\\\/2016-Motegi-Ducati-30.jpg?fit=1024%2C682\\u0026ssl=1&quot;,&quot;id&quot;:&quot;6878&quot;,&quot;title&quot;:&quot;2016 \\u0026#8211; Motegi \\u0026#8211; Ducati (30)&quot;,&quot;alt&quot;:&quot;&quot;,&quot;caption&quot;:&quot;&quot;,&quot;itemprop&quot;:&quot;image&quot;},{&quot;src&quot;:&quot;https:\\\/\\\/i2.wp.com\\\/www.2-ruote.com\\\/IT\\\/wp-content\\\/uploads\\\/2017\\\/02\\\/2016-Motegi-Ducati-6.jpg?fit=1024%2C682\\u0026ssl=1&quot;,&quot;id&quot;:&quot;6898&quot;,&quot;title&quot;:&quot;2016 \\u0026#8211; Motegi \\u0026#8211; Ducati (6)&quot;,&quot;alt&quot;:&quot;&quot;,&quot;caption&quot;:&quot;&quot;,&quot;itemprop&quot;:&quot;image&quot;},{&quot;src&quot;:&quot;https:\\\/\\\/i1.wp.com\\\/www.2-ruote.com\\\/IT\\\/wp-content\\\/uploads\\\/2017\\\/02\\\/2016-Motegi-Ducati-39.jpg?fit=1024%2C682\\u0026ssl=1&quot;,&quot;id&quot;:&quot;6887&quot;,&quot;title&quot;:&quot;2016 \\u0026#8211; Motegi \\u0026#8211; Ducati (39)&quot;,&quot;alt&quot;:&quot;&quot;,&quot;caption&quot;:&quot;&quot;,&quot;itemprop&quot;:&quot;image&quot;},{&quot;src&quot;:&quot;https:\\\/\\\/i2.wp.com\\\/www.2-ruote.com\\\/IT\\\/wp-content\\\/uploads\\\/2017\\\/02\\\/2016-Motegi-Ducati-10.jpg?fit=1024%2C682\\u0026ssl=1&quot;,&quot;id&quot;:&quot;6902&quot;,&quot;title&quot;:&quot;2016 \\u0026#8211; Motegi \\u0026#8211; Ducati (10)&quot;,&quot;alt&quot;:&quot;&quot;,&quot;caption&quot;:&quot;&quot;,&quot;itemprop&quot;:&quot;image&quot;},{&quot;src&quot;:&quot;https:\\\/\\\/i2.wp.com\\\/www.2-ruote.com\\\/IT\\\/wp-content\\\/uploads\\\/2017\\\/02\\\/2016-Motegi-Ducati-19.jpg?fit=1024%2C682\\u0026ssl=1&quot;,&quot;id&quot;:&quot;6867&quot;,&quot;title&quot;:&quot;2016 \\u0026#8211; Motegi \\u0026#8211; Ducati (19)&quot;,&quot;alt&quot;:&quot;&quot;,&quot;caption&quot;:&quot;&quot;,&quot;itemprop&quot;:&quot;image&quot;}]\" itemscope itemtype=\"https:\/\/schema.org\/ImageGallery\"><\/div>\n<p><strong>Andrea Dovizioso ha ottenuto il secondo tempo nella classifica combinata delle due sessioni di prove libere disputate oggi sul circuito di Motegi. Con il crono di 1\u201945\u201d204, ottenuto all\u2019ultimo giro delle FP2 del pomeriggio, il pilota romagnolo si \u00e8 piazzato alle spalle di Jorge Lorenzo, leader provvisorio della giornata.<\/strong><\/p>\n<p>Quattordicesimo tempo per Hector Barbera, salito oggi per la prima volta sulla Desmosedici GP del Ducati Team in sostituzione di Andrea Iannone, ancora convalescente. Il pilota spagnolo ha ottenuto il suo miglior crono (1\u201946\u201d853) nelle FP1 del mattino e poi non \u00e8 riuscito a migliorare la sua prestazione nel pomeriggio.<\/p>\n<blockquote><p><strong>Andrea Dovizioso (Ducati Team #04) \u2013 1\u201945\u201d204 (2\u00b0)<\/strong><br \/>\n\u201cSono molto contento di come \u00e8 andata oggi, perch\u00e9 siamo partiti trovando subito una buona base per il resto del weekend. Oggi pomeriggio abbiamo utilizzato per le prime due uscite la gomma morbida gi\u00e0 usata nelle FP1 di questa mattina, confermando la nostra velocit\u00e0. Dobbiamo ancora lavorare su alcune rifiniture perch\u00e9 gestire l\u2019anteriore su questa pista, che ha frenate molto aggressive, non \u00e8 facile. Per il momento siamo in cinque o sei con un passo simile, e credo che ci sia ancora un certo margine di miglioramento. Bisogner\u00e0 vedere chi lavorer\u00e0 meglio domani, ma comunque sono davvero soddisfatto di questa mia prima giornata a Motegi.\u201d<\/p><\/blockquote>\n<p>&nbsp;<\/p>\n<blockquote><p><strong>Hector Barbera (Ducati Team #8) \u2013 1\u201946\u201d853 (14\u00b0)<\/strong><br \/>\n\u201cOggi \u00e8 stata una giornata molto speciale per me, perch\u00e9 sono salito per la prima volta sulla Desmosedici GP 2016, che guider\u00f2 il prossimo anno. All\u2019inizio mi sono trovato bene, ma quando ho iniziato a usare la gomma anteriore pi\u00f9 dura ho perso un po\u2019 di feeling e non sono pi\u00f9 riuscito a spingere forte. Abbiamo fatto diverse prove con il setting e verso la fine delle FP2 ho ritrovato il feeling, ma la cosa pi\u00f9 importante \u00e8 che mi trovo bene con la moto, che va veramente forte come ha dimostrato oggi Dovi. Noi comunque oggi abbiamo accumulato tante informazioni che ci consentiranno di lavorare bene domani.\u201d<\/p><\/blockquote>\n<div class=\"sharedaddy sd-sharing-enabled\"><div class=\"robots-nocontent sd-block sd-social sd-social-icon sd-sharing\"><h3 class=\"sd-title\">Condividi:<\/h3><div class=\"sd-content\"><ul><li class=\"share-facebook\"><a rel=\"nofollow noopener noreferrer\" data-shared=\"sharing-facebook-6856\" class=\"share-facebook sd-button share-icon no-text\" href=\"https:\/\/www.2-ruote.com\/IT\/?p=6856&amp;share=facebook\" target=\"_blank\" title=\"Fai clic per condividere su Facebook\"><span><\/span><span class=\"sharing-screen-reader-text\">Fai clic per condividere su Facebook (Si apre in una nuova finestra)<\/span><\/a><\/li><li class=\"share-twitter\"><a rel=\"nofollow noopener noreferrer\" data-shared=\"sharing-twitter-6856\" class=\"share-twitter sd-button share-icon no-text\" href=\"https:\/\/www.2-ruote.com\/IT\/?p=6856&amp;share=twitter\" target=\"_blank\" title=\"Fai clic qui per condividere su Twitter\"><span><\/span><span class=\"sharing-screen-reader-text\">Fai clic qui per condividere su Twitter (Si apre in una nuova finestra)<\/span><\/a><\/li><li class=\"share-pinterest\"><a rel=\"nofollow noopener noreferrer\" data-shared=\"sharing-pinterest-6856\" class=\"share-pinterest sd-button share-icon no-text\" href=\"https:\/\/www.2-ruote.com\/IT\/?p=6856&amp;share=pinterest\" target=\"_blank\" title=\"Fai clic qui per condividere su Pinterest\"><span><\/span><span class=\"sharing-screen-reader-text\">Fai clic qui per condividere su Pinterest (Si apre in una nuova finestra)<\/span><\/a><\/li><li class=\"share-whatsapp\"><a rel=\"nofollow noopener noreferrer\" data-shared=\"\" class=\"share-whatsapp sd-button share-icon no-text\" href=\"https:\/\/www.2-ruote.com\/IT\/?p=6856&amp;share=whatsapp\" target=\"_blank\" title=\"Clicca per condividere su WhatsApp\"><span><\/span><span class=\"sharing-screen-reader-text\">Clicca per condividere su WhatsApp (Si apre in una nuova finestra)<\/span><\/a><\/li><li class=\"share-linkedin\"><a rel=\"nofollow noopener noreferrer\" data-shared=\"sharing-linkedin-6856\" class=\"share-linkedin sd-button share-icon no-text\" href=\"https:\/\/www.2-ruote.com\/IT\/?p=6856&amp;share=linkedin\" target=\"_blank\" title=\"Fai clic qui per condividere su LinkedIn\"><span><\/span><span class=\"sharing-screen-reader-text\">Fai clic qui per condividere su LinkedIn (Si apre in una nuova finestra)<\/span><\/a><\/li><li class=\"share-tumblr\"><a rel=\"nofollow noopener noreferrer\" data-shared=\"\" class=\"share-tumblr sd-button share-icon no-text\" href=\"https:\/\/www.2-ruote.com\/IT\/?p=6856&amp;share=tumblr\" target=\"_blank\" title=\"Fai clic qui per condividere su Tumblr\"><span><\/span><span class=\"sharing-screen-reader-text\">Fai clic qui per condividere su Tumblr (Si apre in una nuova finestra)<\/span><\/a><\/li><li class=\"share-pocket\"><a rel=\"nofollow noopener noreferrer\" data-shared=\"\" class=\"share-pocket sd-button share-icon no-text\" href=\"https:\/\/www.2-ruote.com\/IT\/?p=6856&amp;share=pocket\" target=\"_blank\" title=\"Fai clic qui per condividere su Pocket\"><span><\/span><span class=\"sharing-screen-reader-text\">Fai clic qui per condividere su Pocket (Si apre in una nuova finestra)<\/span><\/a><\/li><li class=\"share-reddit\"><a rel=\"nofollow noopener noreferrer\" data-shared=\"\" class=\"share-reddit sd-button share-icon no-text\" href=\"https:\/\/www.2-ruote.com\/IT\/?p=6856&amp;share=reddit\" target=\"_blank\" title=\"Fai clic qui per condividere su Reddit\"><span><\/span><span class=\"sharing-screen-reader-text\">Fai clic qui per condividere su Reddit (Si apre in una nuova finestra)<\/span><\/a><\/li><li class=\"share-print\"><a rel=\"nofollow noopener noreferrer\" data-shared=\"\" class=\"share-print sd-button share-icon no-text\" href=\"https:\/\/www.2-ruote.com\/IT\/?p=6856\" target=\"_blank\" title=\"Fai clic qui per stampare\"><span><\/span><span class=\"sharing-screen-reader-text\">Fai clic qui per stampare (Si apre in una nuova finestra)<\/span><\/a><\/li><li class=\"share-end\"><\/li><\/ul><\/div><\/div><\/div>","protected":false},"excerpt":{"rendered":"<p>Andrea Dovizioso ha ottenuto il secondo tempo nella classifica combinata delle due sessioni di prove libere disputate oggi sul circuito&hellip;<\/p>\n<div class=\"sharedaddy sd-sharing-enabled\"><div class=\"robots-nocontent sd-block sd-social sd-social-icon sd-sharing\"><h3 class=\"sd-title\">Condividi:<\/h3><div class=\"sd-content\"><ul><li class=\"share-facebook\"><a rel=\"nofollow noopener noreferrer\" data-shared=\"sharing-facebook-6856\" class=\"share-facebook sd-button share-icon no-text\" href=\"https:\/\/www.2-ruote.com\/IT\/?p=6856&amp;share=facebook\" target=\"_blank\" title=\"Fai clic per condividere su Facebook\"><span><\/span><span class=\"sharing-screen-reader-text\">Fai clic per condividere su Facebook (Si apre in una nuova finestra)<\/span><\/a><\/li><li class=\"share-twitter\"><a rel=\"nofollow noopener noreferrer\" data-shared=\"sharing-twitter-6856\" class=\"share-twitter sd-button share-icon no-text\" href=\"https:\/\/www.2-ruote.com\/IT\/?p=6856&amp;share=twitter\" target=\"_blank\" title=\"Fai clic qui per condividere su Twitter\"><span><\/span><span class=\"sharing-screen-reader-text\">Fai clic qui per condividere su Twitter (Si apre in una nuova finestra)<\/span><\/a><\/li><li class=\"share-pinterest\"><a rel=\"nofollow noopener noreferrer\" data-shared=\"sharing-pinterest-6856\" class=\"share-pinterest sd-button share-icon no-text\" href=\"https:\/\/www.2-ruote.com\/IT\/?p=6856&amp;share=pinterest\" target=\"_blank\" title=\"Fai clic qui per condividere su Pinterest\"><span><\/span><span class=\"sharing-screen-reader-text\">Fai clic qui per condividere su Pinterest (Si apre in una nuova finestra)<\/span><\/a><\/li><li class=\"share-whatsapp\"><a rel=\"nofollow noopener noreferrer\" data-shared=\"\" class=\"share-whatsapp sd-button share-icon no-text\" href=\"https:\/\/www.2-ruote.com\/IT\/?p=6856&amp;share=whatsapp\" target=\"_blank\" title=\"Clicca per condividere su WhatsApp\"><span><\/span><span class=\"sharing-screen-reader-text\">Clicca per condividere su WhatsApp (Si apre in una nuova finestra)<\/span><\/a><\/li><li class=\"share-linkedin\"><a rel=\"nofollow noopener noreferrer\" data-shared=\"sharing-linkedin-6856\" class=\"share-linkedin sd-button share-icon no-text\" href=\"https:\/\/www.2-ruote.com\/IT\/?p=6856&amp;share=linkedin\" target=\"_blank\" title=\"Fai clic qui per condividere su LinkedIn\"><span><\/span><span class=\"sharing-screen-reader-text\">Fai clic qui per condividere su LinkedIn (Si apre in una nuova finestra)<\/span><\/a><\/li><li class=\"share-tumblr\"><a rel=\"nofollow noopener noreferrer\" data-shared=\"\" class=\"share-tumblr sd-button share-icon no-text\" href=\"https:\/\/www.2-ruote.com\/IT\/?p=6856&amp;share=tumblr\" target=\"_blank\" title=\"Fai clic qui per condividere su Tumblr\"><span><\/span><span class=\"sharing-screen-reader-text\">Fai clic qui per condividere su Tumblr (Si apre in una nuova finestra)<\/span><\/a><\/li><li class=\"share-pocket\"><a rel=\"nofollow noopener noreferrer\" data-shared=\"\" class=\"share-pocket sd-button share-icon no-text\" href=\"https:\/\/www.2-ruote.com\/IT\/?p=6856&amp;share=pocket\" target=\"_blank\" title=\"Fai clic qui per condividere su Pocket\"><span><\/span><span class=\"sharing-screen-reader-text\">Fai clic qui per condividere su Pocket (Si apre in una nuova finestra)<\/span><\/a><\/li><li class=\"share-reddit\"><a rel=\"nofollow noopener noreferrer\" data-shared=\"\" class=\"share-reddit sd-button share-icon no-text\" href=\"https:\/\/www.2-ruote.com\/IT\/?p=6856&amp;share=reddit\" target=\"_blank\" title=\"Fai clic qui per condividere su Reddit\"><span><\/span><span class=\"sharing-screen-reader-text\">Fai clic qui per condividere su Reddit (Si apre in una nuova finestra)<\/span><\/a><\/li><li class=\"share-print\"><a rel=\"nofollow noopener noreferrer\" data-shared=\"\" class=\"share-print sd-button share-icon no-text\" href=\"https:\/\/www.2-ruote.com\/IT\/?p=6856\" target=\"_blank\" title=\"Fai clic qui per stampare\"><span><\/span><span class=\"sharing-screen-reader-text\">Fai clic qui per stampare (Si apre in una nuova finestra)<\/span><\/a><\/li><li class=\"share-end\"><\/li><\/ul><\/div><\/div><\/div>","protected":false},"author":1,"featured_media":6900,"comment_status":"open","ping_status":"open","sticky":false,"template":"","format":"standard","meta":{"_mi_skip_tracking":false,"_monsterinsights_sitenote_active":false,"_monsterinsights_sitenote_note":"","_monsterinsights_sitenote_category":0,"spay_email":"","jetpack_publicize_message":"","jetpack_is_tweetstorm":false},"categories":[10,3],"tags":[21,53],"aioseo_notices":[],"jetpack_featured_media_url":"https:\/\/i1.wp.com\/www.2-ruote.com\/IT\/wp-content\/uploads\/2017\/02\/2016-Motegi-Ducati-8.jpg?fit=2000%2C1333&ssl=1","jetpack_publicize_connections":[],"jetpack_sharing_enabled":true,"jetpack_shortlink":"https:\/\/wp.me\/p6TDfQ-1MA","jetpack-related-posts":[{"id":6857,"url":"https:\/\/www.2-ruote.com\/IT\/?p=6857","url_meta":{"origin":6856,"position":0},"title":"GP del Giappone. Andrea Dovizioso e Hector Barbera chiudono rispettivamente al quarto e all\u2019ottavo posto le qualifiche sul circuito di Motegi","date":"15 Ottobre 2016","format":false,"excerpt":"Andrea Dovizioso ha ottenuto il quarto tempo nella sessione di qualifica del GP del Giappone, in programma domani su circuito di Motegi. Il pilota italiano del Ducati Team ha fatto segnare il crono di 1\u201944\u201d294 e ha mancato la prima fila per pochi centesimi di secondo. Hector Barbera, in sella\u2026","rel":"","context":"In &quot;Ducati Corse&quot;","img":{"alt_text":"","src":"https:\/\/i2.wp.com\/www.2-ruote.com\/IT\/wp-content\/uploads\/2017\/02\/2016-Motegi-Ducati-43.jpg?fit=1200%2C800&ssl=1&resize=350%2C200","width":350,"height":200},"classes":[]},{"id":6858,"url":"https:\/\/www.2-ruote.com\/IT\/?p=6858","url_meta":{"origin":6856,"position":1},"title":"Andrea Dovizioso sale sul podio a Motegi, grazie all\u2019ottimo secondo posto ottenuto nel GP del Giappone. Hector Barbera cade al nono giro e poi chiude la gara in diciassettesima posizione","date":"16 Ottobre 2016","format":false,"excerpt":"Grande prestazione di Andrea Dovizioso a Motegi. Il pilota del Ducati Team ha ottenuto un ottimo podio nel GP del Giappone grazie al secondo posto ottenuto nella gara di oggi. Dovizioso, che partiva dalla seconda fila, \u00e8 scattato bene al via ma ha perso alcune posizioni alla prima curva ed\u2026","rel":"","context":"In &quot;Ducati Corse&quot;","img":{"alt_text":"","src":"https:\/\/i2.wp.com\/www.2-ruote.com\/IT\/wp-content\/uploads\/2017\/02\/2016-Motegi-Ducati-1.jpg?fit=1200%2C800&ssl=1&resize=350%2C200","width":350,"height":200},"classes":[]},{"id":6911,"url":"https:\/\/www.2-ruote.com\/IT\/?p=6911","url_meta":{"origin":6856,"position":2},"title":"Andrea Dovizioso e Hector Barbera di nuovo compagni di squadra nel Ducati Team per il GP di Australia a Phillip Island","date":"18 Ottobre 2016","format":false,"excerpt":"Archiviato da pochi giorni il GP del Giappone, il Ducati Team \u00e8 gi\u00e0 arrivato in Australia sul circuito di Phillip Island, sede del sedicesimo round del Campionato Mondiale MotoGP e secondo appuntamento dell'impegnativa serie di tre gare extra-europee di fine stagione. Reduce da un ottimo secondo posto a Motegi, a\u2026","rel":"","context":"In &quot;Ducati Corse&quot;","img":{"alt_text":"","src":"https:\/\/i2.wp.com\/www.2-ruote.com\/IT\/wp-content\/uploads\/2017\/02\/2016-Phillip-Island-Ducati-31.jpg?fit=1200%2C800&ssl=1&resize=350%2C200","width":350,"height":200},"classes":[]},{"id":6908,"url":"https:\/\/www.2-ruote.com\/IT\/?p=6908","url_meta":{"origin":6856,"position":3},"title":"La pioggia condiziona le prove del GP di Australia","date":"21 Ottobre 2016","format":false,"excerpt":"Andrea Dovizioso chiude al quinto posto la prima giornata a Phillip Island, mentre Hector Barbera termina in diciottesima posizione. La pioggia battente ed un freddo quasi invernale sono stati i protagonisti della prima giornata di prove sul circuito di Phillip Island. Andrea Dovizioso ha ottenuto il quinto miglior crono all\u2019undicesimo\u2026","rel":"","context":"In &quot;Ducati Corse&quot;","img":{"alt_text":"","src":"https:\/\/i1.wp.com\/www.2-ruote.com\/IT\/wp-content\/uploads\/2017\/02\/2016-Phillip-Island-Ducati-5.jpg?fit=1200%2C800&ssl=1&resize=350%2C200","width":350,"height":200},"classes":[]},{"id":6859,"url":"https:\/\/www.2-ruote.com\/IT\/?p=6859","url_meta":{"origin":6856,"position":4},"title":"GP del Giappone: il Ducati Team schiera Hector Barbera insieme ad Andrea Dovizioso a Motegi","date":"13 Ottobre 2016","format":false,"excerpt":"Il Ducati Team \u00e8 a Motegi per il Gran Premio del Giappone, quartultimo appuntamento del Campionato Mondiale MotoGP 2016 e prima tappa dell\u2019impegnativa serie di tre gare extra-europee consecutive di fine stagione, che proseguir\u00e0 nei weekend successivi con altri due round in Australia e in Malesia. La squadra italiana scender\u00e0\u2026","rel":"","context":"In &quot;Ducati Corse&quot;","img":{"alt_text":"","src":"https:\/\/i2.wp.com\/www.2-ruote.com\/IT\/wp-content\/uploads\/2017\/02\/2016-Motegi-Ducati-11.jpg?fit=1200%2C800&ssl=1&resize=350%2C200","width":350,"height":200},"classes":[]},{"id":6909,"url":"https:\/\/www.2-ruote.com\/IT\/?p=6909","url_meta":{"origin":6856,"position":5},"title":"GP di Australia: Andrea Dovizioso e Hector Barbera si qualificano rispettivamente in nona e decima posizione a Phillip Island, in una giornata condizionata dal meteo","date":"22 Ottobre 2016","format":false,"excerpt":"Anche oggi il meteo imprevedibile ha condizionato le prove e le qualifiche sul circuito di Phillip Island. Con una temperatura dell\u2019aria costante intorno ai 12\u00b0C \u00e8 stata la pioggia intermittente, unita a folate di vento freddo accompagnate da veri e propri acquazzoni, a mettere in difficolt\u00e0 i piloti e le\u2026","rel":"","context":"In &quot;Ducati Corse&quot;","img":{"alt_text":"","src":"https:\/\/i2.wp.com\/www.2-ruote.com\/IT\/wp-content\/uploads\/2017\/02\/2016-Phillip-Island-Ducati-27.jpg?fit=1200%2C800&ssl=1&resize=350%2C200","width":350,"height":200},"classes":[]}],"jetpack_likes_enabled":true,"_links":{"self":[{"href":"https:\/\/www.2-ruote.com\/IT\/index.php?rest_route=\/wp\/v2\/posts\/6856"}],"collection":[{"href":"https:\/\/www.2-ruote.com\/IT\/index.php?rest_route=\/wp\/v2\/posts"}],"about":[{"href":"https:\/\/www.2-ruote.com\/IT\/index.php?rest_route=\/wp\/v2\/types\/post"}],"author":[{"embeddable":true,"href":"https:\/\/www.2-ruote.com\/IT\/index.php?rest_route=\/wp\/v2\/users\/1"}],"replies":[{"embeddable":true,"href":"https:\/\/www.2-ruote.com\/IT\/index.php?rest_route=%2Fwp%2Fv2%2Fcomments&post=6856"}],"version-history":[{"count":1,"href":"https:\/\/www.2-ruote.com\/IT\/index.php?rest_route=\/wp\/v2\/posts\/6856\/revisions"}],"predecessor-version":[{"id":6906,"href":"https:\/\/www.2-ruote.com\/IT\/index.php?rest_route=\/wp\/v2\/posts\/6856\/revisions\/6906"}],"wp:featuredmedia":[{"embeddable":true,"href":"https:\/\/www.2-ruote.com\/IT\/index.php?rest_route=\/wp\/v2\/media\/6900"}],"wp:attachment":[{"href":"https:\/\/www.2-ruote.com\/IT\/index.php?rest_route=%2Fwp%2Fv2%2Fmedia&parent=6856"}],"wp:term":[{"taxonomy":"category","embeddable":true,"href":"https:\/\/www.2-ruote.com\/IT\/index.php?rest_route=%2Fwp%2Fv2%2Fcategories&post=6856"},{"taxonomy":"post_tag","embeddable":true,"href":"https:\/\/www.2-ruote.com\/IT\/index.php?rest_route=%2Fwp%2Fv2%2Ftags&post=6856"}],"curies":[{"name":"wp","href":"https:\/\/api.w.org\/{rel}","templated":true}]}}