{"id":6966,"date":"2016-11-10T15:37:44","date_gmt":"2016-11-10T14:37:44","guid":{"rendered":"http:\/\/www.2-ruote.com\/IT\/?p=6966"},"modified":"2017-02-03T16:05:01","modified_gmt":"2017-02-03T15:05:01","slug":"gp-de-la-comunitat-valenciana-il-ducati-team-conclude-la-stagione-2016-sul-circuito-ricardo-tormo","status":"publish","type":"post","link":"https:\/\/www.2-ruote.com\/IT\/?p=6966","title":{"rendered":"GP de la Comunitat Valenciana: il Ducati Team conclude la stagione 2016 sul circuito Ricardo Tormo"},"content":{"rendered":"<p class=\"jetpack-slideshow-noscript robots-nocontent\">Questo slideshow richiede JavaScript.<\/p><div id=\"gallery-6966-1-slideshow\" class=\"slideshow-window jetpack-slideshow slideshow-black\" data-trans=\"fade\" data-autostart=\"1\" data-gallery=\"[{&quot;src&quot;:&quot;https:\\\/\\\/i0.wp.com\\\/www.2-ruote.com\\\/IT\\\/wp-content\\\/uploads\\\/2017\\\/02\\\/2016-Valencia-Ducati-1.jpg?fit=1024%2C682\\u0026ssl=1&quot;,&quot;id&quot;:&quot;7046&quot;,&quot;title&quot;:&quot;2016 \\u0026#8211; Valencia \\u0026#8211; Ducati (1)&quot;,&quot;alt&quot;:&quot;&quot;,&quot;caption&quot;:&quot;&quot;,&quot;itemprop&quot;:&quot;image&quot;},{&quot;src&quot;:&quot;https:\\\/\\\/i0.wp.com\\\/www.2-ruote.com\\\/IT\\\/wp-content\\\/uploads\\\/2017\\\/02\\\/2016-Valencia-Ducati-28.jpg?fit=1024%2C682\\u0026ssl=1&quot;,&quot;id&quot;:&quot;7031&quot;,&quot;title&quot;:&quot;2016 \\u0026#8211; Valencia \\u0026#8211; Ducati (28)&quot;,&quot;alt&quot;:&quot;&quot;,&quot;caption&quot;:&quot;&quot;,&quot;itemprop&quot;:&quot;image&quot;},{&quot;src&quot;:&quot;https:\\\/\\\/i1.wp.com\\\/www.2-ruote.com\\\/IT\\\/wp-content\\\/uploads\\\/2017\\\/02\\\/2016-Valencia-Ducati-24.jpg?fit=1024%2C682\\u0026ssl=1&quot;,&quot;id&quot;:&quot;7027&quot;,&quot;title&quot;:&quot;2016 \\u0026#8211; Valencia \\u0026#8211; Ducati (24)&quot;,&quot;alt&quot;:&quot;&quot;,&quot;caption&quot;:&quot;&quot;,&quot;itemprop&quot;:&quot;image&quot;},{&quot;src&quot;:&quot;https:\\\/\\\/i2.wp.com\\\/www.2-ruote.com\\\/IT\\\/wp-content\\\/uploads\\\/2017\\\/02\\\/2016-Valencia-Ducati-7.jpg?fit=1024%2C682\\u0026ssl=1&quot;,&quot;id&quot;:&quot;7052&quot;,&quot;title&quot;:&quot;2016 \\u0026#8211; Valencia \\u0026#8211; Ducati (7)&quot;,&quot;alt&quot;:&quot;&quot;,&quot;caption&quot;:&quot;&quot;,&quot;itemprop&quot;:&quot;image&quot;},{&quot;src&quot;:&quot;https:\\\/\\\/i0.wp.com\\\/www.2-ruote.com\\\/IT\\\/wp-content\\\/uploads\\\/2017\\\/02\\\/2016-Valencia-Ducati-22.jpg?fit=1024%2C682\\u0026ssl=1&quot;,&quot;id&quot;:&quot;7025&quot;,&quot;title&quot;:&quot;2016 \\u0026#8211; Valencia \\u0026#8211; Ducati (22)&quot;,&quot;alt&quot;:&quot;&quot;,&quot;caption&quot;:&quot;&quot;,&quot;itemprop&quot;:&quot;image&quot;},{&quot;src&quot;:&quot;https:\\\/\\\/i0.wp.com\\\/www.2-ruote.com\\\/IT\\\/wp-content\\\/uploads\\\/2017\\\/02\\\/2016-Valencia-Ducati-11.jpg?fit=1024%2C682\\u0026ssl=1&quot;,&quot;id&quot;:&quot;7012&quot;,&quot;title&quot;:&quot;2016 \\u0026#8211; Valencia \\u0026#8211; Ducati (11)&quot;,&quot;alt&quot;:&quot;&quot;,&quot;caption&quot;:&quot;&quot;,&quot;itemprop&quot;:&quot;image&quot;},{&quot;src&quot;:&quot;https:\\\/\\\/i0.wp.com\\\/www.2-ruote.com\\\/IT\\\/wp-content\\\/uploads\\\/2017\\\/02\\\/2016-Valencia-Ducati-12.jpg?fit=1024%2C682\\u0026ssl=1&quot;,&quot;id&quot;:&quot;7013&quot;,&quot;title&quot;:&quot;2016 \\u0026#8211; Valencia \\u0026#8211; Ducati (12)&quot;,&quot;alt&quot;:&quot;&quot;,&quot;caption&quot;:&quot;&quot;,&quot;itemprop&quot;:&quot;image&quot;},{&quot;src&quot;:&quot;https:\\\/\\\/i0.wp.com\\\/www.2-ruote.com\\\/IT\\\/wp-content\\\/uploads\\\/2017\\\/02\\\/2016-Valencia-Ducati-38.jpg?fit=1024%2C682\\u0026ssl=1&quot;,&quot;id&quot;:&quot;7041&quot;,&quot;title&quot;:&quot;2016 \\u0026#8211; Valencia \\u0026#8211; Ducati (38)&quot;,&quot;alt&quot;:&quot;&quot;,&quot;caption&quot;:&quot;&quot;,&quot;itemprop&quot;:&quot;image&quot;},{&quot;src&quot;:&quot;https:\\\/\\\/i2.wp.com\\\/www.2-ruote.com\\\/IT\\\/wp-content\\\/uploads\\\/2017\\\/02\\\/2016-Valencia-Ducati-42.jpg?fit=1024%2C682\\u0026ssl=1&quot;,&quot;id&quot;:&quot;7045&quot;,&quot;title&quot;:&quot;2016 \\u0026#8211; Valencia \\u0026#8211; Ducati (42)&quot;,&quot;alt&quot;:&quot;&quot;,&quot;caption&quot;:&quot;&quot;,&quot;itemprop&quot;:&quot;image&quot;},{&quot;src&quot;:&quot;https:\\\/\\\/i0.wp.com\\\/www.2-ruote.com\\\/IT\\\/wp-content\\\/uploads\\\/2017\\\/02\\\/2016-Valencia-Ducati-5.jpg?fit=1024%2C682\\u0026ssl=1&quot;,&quot;id&quot;:&quot;7050&quot;,&quot;title&quot;:&quot;2016 \\u0026#8211; Valencia \\u0026#8211; Ducati (5)&quot;,&quot;alt&quot;:&quot;&quot;,&quot;caption&quot;:&quot;&quot;,&quot;itemprop&quot;:&quot;image&quot;},{&quot;src&quot;:&quot;https:\\\/\\\/i1.wp.com\\\/www.2-ruote.com\\\/IT\\\/wp-content\\\/uploads\\\/2017\\\/02\\\/2016-Valencia-Ducati-13.jpg?fit=1024%2C682\\u0026ssl=1&quot;,&quot;id&quot;:&quot;7014&quot;,&quot;title&quot;:&quot;2016 \\u0026#8211; Valencia \\u0026#8211; Ducati (13)&quot;,&quot;alt&quot;:&quot;&quot;,&quot;caption&quot;:&quot;&quot;,&quot;itemprop&quot;:&quot;image&quot;},{&quot;src&quot;:&quot;https:\\\/\\\/i0.wp.com\\\/www.2-ruote.com\\\/IT\\\/wp-content\\\/uploads\\\/2017\\\/02\\\/2016-Valencia-Ducati-16.jpg?fit=1024%2C682\\u0026ssl=1&quot;,&quot;id&quot;:&quot;7018&quot;,&quot;title&quot;:&quot;2016 \\u0026#8211; Valencia \\u0026#8211; Ducati (16)&quot;,&quot;alt&quot;:&quot;&quot;,&quot;caption&quot;:&quot;&quot;,&quot;itemprop&quot;:&quot;image&quot;},{&quot;src&quot;:&quot;https:\\\/\\\/i0.wp.com\\\/www.2-ruote.com\\\/IT\\\/wp-content\\\/uploads\\\/2017\\\/02\\\/2016-Valencia-Ducati-31.jpg?fit=1024%2C682\\u0026ssl=1&quot;,&quot;id&quot;:&quot;7034&quot;,&quot;title&quot;:&quot;2016 \\u0026#8211; Valencia \\u0026#8211; Ducati (31)&quot;,&quot;alt&quot;:&quot;&quot;,&quot;caption&quot;:&quot;&quot;,&quot;itemprop&quot;:&quot;image&quot;},{&quot;src&quot;:&quot;https:\\\/\\\/i0.wp.com\\\/www.2-ruote.com\\\/IT\\\/wp-content\\\/uploads\\\/2017\\\/02\\\/2016-Valencia-Ducati-20.jpg?fit=1024%2C682\\u0026ssl=1&quot;,&quot;id&quot;:&quot;7023&quot;,&quot;title&quot;:&quot;2016 \\u0026#8211; Valencia \\u0026#8211; Ducati (20)&quot;,&quot;alt&quot;:&quot;&quot;,&quot;caption&quot;:&quot;&quot;,&quot;itemprop&quot;:&quot;image&quot;},{&quot;src&quot;:&quot;https:\\\/\\\/i0.wp.com\\\/www.2-ruote.com\\\/IT\\\/wp-content\\\/uploads\\\/2017\\\/02\\\/2016-Valencia-Ducati-8.jpg?fit=1024%2C682\\u0026ssl=1&quot;,&quot;id&quot;:&quot;7053&quot;,&quot;title&quot;:&quot;2016 \\u0026#8211; Valencia \\u0026#8211; Ducati (8)&quot;,&quot;alt&quot;:&quot;&quot;,&quot;caption&quot;:&quot;&quot;,&quot;itemprop&quot;:&quot;image&quot;},{&quot;src&quot;:&quot;https:\\\/\\\/i0.wp.com\\\/www.2-ruote.com\\\/IT\\\/wp-content\\\/uploads\\\/2017\\\/02\\\/2016-Valencia-Ducati-6.jpg?fit=1024%2C682\\u0026ssl=1&quot;,&quot;id&quot;:&quot;7051&quot;,&quot;title&quot;:&quot;2016 \\u0026#8211; Valencia \\u0026#8211; Ducati (6)&quot;,&quot;alt&quot;:&quot;&quot;,&quot;caption&quot;:&quot;&quot;,&quot;itemprop&quot;:&quot;image&quot;},{&quot;src&quot;:&quot;https:\\\/\\\/i0.wp.com\\\/www.2-ruote.com\\\/IT\\\/wp-content\\\/uploads\\\/2017\\\/02\\\/2016-Valencia-Ducati-27.jpg?fit=1024%2C682\\u0026ssl=1&quot;,&quot;id&quot;:&quot;7030&quot;,&quot;title&quot;:&quot;2016 \\u0026#8211; Valencia \\u0026#8211; Ducati (27)&quot;,&quot;alt&quot;:&quot;&quot;,&quot;caption&quot;:&quot;&quot;,&quot;itemprop&quot;:&quot;image&quot;},{&quot;src&quot;:&quot;https:\\\/\\\/i2.wp.com\\\/www.2-ruote.com\\\/IT\\\/wp-content\\\/uploads\\\/2017\\\/02\\\/2016-Valencia-Ducati-39.jpg?fit=1024%2C682\\u0026ssl=1&quot;,&quot;id&quot;:&quot;7042&quot;,&quot;title&quot;:&quot;2016 \\u0026#8211; Valencia \\u0026#8211; Ducati (39)&quot;,&quot;alt&quot;:&quot;&quot;,&quot;caption&quot;:&quot;&quot;,&quot;itemprop&quot;:&quot;image&quot;},{&quot;src&quot;:&quot;https:\\\/\\\/i2.wp.com\\\/www.2-ruote.com\\\/IT\\\/wp-content\\\/uploads\\\/2017\\\/02\\\/2016-Valencia-Ducati-36.jpg?fit=1024%2C682\\u0026ssl=1&quot;,&quot;id&quot;:&quot;7039&quot;,&quot;title&quot;:&quot;2016 \\u0026#8211; Valencia \\u0026#8211; Ducati (36)&quot;,&quot;alt&quot;:&quot;&quot;,&quot;caption&quot;:&quot;&quot;,&quot;itemprop&quot;:&quot;image&quot;},{&quot;src&quot;:&quot;https:\\\/\\\/i2.wp.com\\\/www.2-ruote.com\\\/IT\\\/wp-content\\\/uploads\\\/2017\\\/02\\\/2016-Valencia-Ducati-23.jpg?fit=1024%2C682\\u0026ssl=1&quot;,&quot;id&quot;:&quot;7026&quot;,&quot;title&quot;:&quot;2016 \\u0026#8211; Valencia \\u0026#8211; Ducati (23)&quot;,&quot;alt&quot;:&quot;&quot;,&quot;caption&quot;:&quot;&quot;,&quot;itemprop&quot;:&quot;image&quot;},{&quot;src&quot;:&quot;https:\\\/\\\/i0.wp.com\\\/www.2-ruote.com\\\/IT\\\/wp-content\\\/uploads\\\/2017\\\/02\\\/2016-Valencia-Ducati-17.jpg?fit=1024%2C682\\u0026ssl=1&quot;,&quot;id&quot;:&quot;7019&quot;,&quot;title&quot;:&quot;2016 \\u0026#8211; Valencia \\u0026#8211; Ducati (17)&quot;,&quot;alt&quot;:&quot;&quot;,&quot;caption&quot;:&quot;&quot;,&quot;itemprop&quot;:&quot;image&quot;},{&quot;src&quot;:&quot;https:\\\/\\\/i1.wp.com\\\/www.2-ruote.com\\\/IT\\\/wp-content\\\/uploads\\\/2017\\\/02\\\/2016-Valencia-Ducati-2.jpg?fit=1024%2C683\\u0026ssl=1&quot;,&quot;id&quot;:&quot;7047&quot;,&quot;title&quot;:&quot;2016 \\u0026#8211; Valencia \\u0026#8211; Ducati (2)&quot;,&quot;alt&quot;:&quot;&quot;,&quot;caption&quot;:&quot;&quot;,&quot;itemprop&quot;:&quot;image&quot;},{&quot;src&quot;:&quot;https:\\\/\\\/i2.wp.com\\\/www.2-ruote.com\\\/IT\\\/wp-content\\\/uploads\\\/2017\\\/02\\\/2016-Valencia-Ducati-33.jpg?fit=1024%2C682\\u0026ssl=1&quot;,&quot;id&quot;:&quot;7036&quot;,&quot;title&quot;:&quot;2016 \\u0026#8211; Valencia \\u0026#8211; Ducati (33)&quot;,&quot;alt&quot;:&quot;&quot;,&quot;caption&quot;:&quot;&quot;,&quot;itemprop&quot;:&quot;image&quot;},{&quot;src&quot;:&quot;https:\\\/\\\/i0.wp.com\\\/www.2-ruote.com\\\/IT\\\/wp-content\\\/uploads\\\/2017\\\/02\\\/2016-Valencia-Ducati-9.jpg?fit=1024%2C682\\u0026ssl=1&quot;,&quot;id&quot;:&quot;7010&quot;,&quot;title&quot;:&quot;2016 \\u0026#8211; Valencia \\u0026#8211; Ducati (9)&quot;,&quot;alt&quot;:&quot;&quot;,&quot;caption&quot;:&quot;&quot;,&quot;itemprop&quot;:&quot;image&quot;},{&quot;src&quot;:&quot;https:\\\/\\\/i0.wp.com\\\/www.2-ruote.com\\\/IT\\\/wp-content\\\/uploads\\\/2017\\\/02\\\/2016-Valencia-Ducati-32.jpg?fit=1024%2C682\\u0026ssl=1&quot;,&quot;id&quot;:&quot;7035&quot;,&quot;title&quot;:&quot;2016 \\u0026#8211; Valencia \\u0026#8211; Ducati (32)&quot;,&quot;alt&quot;:&quot;&quot;,&quot;caption&quot;:&quot;&quot;,&quot;itemprop&quot;:&quot;image&quot;},{&quot;src&quot;:&quot;https:\\\/\\\/i2.wp.com\\\/www.2-ruote.com\\\/IT\\\/wp-content\\\/uploads\\\/2017\\\/02\\\/2016-Valencia-Ducati-37.jpg?fit=1024%2C682\\u0026ssl=1&quot;,&quot;id&quot;:&quot;7040&quot;,&quot;title&quot;:&quot;2016 \\u0026#8211; Valencia \\u0026#8211; Ducati (37)&quot;,&quot;alt&quot;:&quot;&quot;,&quot;caption&quot;:&quot;&quot;,&quot;itemprop&quot;:&quot;image&quot;},{&quot;src&quot;:&quot;https:\\\/\\\/i2.wp.com\\\/www.2-ruote.com\\\/IT\\\/wp-content\\\/uploads\\\/2017\\\/02\\\/2016-Valencia-Ducati-14.jpg?fit=1024%2C682\\u0026ssl=1&quot;,&quot;id&quot;:&quot;7015&quot;,&quot;title&quot;:&quot;2016 \\u0026#8211; Valencia \\u0026#8211; Ducati (14)&quot;,&quot;alt&quot;:&quot;&quot;,&quot;caption&quot;:&quot;&quot;,&quot;itemprop&quot;:&quot;image&quot;},{&quot;src&quot;:&quot;https:\\\/\\\/i1.wp.com\\\/www.2-ruote.com\\\/IT\\\/wp-content\\\/uploads\\\/2017\\\/02\\\/2016-Valencia-Ducati-3.jpg?fit=1024%2C682\\u0026ssl=1&quot;,&quot;id&quot;:&quot;7048&quot;,&quot;title&quot;:&quot;2016 \\u0026#8211; Valencia \\u0026#8211; Ducati (3)&quot;,&quot;alt&quot;:&quot;&quot;,&quot;caption&quot;:&quot;&quot;,&quot;itemprop&quot;:&quot;image&quot;},{&quot;src&quot;:&quot;https:\\\/\\\/i1.wp.com\\\/www.2-ruote.com\\\/IT\\\/wp-content\\\/uploads\\\/2017\\\/02\\\/2016-Valencia-Ducati-19.jpg?fit=1024%2C682\\u0026ssl=1&quot;,&quot;id&quot;:&quot;7021&quot;,&quot;title&quot;:&quot;2016 \\u0026#8211; Valencia \\u0026#8211; Ducati (19)&quot;,&quot;alt&quot;:&quot;&quot;,&quot;caption&quot;:&quot;&quot;,&quot;itemprop&quot;:&quot;image&quot;},{&quot;src&quot;:&quot;https:\\\/\\\/i2.wp.com\\\/www.2-ruote.com\\\/IT\\\/wp-content\\\/uploads\\\/2017\\\/02\\\/2016-Valencia-Ducati-10.jpg?fit=1024%2C682\\u0026ssl=1&quot;,&quot;id&quot;:&quot;7011&quot;,&quot;title&quot;:&quot;2016 \\u0026#8211; Valencia \\u0026#8211; Ducati (10)&quot;,&quot;alt&quot;:&quot;&quot;,&quot;caption&quot;:&quot;&quot;,&quot;itemprop&quot;:&quot;image&quot;},{&quot;src&quot;:&quot;https:\\\/\\\/i0.wp.com\\\/www.2-ruote.com\\\/IT\\\/wp-content\\\/uploads\\\/2017\\\/02\\\/2016-Valencia-Ducati-25.jpg?fit=1024%2C682\\u0026ssl=1&quot;,&quot;id&quot;:&quot;7028&quot;,&quot;title&quot;:&quot;2016 \\u0026#8211; Valencia \\u0026#8211; Ducati (25)&quot;,&quot;alt&quot;:&quot;&quot;,&quot;caption&quot;:&quot;&quot;,&quot;itemprop&quot;:&quot;image&quot;},{&quot;src&quot;:&quot;https:\\\/\\\/i2.wp.com\\\/www.2-ruote.com\\\/IT\\\/wp-content\\\/uploads\\\/2017\\\/02\\\/2016-Valencia-Ducati-35.jpg?fit=1024%2C682\\u0026ssl=1&quot;,&quot;id&quot;:&quot;7038&quot;,&quot;title&quot;:&quot;2016 \\u0026#8211; Valencia \\u0026#8211; Ducati (35)&quot;,&quot;alt&quot;:&quot;&quot;,&quot;caption&quot;:&quot;&quot;,&quot;itemprop&quot;:&quot;image&quot;},{&quot;src&quot;:&quot;https:\\\/\\\/i2.wp.com\\\/www.2-ruote.com\\\/IT\\\/wp-content\\\/uploads\\\/2017\\\/02\\\/2016-Valencia-Ducati-30.jpg?fit=1024%2C682\\u0026ssl=1&quot;,&quot;id&quot;:&quot;7033&quot;,&quot;title&quot;:&quot;2016 \\u0026#8211; Valencia \\u0026#8211; Ducati (30)&quot;,&quot;alt&quot;:&quot;&quot;,&quot;caption&quot;:&quot;&quot;,&quot;itemprop&quot;:&quot;image&quot;},{&quot;src&quot;:&quot;https:\\\/\\\/i0.wp.com\\\/www.2-ruote.com\\\/IT\\\/wp-content\\\/uploads\\\/2017\\\/02\\\/2016-Valencia-Ducati-40.jpg?fit=1024%2C682\\u0026ssl=1&quot;,&quot;id&quot;:&quot;7043&quot;,&quot;title&quot;:&quot;2016 \\u0026#8211; Valencia \\u0026#8211; Ducati (40)&quot;,&quot;alt&quot;:&quot;&quot;,&quot;caption&quot;:&quot;&quot;,&quot;itemprop&quot;:&quot;image&quot;},{&quot;src&quot;:&quot;https:\\\/\\\/i2.wp.com\\\/www.2-ruote.com\\\/IT\\\/wp-content\\\/uploads\\\/2017\\\/02\\\/2016-Valencia-Ducati-18.jpg?fit=1024%2C682\\u0026ssl=1&quot;,&quot;id&quot;:&quot;7020&quot;,&quot;title&quot;:&quot;2016 \\u0026#8211; Valencia \\u0026#8211; Ducati (18)&quot;,&quot;alt&quot;:&quot;&quot;,&quot;caption&quot;:&quot;&quot;,&quot;itemprop&quot;:&quot;image&quot;},{&quot;src&quot;:&quot;https:\\\/\\\/i0.wp.com\\\/www.2-ruote.com\\\/IT\\\/wp-content\\\/uploads\\\/2017\\\/02\\\/2016-Valencia-Ducati-15.jpg?fit=1024%2C682\\u0026ssl=1&quot;,&quot;id&quot;:&quot;7017&quot;,&quot;title&quot;:&quot;2016 \\u0026#8211; Valencia \\u0026#8211; Ducati (15)&quot;,&quot;alt&quot;:&quot;&quot;,&quot;caption&quot;:&quot;&quot;,&quot;itemprop&quot;:&quot;image&quot;},{&quot;src&quot;:&quot;https:\\\/\\\/i2.wp.com\\\/www.2-ruote.com\\\/IT\\\/wp-content\\\/uploads\\\/2017\\\/02\\\/2016-Valencia-Ducati-4.jpg?fit=1024%2C682\\u0026ssl=1&quot;,&quot;id&quot;:&quot;7049&quot;,&quot;title&quot;:&quot;2016 \\u0026#8211; Valencia \\u0026#8211; Ducati (4)&quot;,&quot;alt&quot;:&quot;&quot;,&quot;caption&quot;:&quot;&quot;,&quot;itemprop&quot;:&quot;image&quot;},{&quot;src&quot;:&quot;https:\\\/\\\/i0.wp.com\\\/www.2-ruote.com\\\/IT\\\/wp-content\\\/uploads\\\/2017\\\/02\\\/2016-Valencia-Ducati-34.jpg?fit=1024%2C682\\u0026ssl=1&quot;,&quot;id&quot;:&quot;7037&quot;,&quot;title&quot;:&quot;2016 \\u0026#8211; Valencia \\u0026#8211; Ducati (34)&quot;,&quot;alt&quot;:&quot;&quot;,&quot;caption&quot;:&quot;&quot;,&quot;itemprop&quot;:&quot;image&quot;},{&quot;src&quot;:&quot;https:\\\/\\\/i1.wp.com\\\/www.2-ruote.com\\\/IT\\\/wp-content\\\/uploads\\\/2017\\\/02\\\/2016-Valencia-Ducati-41.jpg?fit=1024%2C682\\u0026ssl=1&quot;,&quot;id&quot;:&quot;7044&quot;,&quot;title&quot;:&quot;2016 \\u0026#8211; Valencia \\u0026#8211; Ducati (41)&quot;,&quot;alt&quot;:&quot;&quot;,&quot;caption&quot;:&quot;&quot;,&quot;itemprop&quot;:&quot;image&quot;},{&quot;src&quot;:&quot;https:\\\/\\\/i0.wp.com\\\/www.2-ruote.com\\\/IT\\\/wp-content\\\/uploads\\\/2017\\\/02\\\/2016-Valencia-Ducati-21.jpg?fit=1024%2C682\\u0026ssl=1&quot;,&quot;id&quot;:&quot;7024&quot;,&quot;title&quot;:&quot;2016 \\u0026#8211; Valencia \\u0026#8211; Ducati (21)&quot;,&quot;alt&quot;:&quot;&quot;,&quot;caption&quot;:&quot;&quot;,&quot;itemprop&quot;:&quot;image&quot;},{&quot;src&quot;:&quot;https:\\\/\\\/i2.wp.com\\\/www.2-ruote.com\\\/IT\\\/wp-content\\\/uploads\\\/2017\\\/02\\\/2016-Valencia-Ducati-26.jpg?fit=1024%2C682\\u0026ssl=1&quot;,&quot;id&quot;:&quot;7029&quot;,&quot;title&quot;:&quot;2016 \\u0026#8211; Valencia \\u0026#8211; Ducati (26)&quot;,&quot;alt&quot;:&quot;&quot;,&quot;caption&quot;:&quot;&quot;,&quot;itemprop&quot;:&quot;image&quot;},{&quot;src&quot;:&quot;https:\\\/\\\/i1.wp.com\\\/www.2-ruote.com\\\/IT\\\/wp-content\\\/uploads\\\/2017\\\/02\\\/2016-Valencia-Ducati-29.jpg?fit=1024%2C682\\u0026ssl=1&quot;,&quot;id&quot;:&quot;7032&quot;,&quot;title&quot;:&quot;2016 \\u0026#8211; Valencia \\u0026#8211; Ducati (29)&quot;,&quot;alt&quot;:&quot;&quot;,&quot;caption&quot;:&quot;&quot;,&quot;itemprop&quot;:&quot;image&quot;}]\" itemscope itemtype=\"https:\/\/schema.org\/ImageGallery\"><\/div>\n<p><strong>Dopo otto mesi e diciassette gare dall\u2019inizio del campionato 2016 in Qatar, i protagonisti della MotoGP arrivano in Spagna per l\u2019ultimo round della stagione, il Gran Premio de la Comunitat Valenciana sul Circuito Ricardo Tormo. Il tracciato si trova a Cheste, nei pressi di Valencia, ed \u00e8 il quarto appuntamento di quest\u2019anno in territorio spagnolo. E\u2019 una pista dall\u2019andamento anti-orario e tortuoso in cui non si raggiungono velocit\u00e0 medie elevate.<\/strong><\/p>\n<p>Sar\u00e0 un weekend importante per il Ducati Team, reduce dalla splendida vittoria di Andrea Dovizioso nel GP della Malesia a Sepang due domeniche fa, anche perch\u00e9 segner\u00e0 l\u2019ultima gara in Ducati per Andrea Iannone. Nei due anni trascorsi nella squadra ufficiale il pilota di Vasto \u00e8 diventato uno dei piloti pi\u00f9 veloci della MotoGP: \u00e8 arrivato sei volte sul podio, segnando due pole position e ottenendo tre giri pi\u00f9 veloci. Inoltre Iannone ha avuto l\u2019onore di riportare la Ducati alla vittoria in MotoGP, che mancava alla casa di Borgo Panigale dal 2010, conquistando in agosto il GP d&#8217;Austria a Zeltweg.<\/p>\n<p>Come di consueto, la gara di domenica sar\u00e0 seguita dai test ufficiali IRTA, che danno ufficialmente inizio alla stagione 2017, e nelle giornate di marted\u00ec e mercoled\u00ec prossimo Andrea Dovizioso sar\u00e0 affiancato dal tre volte campione del mondo Jorge Lorenzo, al suo esordio sulla moto italiana.<\/p>\n<p>Il Ducati Team ha ottenuto due vittorie in MotoGP a Valencia, con Troy Bayliss nel 2006 e con Casey Stoner nel 2008. Andrea Dovizioso ha preso il via otto volte in MotoGP a Valencia, e il suo miglior risultato \u00e8 stato un terzo posto nel 2011. Lo scorso anno ha terminato la gara in settima posizione dopo essere partito dalla terza fila. Per Andrea Iannone invece sar\u00e0 la quarta partecipazione in MotoGP su questo circuito: nel 2015 si era qualificato in terza fila con il settimo miglior tempo, ma era stato poi costretto al ritiro nella prima fase della gara.<\/p>\n<p>Ad una gara dalla fine del campionato, Dovizioso \u00e8 al quinto posto nella classifica generale piloti con 162 punti, mentre Iannone \u00e8 in decima posizione con 96 punti.<\/p>\n<p>Il programma del weekend di Valencia inizier\u00e0 venerd\u00ec mattina con la prima sessione di prove libere alle 09.55 CET mentre la gara, sulla distanza di trenta giri, \u00e8 prevista per domenica alle 14.00 CET.<\/p>\n<blockquote><p><strong>Andrea Dovizioso (Ducati Team #04) \u2013 5\u00b0 (162 punti)<\/strong><br \/>\n\u201cSono molto contento di aver vinto la gara di Sepang, perch\u00e9 era molto importante per me vincere un GP in questa stagione, e ora posso arrivare a Valencia tranquillo e consapevole del nostro valore. Era mia intenzione raggiungere almeno il quinto posto in classifica e adesso ho la possibilit\u00e0 di farlo, ma sono soprattutto soddisfatto dei miglioramenti ottenuti quest\u2019anno dalla moto, dal team e anche a livello personale, e quindi far\u00f2 di tutto per finire il campionato nel migliore dei modi in Spagna.\u201d<\/p><\/blockquote>\n<p>&nbsp;<\/p>\n<blockquote><p><strong>Andrea Iannone (Ducati Team #29) \u2013 10\u00b0 (96 punti)<\/strong><br \/>\n\u201cPer me Valencia sar\u00e0 una pista piuttosto difficile dal punto di vista fisico: prover\u00f2 a fare del mio meglio durante il weekend ma non sar\u00e0 facile o scontato. E poi sar\u00e0 la mia ultima gara con la Ducati per cui cercher\u00f2 davvero di dare il massimo. Ho vissuto quattro anni fantastici in Ducati, soprattutto gli ultimi due come pilota ufficiale, e insieme abbiamo fatto un lavoro incredibile, soprattutto dopo l\u2019arrivo di Gigi con cui ho sempre avuto un\u2019ottima intesa. Quando si riesce a lavorare cos\u00ec bene con un gruppo di persone \u00e8 sempre difficile dividersi, ma la vita va avanti e quindi da luned\u00ec affronter\u00f2 una nuova sfida.\u201d<\/p><\/blockquote>\n<p><strong>Il Circuito di Valencia<\/strong><br \/>\nIl circuito della Comunit\u00e0 di Valencia, realizzato nel 1999, ha ospitato il suo primo Gran Premio nello stesso anno. La pista prevede diversi tracciati, di lunghezze differenti, che girano tutti in senso anti-orario. Sebbene il circuito sia relativamente piccolo, le lunghe tribune che lo circondano possono contenere oltre 150.000 spettatori. Il layout del circuito crea un ambiente unico sia per i piloti che per il pubblico, sempre entusiasta, che arriver\u00e0 sicuramente numeroso per l&#8217;ultimo Gran Premio del calendario.<\/p>\n<p>Giro pi\u00f9 veloce in gara: Lorenzo (Yamaha), 1\u201930\u201d011 (160.1 km\/h) &#8211; 2015<br \/>\nRecord del Circuito: Lorenzo (Yamaha), 1\u201931\u201d367 (157.8 km\/h) &#8211; 2015<br \/>\nMiglior Pole: Lorenzo (Yamaha), 1\u201930\u201d011 (160.1 km\/h) \u2013 2015<br \/>\nVelocit\u00e0 massima: Dovizioso (Ducati), 335.9 km\/h &#8211; 2015<br \/>\nLunghezza pista: 4.0 km<br \/>\nLunghezza gara: 30 giri (120.2 km)<br \/>\nCurve: 14 (9 a sinistra, 5 a destra)<br \/>\nInizio gara: 14.00 CET<\/p>\n<p><strong>Cos\u00ec nel 2015<\/strong><br \/>\nPodio: 1\u00b0 Lorenzo (Yamaha), 2\u00b0 Marquez (Honda), 3\u00b0 Pedrosa (Honda)<br \/>\nPole: Lorenzo (Yamaha), 1\u201930\u201d011 (160.180 km\/h)<br \/>\nGiro pi\u00f9 veloce: Lorenzo (Yamaha), 1\u201931\u201d367 (157.803 km\/h)<\/p>\n<h3>Andrea Dovizioso<\/h3>\n<p>Moto: Ducati Desmosedici GP<br \/>\nNumero di gara: 04<br \/>\nEt\u00e0: 30 (nato il 23 marzo 1986 a Forlimpopol\u00ec)<br \/>\nResidenza: Forl\u00ec (Italia)<br \/>\nGare: 257 (159 x MotoGP, 49 x 250cc, 49 x 125cc)<br \/>\nPrimo GP: 2001 Gran Premio d\u2019Italia (125cc)<br \/>\nVittorie: 11 (2 x MotoGP, 4 x 250cc, 5 x 125cc)<br \/>\nPrima vittoria: 2004 Gran Premio di Sudafrica (125cc)<br \/>\nPole: 16 (3 x MotoGP, 4 x 250cc, 9 x 125cc)<br \/>\nPrima Pole: 2003 Gran Premio di Francia (125cc)<br \/>\nTitoli Mondiali: 1 (1 x 125cc)<\/p>\n<h3>Andrea Iannone<\/h3>\n<p>Moto: Ducati Desmosedici GP<br \/>\nNumero di gara: 29<br \/>\nEt\u00e0: 27 (nato il 9 agosto 1989 a Vasto, Italia)<br \/>\nResidenza: Vasto (Italia)<br \/>\nGare: 191 (64 x MotoGP, 51 x Moto2, 76 x 125cc)<br \/>\nPrimo GP: 2005 Gran Premio di Spagna (125cc)<br \/>\nVittorie: 13 (1 X MotoGP, 8 x Moto2, 4 x 125cc)<br \/>\nPrima vittoria: 2008 GP di Cina (125cc)<br \/>\nPole: 10 (2 x MotoGP, 5 x Moto2, 3 x 125cc)<br \/>\nPrima Pole: 2008 GP di Malesia (125cc)<\/p>\n<div class=\"sharedaddy sd-sharing-enabled\"><div class=\"robots-nocontent sd-block sd-social sd-social-icon sd-sharing\"><h3 class=\"sd-title\">Condividi:<\/h3><div class=\"sd-content\"><ul><li class=\"share-facebook\"><a rel=\"nofollow noopener noreferrer\" data-shared=\"sharing-facebook-6966\" class=\"share-facebook sd-button share-icon no-text\" href=\"https:\/\/www.2-ruote.com\/IT\/?p=6966&amp;share=facebook\" target=\"_blank\" title=\"Fai clic per condividere su Facebook\"><span><\/span><span class=\"sharing-screen-reader-text\">Fai clic per condividere su Facebook (Si apre in una nuova finestra)<\/span><\/a><\/li><li class=\"share-twitter\"><a rel=\"nofollow noopener noreferrer\" data-shared=\"sharing-twitter-6966\" class=\"share-twitter sd-button share-icon no-text\" href=\"https:\/\/www.2-ruote.com\/IT\/?p=6966&amp;share=twitter\" target=\"_blank\" title=\"Fai clic qui per condividere su Twitter\"><span><\/span><span class=\"sharing-screen-reader-text\">Fai clic qui per condividere su Twitter (Si apre in una nuova finestra)<\/span><\/a><\/li><li class=\"share-pinterest\"><a rel=\"nofollow noopener noreferrer\" data-shared=\"sharing-pinterest-6966\" class=\"share-pinterest sd-button share-icon no-text\" href=\"https:\/\/www.2-ruote.com\/IT\/?p=6966&amp;share=pinterest\" target=\"_blank\" title=\"Fai clic qui per condividere su Pinterest\"><span><\/span><span class=\"sharing-screen-reader-text\">Fai clic qui per condividere su Pinterest (Si apre in una nuova finestra)<\/span><\/a><\/li><li class=\"share-whatsapp\"><a rel=\"nofollow noopener noreferrer\" data-shared=\"\" class=\"share-whatsapp sd-button share-icon no-text\" href=\"https:\/\/www.2-ruote.com\/IT\/?p=6966&amp;share=whatsapp\" target=\"_blank\" title=\"Clicca per condividere su WhatsApp\"><span><\/span><span class=\"sharing-screen-reader-text\">Clicca per condividere su WhatsApp (Si apre in una nuova finestra)<\/span><\/a><\/li><li class=\"share-linkedin\"><a rel=\"nofollow noopener noreferrer\" data-shared=\"sharing-linkedin-6966\" class=\"share-linkedin sd-button share-icon no-text\" href=\"https:\/\/www.2-ruote.com\/IT\/?p=6966&amp;share=linkedin\" target=\"_blank\" title=\"Fai clic qui per condividere su LinkedIn\"><span><\/span><span class=\"sharing-screen-reader-text\">Fai clic qui per condividere su LinkedIn (Si apre in una nuova finestra)<\/span><\/a><\/li><li class=\"share-tumblr\"><a rel=\"nofollow noopener noreferrer\" data-shared=\"\" class=\"share-tumblr sd-button share-icon no-text\" href=\"https:\/\/www.2-ruote.com\/IT\/?p=6966&amp;share=tumblr\" target=\"_blank\" title=\"Fai clic qui per condividere su Tumblr\"><span><\/span><span class=\"sharing-screen-reader-text\">Fai clic qui per condividere su Tumblr (Si apre in una nuova finestra)<\/span><\/a><\/li><li class=\"share-pocket\"><a rel=\"nofollow noopener noreferrer\" data-shared=\"\" class=\"share-pocket sd-button share-icon no-text\" href=\"https:\/\/www.2-ruote.com\/IT\/?p=6966&amp;share=pocket\" target=\"_blank\" title=\"Fai clic qui per condividere su Pocket\"><span><\/span><span class=\"sharing-screen-reader-text\">Fai clic qui per condividere su Pocket (Si apre in una nuova finestra)<\/span><\/a><\/li><li class=\"share-reddit\"><a rel=\"nofollow noopener noreferrer\" data-shared=\"\" class=\"share-reddit sd-button share-icon no-text\" href=\"https:\/\/www.2-ruote.com\/IT\/?p=6966&amp;share=reddit\" target=\"_blank\" title=\"Fai clic qui per condividere su Reddit\"><span><\/span><span class=\"sharing-screen-reader-text\">Fai clic qui per condividere su Reddit (Si apre in una nuova finestra)<\/span><\/a><\/li><li class=\"share-print\"><a rel=\"nofollow noopener noreferrer\" data-shared=\"\" class=\"share-print sd-button share-icon no-text\" href=\"https:\/\/www.2-ruote.com\/IT\/?p=6966\" target=\"_blank\" title=\"Fai clic qui per stampare\"><span><\/span><span class=\"sharing-screen-reader-text\">Fai clic qui per stampare (Si apre in una nuova finestra)<\/span><\/a><\/li><li class=\"share-end\"><\/li><\/ul><\/div><\/div><\/div>","protected":false},"excerpt":{"rendered":"<p>Dopo otto mesi e diciassette gare dall\u2019inizio del campionato 2016 in Qatar, i protagonisti della MotoGP arrivano in Spagna per&hellip;<\/p>\n<div class=\"sharedaddy sd-sharing-enabled\"><div class=\"robots-nocontent sd-block sd-social sd-social-icon sd-sharing\"><h3 class=\"sd-title\">Condividi:<\/h3><div class=\"sd-content\"><ul><li class=\"share-facebook\"><a rel=\"nofollow noopener noreferrer\" data-shared=\"sharing-facebook-6966\" class=\"share-facebook sd-button share-icon no-text\" href=\"https:\/\/www.2-ruote.com\/IT\/?p=6966&amp;share=facebook\" target=\"_blank\" title=\"Fai clic per condividere su Facebook\"><span><\/span><span class=\"sharing-screen-reader-text\">Fai clic per condividere su Facebook (Si apre in una nuova finestra)<\/span><\/a><\/li><li class=\"share-twitter\"><a rel=\"nofollow noopener noreferrer\" data-shared=\"sharing-twitter-6966\" class=\"share-twitter sd-button share-icon no-text\" href=\"https:\/\/www.2-ruote.com\/IT\/?p=6966&amp;share=twitter\" target=\"_blank\" title=\"Fai clic qui per condividere su Twitter\"><span><\/span><span class=\"sharing-screen-reader-text\">Fai clic qui per condividere su Twitter (Si apre in una nuova finestra)<\/span><\/a><\/li><li class=\"share-pinterest\"><a rel=\"nofollow noopener noreferrer\" data-shared=\"sharing-pinterest-6966\" class=\"share-pinterest sd-button share-icon no-text\" href=\"https:\/\/www.2-ruote.com\/IT\/?p=6966&amp;share=pinterest\" target=\"_blank\" title=\"Fai clic qui per condividere su Pinterest\"><span><\/span><span class=\"sharing-screen-reader-text\">Fai clic qui per condividere su Pinterest (Si apre in una nuova finestra)<\/span><\/a><\/li><li class=\"share-whatsapp\"><a rel=\"nofollow noopener noreferrer\" data-shared=\"\" class=\"share-whatsapp sd-button share-icon no-text\" href=\"https:\/\/www.2-ruote.com\/IT\/?p=6966&amp;share=whatsapp\" target=\"_blank\" title=\"Clicca per condividere su WhatsApp\"><span><\/span><span class=\"sharing-screen-reader-text\">Clicca per condividere su WhatsApp (Si apre in una nuova finestra)<\/span><\/a><\/li><li class=\"share-linkedin\"><a rel=\"nofollow noopener noreferrer\" data-shared=\"sharing-linkedin-6966\" class=\"share-linkedin sd-button share-icon no-text\" href=\"https:\/\/www.2-ruote.com\/IT\/?p=6966&amp;share=linkedin\" target=\"_blank\" title=\"Fai clic qui per condividere su LinkedIn\"><span><\/span><span class=\"sharing-screen-reader-text\">Fai clic qui per condividere su LinkedIn (Si apre in una nuova finestra)<\/span><\/a><\/li><li class=\"share-tumblr\"><a rel=\"nofollow noopener noreferrer\" data-shared=\"\" class=\"share-tumblr sd-button share-icon no-text\" href=\"https:\/\/www.2-ruote.com\/IT\/?p=6966&amp;share=tumblr\" target=\"_blank\" title=\"Fai clic qui per condividere su Tumblr\"><span><\/span><span class=\"sharing-screen-reader-text\">Fai clic qui per condividere su Tumblr (Si apre in una nuova finestra)<\/span><\/a><\/li><li class=\"share-pocket\"><a rel=\"nofollow noopener noreferrer\" data-shared=\"\" class=\"share-pocket sd-button share-icon no-text\" href=\"https:\/\/www.2-ruote.com\/IT\/?p=6966&amp;share=pocket\" target=\"_blank\" title=\"Fai clic qui per condividere su Pocket\"><span><\/span><span class=\"sharing-screen-reader-text\">Fai clic qui per condividere su Pocket (Si apre in una nuova finestra)<\/span><\/a><\/li><li class=\"share-reddit\"><a rel=\"nofollow noopener noreferrer\" data-shared=\"\" class=\"share-reddit sd-button share-icon no-text\" href=\"https:\/\/www.2-ruote.com\/IT\/?p=6966&amp;share=reddit\" target=\"_blank\" title=\"Fai clic qui per condividere su Reddit\"><span><\/span><span class=\"sharing-screen-reader-text\">Fai clic qui per condividere su Reddit (Si apre in una nuova finestra)<\/span><\/a><\/li><li class=\"share-print\"><a rel=\"nofollow noopener noreferrer\" data-shared=\"\" class=\"share-print sd-button share-icon no-text\" href=\"https:\/\/www.2-ruote.com\/IT\/?p=6966\" target=\"_blank\" title=\"Fai clic qui per stampare\"><span><\/span><span class=\"sharing-screen-reader-text\">Fai clic qui per stampare (Si apre in una nuova finestra)<\/span><\/a><\/li><li class=\"share-end\"><\/li><\/ul><\/div><\/div><\/div>","protected":false},"author":1,"featured_media":7041,"comment_status":"open","ping_status":"open","sticky":false,"template":"","format":"standard","meta":{"_mi_skip_tracking":false,"_monsterinsights_sitenote_active":false,"_monsterinsights_sitenote_note":"","_monsterinsights_sitenote_category":0,"spay_email":"","jetpack_publicize_message":"","jetpack_is_tweetstorm":false},"categories":[10,3],"tags":[21,22],"aioseo_notices":[],"jetpack_featured_media_url":"https:\/\/i0.wp.com\/www.2-ruote.com\/IT\/wp-content\/uploads\/2017\/02\/2016-Valencia-Ducati-38.jpg?fit=2000%2C1333&ssl=1","jetpack_publicize_connections":[],"jetpack_sharing_enabled":true,"jetpack_shortlink":"https:\/\/wp.me\/p6TDfQ-1Om","jetpack-related-posts":[{"id":733,"url":"https:\/\/www.2-ruote.com\/IT\/?p=733","url_meta":{"origin":6966,"position":0},"title":"GP de la Comunitat Valenciana. Iannone settimo e Dovizioso nono nelle qualifiche sul circuito Ricardo Tormo. I due piloti del Ducati Team partiranno in terza fila domani mentre Michele Pirro, tredicesimo, partir\u00e0 in quarta fila.","date":"7 Novembre 2015","format":false,"excerpt":"MotoGP 2015 - Round 18 - Valencia Alla fine della seconda giornata del GP de la Comunitat Valenciana, in programma sul circuito Ricardo Tormo a Cheste, i due piloti del Ducati Team si sono qualificati in terza fila. Andrea Iannone ha infatti ottenuto il settimo crono nella sessione di Q2,\u2026","rel":"","context":"In &quot;Ducati Corse&quot;","img":{"alt_text":"","src":"","width":0,"height":0},"classes":[]},{"id":6968,"url":"https:\/\/www.2-ruote.com\/IT\/?p=6968","url_meta":{"origin":6966,"position":1},"title":"Gran Premio de la Comunitat Valenciana: prima giornata positiva per i piloti del Ducati Team sul circuito Ricardo Tormo","date":"11 Novembre 2016","format":false,"excerpt":"Inizio positivo per i due piloti del Ducati Team sul circuito Ricardo Tormo a Cheste, nei pressi di Valencia. Al termine della prima giornata di prove Andrea Dovizioso si \u00e8 infatti classificato in quinta posizione con il tempo di 1\u201931\u201d066, mentre il suo compagno di squadra Andrea Iannone ha chiuso\u2026","rel":"","context":"In &quot;Ducati Corse&quot;","img":{"alt_text":"","src":"https:\/\/i0.wp.com\/www.2-ruote.com\/IT\/wp-content\/uploads\/2017\/02\/2016-Valencia-Ducati-25.jpg?fit=1200%2C800&ssl=1&resize=350%2C200","width":350,"height":200},"classes":[]},{"id":6977,"url":"https:\/\/www.2-ruote.com\/IT\/?p=6977","url_meta":{"origin":6966,"position":2},"title":"Seconda fila per Andrea Dovizioso, quinto nelle qualifiche del Gran Premio de la Comunitat Valenciana a Cheste. Andrea Iannone, settimo, partir\u00e0 dalla terza fila","date":"12 Novembre 2016","format":false,"excerpt":"Andrea Dovizioso partir\u00e0 dalla seconda fila per il GP de la Comunitat Valenciana, in programma domani sul circuito Ricardo Tormo nei pressi di Valencia. Il pilota romagnolo ha infatti ottenuto il quinto miglior tempo nelle qualifiche disputate oggi pomeriggio, in 1\u201930\u2019\u201d338, mentre il suo compagno di squadra Andrea Iannone scatter\u00e0\u2026","rel":"","context":"In &quot;Tutte le news&quot;","img":{"alt_text":"","src":"https:\/\/i2.wp.com\/www.2-ruote.com\/IT\/wp-content\/uploads\/2017\/02\/2016-Valencia-Ducati-4.jpg?fit=1200%2C800&ssl=1&resize=350%2C200","width":350,"height":200},"classes":[]},{"id":728,"url":"https:\/\/www.2-ruote.com\/IT\/?p=728","url_meta":{"origin":6966,"position":3},"title":"GP de la Comunitat Valenciana. Iannone quarto e Dovizioso settimo dopo la prima giornata di prove sul circuito Ricardo Tormo. Michele Pirro chiude al tredicesimo posto","date":"6 Novembre 2015","format":false,"excerpt":"MotoGP 2015 - Round 18 - Valencia In una giornata di sole, con temperature primaverili, si sono svolte oggi sul circuito Ricardo Tormo di Cheste nei pressi di Valencia le prime due sessioni di prove del GP de la Comunitat Valenciana. I due piloti del Ducati Team, Andrea Iannone e\u2026","rel":"","context":"In &quot;Ducati Corse&quot;","img":{"alt_text":"","src":"https:\/\/i0.wp.com\/www.2-ruote.com\/IT\/wp-content\/uploads\/2015\/02\/64-Ducati_MotGP_Team_2015_01.jpg?fit=1200%2C647&ssl=1&resize=350%2C200","width":350,"height":200},"classes":[]},{"id":576,"url":"https:\/\/www.2-ruote.com\/IT\/?p=576","url_meta":{"origin":6966,"position":4},"title":"GP de la Comunitat Valenciana: il Ducati Team conclude la stagione 2015 sul circuito Ricardo Tormo","date":"3 Novembre 2015","format":false,"excerpt":"Dopo otto mesi e diciassette gare dall\u2019inizio del campionato in Qatar, i protagonisti della MotoGP arrivano in Spagna per l\u2019ultimo round della stagione, il Gran Premio de la Comunitat Valenciana. Il Circuito Ricardo Tormo si trova a Cheste, nei pressi di Valencia, ed \u00e8 il quarto appuntamento di quest\u2019anno in\u2026","rel":"","context":"In &quot;Ducati Corse&quot;","img":{"alt_text":"","src":"","width":0,"height":0},"classes":[]},{"id":725,"url":"https:\/\/www.2-ruote.com\/IT\/?p=725","url_meta":{"origin":6966,"position":5},"title":"GP de la Comunitat Valenciana: il Ducati Team conclude la stagione 2015 sul circuito Ricardo Tormo","date":"3 Novembre 2015","format":false,"excerpt":"MotoGP 2015 - Round 18 - Valencia Dopo otto mesi e diciassette gare dall\u2019inizio del campionato in Qatar, i protagonisti della MotoGP arrivano in Spagna per l\u2019ultimo round della stagione, il Gran Premio de la Comunitat Valenciana. Il Circuito Ricardo Tormo si trova a Cheste, nei pressi di Valencia, ed\u2026","rel":"","context":"In &quot;Ducati Corse&quot;","img":{"alt_text":"","src":"https:\/\/i0.wp.com\/www.2-ruote.com\/It\/wp-content\/uploads\/2015\/02\/55-Ducati_MotGP_Team_2015_10.jpg?resize=350%2C200","width":350,"height":200},"classes":[]}],"jetpack_likes_enabled":true,"_links":{"self":[{"href":"https:\/\/www.2-ruote.com\/IT\/index.php?rest_route=\/wp\/v2\/posts\/6966"}],"collection":[{"href":"https:\/\/www.2-ruote.com\/IT\/index.php?rest_route=\/wp\/v2\/posts"}],"about":[{"href":"https:\/\/www.2-ruote.com\/IT\/index.php?rest_route=\/wp\/v2\/types\/post"}],"author":[{"embeddable":true,"href":"https:\/\/www.2-ruote.com\/IT\/index.php?rest_route=\/wp\/v2\/users\/1"}],"replies":[{"embeddable":true,"href":"https:\/\/www.2-ruote.com\/IT\/index.php?rest_route=%2Fwp%2Fv2%2Fcomments&post=6966"}],"version-history":[{"count":1,"href":"https:\/\/www.2-ruote.com\/IT\/index.php?rest_route=\/wp\/v2\/posts\/6966\/revisions"}],"predecessor-version":[{"id":7057,"href":"https:\/\/www.2-ruote.com\/IT\/index.php?rest_route=\/wp\/v2\/posts\/6966\/revisions\/7057"}],"wp:featuredmedia":[{"embeddable":true,"href":"https:\/\/www.2-ruote.com\/IT\/index.php?rest_route=\/wp\/v2\/media\/7041"}],"wp:attachment":[{"href":"https:\/\/www.2-ruote.com\/IT\/index.php?rest_route=%2Fwp%2Fv2%2Fmedia&parent=6966"}],"wp:term":[{"taxonomy":"category","embeddable":true,"href":"https:\/\/www.2-ruote.com\/IT\/index.php?rest_route=%2Fwp%2Fv2%2Fcategories&post=6966"},{"taxonomy":"post_tag","embeddable":true,"href":"https:\/\/www.2-ruote.com\/IT\/index.php?rest_route=%2Fwp%2Fv2%2Ftags&post=6966"}],"curies":[{"name":"wp","href":"https:\/\/api.w.org\/{rel}","templated":true}]}}