{"id":7103,"date":"2017-11-24T15:19:00","date_gmt":"2017-11-24T14:19:00","guid":{"rendered":"http:\/\/www.2-ruote.com\/IT\/?p=7103"},"modified":"2020-12-30T15:39:30","modified_gmt":"2020-12-30T14:39:30","slug":"test-conclusi-a-jerez-per-il-team-aruba-it-racing-ducati","status":"publish","type":"post","link":"https:\/\/www.2-ruote.com\/IT\/?p=7103","title":{"rendered":"Test conclusi a Jerez per il team Aruba.it Racing &#8211; Ducati"},"content":{"rendered":"\n<p>Il team Aruba.it Racing &#8211; Ducati ha terminato le attivit\u00e0 in pista per il 2017 con tre giorni di prove a Jerez de la Frontera (Spagna). Sfruttando il meteo favorevole, Marco Melandri ha effettuato 208 giri, portando avanti lo sviluppo della moto in configurazione 2018 e chiudendo con un miglior tempo personale di 1\u201939.577. Chaz Davies ha invece potuto effettuare solo la prima giornata di prove a causa di una caduta che gli ha procurato un trauma distorsivo-contusivo al ginocchio destro. Il gallese ha potuto mettere a referto soltanto 64 tornate, fermando il cronometro sul tempo di 1\u201940.630.&nbsp;<br>&nbsp;<br>Per l\u2019occasione, i box del team Aruba.it Racing &#8211; Ducati hanno anche ospitato Michael Ruben Rinaldi, che ha provato per la prima volta la Panigale R in configurazione Superbike come premio per il titolo del Campionato Europeo Superstock 1000, conseguito proprio a Jerez de la Frontera con i colori dell\u2019Aruba.it Racing &#8211; Junior Team. Il pilota italiano ha siglato un miglior tempo personale di 1\u201940.223. Tutti i tempi sono stati realizzati con gomme da gara.&nbsp;<br>&nbsp;<br>La squadra osserver\u00e0 ora la consueta pausa invernale, per tornare nuovamente in pista il 23 e 24 gennaio a Jerez de la Frontera per i primi test del 2018.&nbsp;<br>&nbsp;<\/p>\n\n\n\n<blockquote class=\"wp-block-quote\"><p><strong>Marco Melandri (Aruba.it Racing &#8211; Ducati #33)&nbsp;<\/strong><br>\u201c\u00c8 stato un test tutto sommato positivo. Ci siamo concentrati sui grandi particolari in funzione del regolamento 2018, senza focalizzarci troppo sul lavoro di fino su assetto e gomme, e siamo riusciti a provare la maggior parte delle novit\u00e0. Dobbiamo ancora lavorare per ottimizzare motore e cambio con le nuove specifiche, ma abbiamo migliorato il feeling sull\u2019anteriore e la guidabilit\u00e0 in generale. Ho cercato di essere il pi\u00f9 costante possibile, in questa fase le buone sensazioni in sella contano di pi\u00f9 del miglior tempo. Ora ricaricheremo le batterie per presentarci al meglio ai test di gennaio\u201d.&nbsp;<\/p><\/blockquote>\n<div class=\"sharedaddy sd-sharing-enabled\"><div class=\"robots-nocontent sd-block sd-social sd-social-icon sd-sharing\"><h3 class=\"sd-title\">Condividi:<\/h3><div class=\"sd-content\"><ul><li class=\"share-facebook\"><a rel=\"nofollow noopener noreferrer\" data-shared=\"sharing-facebook-7103\" class=\"share-facebook sd-button share-icon no-text\" href=\"https:\/\/www.2-ruote.com\/IT\/?p=7103&amp;share=facebook\" target=\"_blank\" title=\"Fai clic per condividere su Facebook\"><span><\/span><span class=\"sharing-screen-reader-text\">Fai clic per condividere su Facebook (Si apre in una nuova finestra)<\/span><\/a><\/li><li class=\"share-twitter\"><a rel=\"nofollow noopener noreferrer\" data-shared=\"sharing-twitter-7103\" class=\"share-twitter sd-button share-icon no-text\" href=\"https:\/\/www.2-ruote.com\/IT\/?p=7103&amp;share=twitter\" target=\"_blank\" title=\"Fai clic qui per condividere su Twitter\"><span><\/span><span class=\"sharing-screen-reader-text\">Fai clic qui per condividere su Twitter (Si apre in una nuova finestra)<\/span><\/a><\/li><li class=\"share-pinterest\"><a rel=\"nofollow noopener noreferrer\" data-shared=\"sharing-pinterest-7103\" class=\"share-pinterest sd-button share-icon no-text\" href=\"https:\/\/www.2-ruote.com\/IT\/?p=7103&amp;share=pinterest\" target=\"_blank\" title=\"Fai clic qui per condividere su Pinterest\"><span><\/span><span class=\"sharing-screen-reader-text\">Fai clic qui per condividere su Pinterest (Si apre in una nuova finestra)<\/span><\/a><\/li><li class=\"share-whatsapp\"><a rel=\"nofollow noopener noreferrer\" data-shared=\"\" class=\"share-whatsapp sd-button share-icon no-text\" href=\"https:\/\/www.2-ruote.com\/IT\/?p=7103&amp;share=whatsapp\" target=\"_blank\" title=\"Clicca per condividere su WhatsApp\"><span><\/span><span class=\"sharing-screen-reader-text\">Clicca per condividere su WhatsApp (Si apre in una nuova finestra)<\/span><\/a><\/li><li class=\"share-linkedin\"><a rel=\"nofollow noopener noreferrer\" data-shared=\"sharing-linkedin-7103\" class=\"share-linkedin sd-button share-icon no-text\" href=\"https:\/\/www.2-ruote.com\/IT\/?p=7103&amp;share=linkedin\" target=\"_blank\" title=\"Fai clic qui per condividere su LinkedIn\"><span><\/span><span class=\"sharing-screen-reader-text\">Fai clic qui per condividere su LinkedIn (Si apre in una nuova finestra)<\/span><\/a><\/li><li class=\"share-tumblr\"><a rel=\"nofollow noopener noreferrer\" data-shared=\"\" class=\"share-tumblr sd-button share-icon no-text\" href=\"https:\/\/www.2-ruote.com\/IT\/?p=7103&amp;share=tumblr\" target=\"_blank\" title=\"Fai clic qui per condividere su Tumblr\"><span><\/span><span class=\"sharing-screen-reader-text\">Fai clic qui per condividere su Tumblr (Si apre in una nuova finestra)<\/span><\/a><\/li><li class=\"share-pocket\"><a rel=\"nofollow noopener noreferrer\" data-shared=\"\" class=\"share-pocket sd-button share-icon no-text\" href=\"https:\/\/www.2-ruote.com\/IT\/?p=7103&amp;share=pocket\" target=\"_blank\" title=\"Fai clic qui per condividere su Pocket\"><span><\/span><span class=\"sharing-screen-reader-text\">Fai clic qui per condividere su Pocket (Si apre in una nuova finestra)<\/span><\/a><\/li><li class=\"share-reddit\"><a rel=\"nofollow noopener noreferrer\" data-shared=\"\" class=\"share-reddit sd-button share-icon no-text\" href=\"https:\/\/www.2-ruote.com\/IT\/?p=7103&amp;share=reddit\" target=\"_blank\" title=\"Fai clic qui per condividere su Reddit\"><span><\/span><span class=\"sharing-screen-reader-text\">Fai clic qui per condividere su Reddit (Si apre in una nuova finestra)<\/span><\/a><\/li><li class=\"share-print\"><a rel=\"nofollow noopener noreferrer\" data-shared=\"\" class=\"share-print sd-button share-icon no-text\" href=\"https:\/\/www.2-ruote.com\/IT\/?p=7103\" target=\"_blank\" title=\"Fai clic qui per stampare\"><span><\/span><span class=\"sharing-screen-reader-text\">Fai clic qui per stampare (Si apre in una nuova finestra)<\/span><\/a><\/li><li class=\"share-end\"><\/li><\/ul><\/div><\/div><\/div>","protected":false},"excerpt":{"rendered":"<p>Il team Aruba.it Racing &#8211; Ducati ha terminato le attivit\u00e0 in pista per il 2017 con tre giorni di prove&hellip;<\/p>\n<div class=\"sharedaddy sd-sharing-enabled\"><div class=\"robots-nocontent sd-block sd-social sd-social-icon sd-sharing\"><h3 class=\"sd-title\">Condividi:<\/h3><div class=\"sd-content\"><ul><li class=\"share-facebook\"><a rel=\"nofollow noopener noreferrer\" data-shared=\"sharing-facebook-7103\" class=\"share-facebook sd-button share-icon no-text\" href=\"https:\/\/www.2-ruote.com\/IT\/?p=7103&amp;share=facebook\" target=\"_blank\" title=\"Fai clic per condividere su Facebook\"><span><\/span><span class=\"sharing-screen-reader-text\">Fai clic per condividere su Facebook (Si apre in una nuova finestra)<\/span><\/a><\/li><li class=\"share-twitter\"><a rel=\"nofollow noopener noreferrer\" data-shared=\"sharing-twitter-7103\" class=\"share-twitter sd-button share-icon no-text\" href=\"https:\/\/www.2-ruote.com\/IT\/?p=7103&amp;share=twitter\" target=\"_blank\" title=\"Fai clic qui per condividere su Twitter\"><span><\/span><span class=\"sharing-screen-reader-text\">Fai clic qui per condividere su Twitter (Si apre in una nuova finestra)<\/span><\/a><\/li><li class=\"share-pinterest\"><a rel=\"nofollow noopener noreferrer\" data-shared=\"sharing-pinterest-7103\" class=\"share-pinterest sd-button share-icon no-text\" href=\"https:\/\/www.2-ruote.com\/IT\/?p=7103&amp;share=pinterest\" target=\"_blank\" title=\"Fai clic qui per condividere su Pinterest\"><span><\/span><span class=\"sharing-screen-reader-text\">Fai clic qui per condividere su Pinterest (Si apre in una nuova finestra)<\/span><\/a><\/li><li class=\"share-whatsapp\"><a rel=\"nofollow noopener noreferrer\" data-shared=\"\" class=\"share-whatsapp sd-button share-icon no-text\" href=\"https:\/\/www.2-ruote.com\/IT\/?p=7103&amp;share=whatsapp\" target=\"_blank\" title=\"Clicca per condividere su WhatsApp\"><span><\/span><span class=\"sharing-screen-reader-text\">Clicca per condividere su WhatsApp (Si apre in una nuova finestra)<\/span><\/a><\/li><li class=\"share-linkedin\"><a rel=\"nofollow noopener noreferrer\" data-shared=\"sharing-linkedin-7103\" class=\"share-linkedin sd-button share-icon no-text\" href=\"https:\/\/www.2-ruote.com\/IT\/?p=7103&amp;share=linkedin\" target=\"_blank\" title=\"Fai clic qui per condividere su LinkedIn\"><span><\/span><span class=\"sharing-screen-reader-text\">Fai clic qui per condividere su LinkedIn (Si apre in una nuova finestra)<\/span><\/a><\/li><li class=\"share-tumblr\"><a rel=\"nofollow noopener noreferrer\" data-shared=\"\" class=\"share-tumblr sd-button share-icon no-text\" href=\"https:\/\/www.2-ruote.com\/IT\/?p=7103&amp;share=tumblr\" target=\"_blank\" title=\"Fai clic qui per condividere su Tumblr\"><span><\/span><span class=\"sharing-screen-reader-text\">Fai clic qui per condividere su Tumblr (Si apre in una nuova finestra)<\/span><\/a><\/li><li class=\"share-pocket\"><a rel=\"nofollow noopener noreferrer\" data-shared=\"\" class=\"share-pocket sd-button share-icon no-text\" href=\"https:\/\/www.2-ruote.com\/IT\/?p=7103&amp;share=pocket\" target=\"_blank\" title=\"Fai clic qui per condividere su Pocket\"><span><\/span><span class=\"sharing-screen-reader-text\">Fai clic qui per condividere su Pocket (Si apre in una nuova finestra)<\/span><\/a><\/li><li class=\"share-reddit\"><a rel=\"nofollow noopener noreferrer\" data-shared=\"\" class=\"share-reddit sd-button share-icon no-text\" href=\"https:\/\/www.2-ruote.com\/IT\/?p=7103&amp;share=reddit\" target=\"_blank\" title=\"Fai clic qui per condividere su Reddit\"><span><\/span><span class=\"sharing-screen-reader-text\">Fai clic qui per condividere su Reddit (Si apre in una nuova finestra)<\/span><\/a><\/li><li class=\"share-print\"><a rel=\"nofollow noopener noreferrer\" data-shared=\"\" class=\"share-print sd-button share-icon no-text\" href=\"https:\/\/www.2-ruote.com\/IT\/?p=7103\" target=\"_blank\" title=\"Fai clic qui per stampare\"><span><\/span><span class=\"sharing-screen-reader-text\">Fai clic qui per stampare (Si apre in una nuova finestra)<\/span><\/a><\/li><li class=\"share-end\"><\/li><\/ul><\/div><\/div><\/div>","protected":false},"author":1,"featured_media":7107,"comment_status":"open","ping_status":"open","sticky":false,"template":"","format":"standard","meta":{"_mi_skip_tracking":false,"_monsterinsights_sitenote_active":false,"_monsterinsights_sitenote_note":"","_monsterinsights_sitenote_category":0,"spay_email":"","jetpack_publicize_message":"","jetpack_is_tweetstorm":false},"categories":[11],"tags":[55],"aioseo_notices":[],"jetpack_featured_media_url":"https:\/\/i2.wp.com\/www.2-ruote.com\/IT\/wp-content\/uploads\/2020\/12\/AP1_1923_UC31623_Low.jpg?fit=1000%2C667&ssl=1","jetpack_publicize_connections":[],"jetpack_sharing_enabled":true,"jetpack_shortlink":"https:\/\/wp.me\/p6TDfQ-1Qz","jetpack-related-posts":[{"id":7105,"url":"https:\/\/www.2-ruote.com\/IT\/?p=7105","url_meta":{"origin":7103,"position":0},"title":"Il team Aruba.it Racing - Ducati di nuovo in pista a Jerez per i primi test del 2017","date":"25 Gennaio 2017","format":false,"excerpt":"A poco pi\u00f9 di un mese dalla gara di apertura in Australia, il team Aruba.it Racing - Ducati \u00e8 tornato in pista a Jerez de la Frontera (Spagna) con Marco Melandri e Chaz Davies per i primi test del 2017.\u00a0\u00a0Entrambi i piloti hanno seguito un programma dettagliato per valutare diversi\u2026","rel":"","context":"In &quot;SBK&quot;","img":{"alt_text":"","src":"https:\/\/i2.wp.com\/www.2-ruote.com\/IT\/wp-content\/uploads\/2020\/12\/AP1_1923_UC31623_Low.jpg?fit=1000%2C667&ssl=1&resize=350%2C200","width":350,"height":200},"classes":[]},{"id":7117,"url":"https:\/\/www.2-ruote.com\/IT\/?p=7117","url_meta":{"origin":7103,"position":1},"title":"Test conclusi a Portim\u00e3o per il team Aruba.it Racing - Ducati, prossima fermata Phillip Island","date":"29 Gennaio 2017","format":false,"excerpt":"Dopo aver debuttato in pista nel 2017 con due giornate di prove a Jerez de la Frontera (Spagna), il team Aruba.it Racing - Ducati \u00e8 sceso in pista a Portim\u00e3o (Portogallo) con Chaz Davies e Marco Melandri per due ulteriori giorni di test ad un mese dall\u2019esordio in campionato a\u2026","rel":"","context":"In &quot;SBK&quot;","img":{"alt_text":"","src":"https:\/\/i1.wp.com\/www.2-ruote.com\/IT\/wp-content\/uploads\/2020\/12\/AP1_1592_UC31624_Low.jpg?fit=1000%2C667&ssl=1&resize=350%2C200","width":350,"height":200},"classes":[]},{"id":3907,"url":"https:\/\/www.2-ruote.com\/IT\/?p=3907","url_meta":{"origin":7103,"position":2},"title":"Passi avanti a Jerez per il team Aruba.it Racing - Ducati in vista del debutto ufficiale in Australia","date":"27 Gennaio 2016","format":false,"excerpt":"Dopo aver effettuato i primi test del 2016 a Portim\u00e3o la scorsa settimana, il team Aruba.it Racing - Ducati ha proseguito il programma con due giorni di prove sul circuito di Jerez de la Frontera, gli ultimi prima di volare in Australia per la \u201cprima\u201d di campionato. Davide Giugliano e\u2026","rel":"","context":"In &quot;SBK&quot;","img":{"alt_text":"","src":"https:\/\/i0.wp.com\/www.2-ruote.com\/IT\/wp-content\/uploads\/2016\/01\/Chaz-Davies.jpg?resize=350%2C200","width":350,"height":200},"classes":[]},{"id":7120,"url":"https:\/\/www.2-ruote.com\/IT\/?p=7120","url_meta":{"origin":7103,"position":3},"title":"Team Aruba.it Racing: Ducati rilancia la sfida per il Campionato Mondiale Superbike 2017","date":"8 Febbraio 2017","format":false,"excerpt":"Rinnovata e rinforzata la partnership tra Aruba.it e Ducati. Dopo una stagione 2016 conclusa con 6 vittorie consecutive, la squadra punta al titolo Piloti e Costruttori nel 2017Continuit\u00e0 garantita per il Team Aruba.it Racing - Ducati grazie al rinnovo biennale con Chaz Davies, affiancato in squadra da Marco Melandri, che\u2026","rel":"","context":"In &quot;SBK&quot;","img":{"alt_text":"","src":"https:\/\/i2.wp.com\/www.2-ruote.com\/IT\/wp-content\/uploads\/2020\/12\/AP1_4260_UC31847_High-scaled.jpg?fit=1200%2C800&ssl=1&resize=350%2C200","width":350,"height":200},"classes":[]},{"id":3905,"url":"https:\/\/www.2-ruote.com\/IT\/?p=3905","url_meta":{"origin":7103,"position":4},"title":"Il team Aruba.it Racing - Ducati apre il 2016 con due giorni di test a Portim\u00e3o","date":"23 Gennaio 2016","format":false,"excerpt":"Dopo la consueta pausa invernale, il team Aruba.it Racing - Ducati \u00e8 sceso in pista a Portim\u00e3o per i primi test della stagione. Sia Chaz Davies che Davide Giugliano sono riusciti a completare i rispettivi programmi, con buoni riscontri cronometrici. Davies e Giugliano hanno percorso rispettivamente 119 e 77 giri\u2026","rel":"","context":"In &quot;SBK&quot;","img":{"alt_text":"","src":"","width":0,"height":0},"classes":[]}],"jetpack_likes_enabled":true,"_links":{"self":[{"href":"https:\/\/www.2-ruote.com\/IT\/index.php?rest_route=\/wp\/v2\/posts\/7103"}],"collection":[{"href":"https:\/\/www.2-ruote.com\/IT\/index.php?rest_route=\/wp\/v2\/posts"}],"about":[{"href":"https:\/\/www.2-ruote.com\/IT\/index.php?rest_route=\/wp\/v2\/types\/post"}],"author":[{"embeddable":true,"href":"https:\/\/www.2-ruote.com\/IT\/index.php?rest_route=\/wp\/v2\/users\/1"}],"replies":[{"embeddable":true,"href":"https:\/\/www.2-ruote.com\/IT\/index.php?rest_route=%2Fwp%2Fv2%2Fcomments&post=7103"}],"version-history":[{"count":2,"href":"https:\/\/www.2-ruote.com\/IT\/index.php?rest_route=\/wp\/v2\/posts\/7103\/revisions"}],"predecessor-version":[{"id":7119,"href":"https:\/\/www.2-ruote.com\/IT\/index.php?rest_route=\/wp\/v2\/posts\/7103\/revisions\/7119"}],"wp:featuredmedia":[{"embeddable":true,"href":"https:\/\/www.2-ruote.com\/IT\/index.php?rest_route=\/wp\/v2\/media\/7107"}],"wp:attachment":[{"href":"https:\/\/www.2-ruote.com\/IT\/index.php?rest_route=%2Fwp%2Fv2%2Fmedia&parent=7103"}],"wp:term":[{"taxonomy":"category","embeddable":true,"href":"https:\/\/www.2-ruote.com\/IT\/index.php?rest_route=%2Fwp%2Fv2%2Fcategories&post=7103"},{"taxonomy":"post_tag","embeddable":true,"href":"https:\/\/www.2-ruote.com\/IT\/index.php?rest_route=%2Fwp%2Fv2%2Ftags&post=7103"}],"curies":[{"name":"wp","href":"https:\/\/api.w.org\/{rel}","templated":true}]}}