{"id":810,"date":"2015-11-07T17:10:29","date_gmt":"2015-11-07T16:10:29","guid":{"rendered":"http:\/\/www.2-ruote.com\/It\/?p=810"},"modified":"2015-11-09T14:13:21","modified_gmt":"2015-11-09T13:13:21","slug":"petrucci-in-gran-forma-si-conquista-la-top-10-yonny-chiude-il-sabato-di-valencia-al-18-posto","status":"publish","type":"post","link":"https:\/\/www.2-ruote.com\/IT\/?p=810","title":{"rendered":"Petrucci in gran forma si conquista la Top 10. Yonny chiude il sabato di Valencia al 18\u00b0 posto"},"content":{"rendered":"<p style=\"text-align: justify;\">Danilo Petrucci conquista un&#8217;entusiasmante Top 10 nelle qualifiche del Gran Premio de la Comunitata Valenciana che domani chiuder\u00e0 la stagione 2015 di MotoGp. Yonny Hernandez si \u00e8 invece dovuto accontentare della 18\u00b0 posizione a causa di un errore in staccata che non gli ha permesso di sfruttare al meglio la gomma morbida nel time attack delle Q1.<\/p>\n<p>Dopo un clamoroso venerd\u00ec contraddistinto da uno straordinario sesto posto, Petrux ha avuto il merito di confermarsi anche durante la giornata di sabato conquistando la qualificazione diretta alla Q2 dopo aver girato velocissimo anche nelle FP4 (settimo tempo in assetto gara). Poi il buon crono di 1&#8217;31.292 in Q2 a 5 centesimi dalla terza fila e a due decimi dalla seconda.<\/p>\n<p>Yonny non \u00e8 riuscito a sfruttare al meglio il suo time attack in Q1 quando ha commesso un paio di errori chiudendo in 18\u00b0 posizione con il tempo 1&#8217;32.142. Non male il passo gara tenuto dal pilota colombiano che ha girato a 5 decimi dalla Top 10.<\/p>\n<blockquote>\n<p style=\"text-align: center;\"><strong>10\u00b0 Danilo Petrucci<\/strong><br \/>\nOCTO Pramac Racing #9<\/p>\n<p>Siamo rientrati per un soffio nelle Q2 e poi \u00e8 stato bello conquistare la Top 10. In qualifica ho fatto il mio miglior ma sono contento soprattutto per il passo gara. A Valencia i distacchi sono minimi e fare la differenza in qualifica \u00e8 difficile quindi siamo soddisfatti per quello che abbiamo fatto. Dobbiamo ancora sistemare delle cose ma abbiamo grande fiducia. Credo che la cosa pi\u00f9 importante sia partire bene perch\u00e8 superare \u00e8 difficile e i primi giri saranno determinanti.<\/p><\/blockquote>\n<p>&nbsp;<\/p>\n<blockquote>\n<p style=\"text-align: center;\"><strong>18\u00b0 &#8211; Yonny Hernandez<\/strong><br \/>\nOCTO Pramac Racing #68<\/p>\n<p>Avevo un buon feeling con la moto ma purtroppo ho commesso un paio di errori che non mi hanno permesso di fare un tempo buono per qualifica. Credevo di poter girare in 31 alto ma non ci sono riuscito. Devo partire bene domani e lottaree per conquistare punti nell&#8217;ultima gara della stagione.<\/p><\/blockquote>\n<div class=\"tiled-gallery type-rectangular tiled-gallery-unresized\" data-original-width=\"1140\" data-carousel-extra='{&quot;blog_id&quot;:1,&quot;permalink&quot;:&quot;https:\\\/\\\/www.2-ruote.com\\\/IT\\\/?p=810&quot;,&quot;likes_blog_id&quot;:101916954}' itemscope itemtype=\"http:\/\/schema.org\/ImageGallery\" > <div class=\"gallery-row\" style=\"width: 1140px; height: 381px;\" data-original-width=\"1140\" data-original-height=\"381\" > <div class=\"gallery-group images-1\" style=\"width: 570px; height: 381px;\" data-original-width=\"570\" data-original-height=\"381\" > <div class=\"tiled-gallery-item tiled-gallery-item-large\" itemprop=\"associatedMedia\" itemscope itemtype=\"http:\/\/schema.org\/ImageObject\"> <a href=\"https:\/\/i1.wp.com\/www.2-ruote.com\/IT\/wp-content\/uploads\/2015\/11\/18.jpg?ssl=1\" border=\"0\" itemprop=\"url\"> <meta itemprop=\"width\" content=\"566\"> <meta itemprop=\"height\" content=\"377\"> <img data-attachment-id=\"811\" data-orig-file=\"https:\/\/www.2-ruote.com\/IT\/wp-content\/uploads\/2015\/11\/18.jpg\" data-orig-size=\"780,520\" data-comments-opened=\"1\" data-image-meta=\"{&quot;aperture&quot;:&quot;0&quot;,&quot;credit&quot;:&quot;&quot;,&quot;camera&quot;:&quot;&quot;,&quot;caption&quot;:&quot;&quot;,&quot;created_timestamp&quot;:&quot;0&quot;,&quot;copyright&quot;:&quot;&quot;,&quot;focal_length&quot;:&quot;0&quot;,&quot;iso&quot;:&quot;0&quot;,&quot;shutter_speed&quot;:&quot;0&quot;,&quot;title&quot;:&quot;&quot;,&quot;orientation&quot;:&quot;0&quot;}\" data-image-title=\"1\" data-image-description=\"\" data-medium-file=\"https:\/\/i1.wp.com\/www.2-ruote.com\/IT\/wp-content\/uploads\/2015\/11\/18.jpg?fit=300%2C200&#038;ssl=1\" data-large-file=\"https:\/\/i1.wp.com\/www.2-ruote.com\/IT\/wp-content\/uploads\/2015\/11\/18.jpg?fit=780%2C520&#038;ssl=1\" src=\"https:\/\/i1.wp.com\/www.2-ruote.com\/IT\/wp-content\/uploads\/2015\/11\/18.jpg?w=566&#038;h=377&#038;ssl=1\" width=\"566\" height=\"377\" data-original-width=\"566\" data-original-height=\"377\" itemprop=\"http:\/\/schema.org\/image\" title=\"1\" alt=\"1\" style=\"width: 566px; height: 377px;\" \/> <\/a> <\/div> <\/div> <!-- close group --> <div class=\"gallery-group images-1\" style=\"width: 570px; height: 381px;\" data-original-width=\"570\" data-original-height=\"381\" > <div class=\"tiled-gallery-item tiled-gallery-item-large\" itemprop=\"associatedMedia\" itemscope itemtype=\"http:\/\/schema.org\/ImageObject\"> <a href=\"https:\/\/i1.wp.com\/www.2-ruote.com\/IT\/wp-content\/uploads\/2015\/11\/23.jpg?ssl=1\" border=\"0\" itemprop=\"url\"> <meta itemprop=\"width\" content=\"566\"> <meta itemprop=\"height\" content=\"377\"> <img data-attachment-id=\"812\" data-orig-file=\"https:\/\/www.2-ruote.com\/IT\/wp-content\/uploads\/2015\/11\/23.jpg\" data-orig-size=\"780,520\" data-comments-opened=\"1\" data-image-meta=\"{&quot;aperture&quot;:&quot;0&quot;,&quot;credit&quot;:&quot;&quot;,&quot;camera&quot;:&quot;&quot;,&quot;caption&quot;:&quot;&quot;,&quot;created_timestamp&quot;:&quot;0&quot;,&quot;copyright&quot;:&quot;&quot;,&quot;focal_length&quot;:&quot;0&quot;,&quot;iso&quot;:&quot;0&quot;,&quot;shutter_speed&quot;:&quot;0&quot;,&quot;title&quot;:&quot;&quot;,&quot;orientation&quot;:&quot;0&quot;}\" data-image-title=\"2\" data-image-description=\"\" data-medium-file=\"https:\/\/i1.wp.com\/www.2-ruote.com\/IT\/wp-content\/uploads\/2015\/11\/23.jpg?fit=300%2C200&#038;ssl=1\" data-large-file=\"https:\/\/i1.wp.com\/www.2-ruote.com\/IT\/wp-content\/uploads\/2015\/11\/23.jpg?fit=780%2C520&#038;ssl=1\" src=\"https:\/\/i1.wp.com\/www.2-ruote.com\/IT\/wp-content\/uploads\/2015\/11\/23.jpg?w=566&#038;h=377&#038;ssl=1\" width=\"566\" height=\"377\" data-original-width=\"566\" data-original-height=\"377\" itemprop=\"http:\/\/schema.org\/image\" title=\"2\" alt=\"2\" style=\"width: 566px; height: 377px;\" \/> <\/a> <\/div> <\/div> <!-- close group --> <\/div> <!-- close row --> <\/div>\n<div class=\"sharedaddy sd-sharing-enabled\"><div class=\"robots-nocontent sd-block sd-social sd-social-icon sd-sharing\"><h3 class=\"sd-title\">Condividi:<\/h3><div class=\"sd-content\"><ul><li class=\"share-facebook\"><a rel=\"nofollow noopener noreferrer\" data-shared=\"sharing-facebook-810\" class=\"share-facebook sd-button share-icon no-text\" href=\"https:\/\/www.2-ruote.com\/IT\/?p=810&amp;share=facebook\" target=\"_blank\" title=\"Fai clic per condividere su Facebook\"><span><\/span><span class=\"sharing-screen-reader-text\">Fai clic per condividere su Facebook (Si apre in una nuova finestra)<\/span><\/a><\/li><li class=\"share-twitter\"><a rel=\"nofollow noopener noreferrer\" data-shared=\"sharing-twitter-810\" class=\"share-twitter sd-button share-icon no-text\" href=\"https:\/\/www.2-ruote.com\/IT\/?p=810&amp;share=twitter\" target=\"_blank\" title=\"Fai clic qui per condividere su Twitter\"><span><\/span><span class=\"sharing-screen-reader-text\">Fai clic qui per condividere su Twitter (Si apre in una nuova finestra)<\/span><\/a><\/li><li class=\"share-pinterest\"><a rel=\"nofollow noopener noreferrer\" data-shared=\"sharing-pinterest-810\" class=\"share-pinterest sd-button share-icon no-text\" href=\"https:\/\/www.2-ruote.com\/IT\/?p=810&amp;share=pinterest\" target=\"_blank\" title=\"Fai clic qui per condividere su Pinterest\"><span><\/span><span class=\"sharing-screen-reader-text\">Fai clic qui per condividere su Pinterest (Si apre in una nuova finestra)<\/span><\/a><\/li><li class=\"share-whatsapp\"><a rel=\"nofollow noopener noreferrer\" data-shared=\"\" class=\"share-whatsapp sd-button share-icon no-text\" href=\"https:\/\/www.2-ruote.com\/IT\/?p=810&amp;share=whatsapp\" target=\"_blank\" title=\"Clicca per condividere su WhatsApp\"><span><\/span><span class=\"sharing-screen-reader-text\">Clicca per condividere su WhatsApp (Si apre in una nuova finestra)<\/span><\/a><\/li><li class=\"share-linkedin\"><a rel=\"nofollow noopener noreferrer\" data-shared=\"sharing-linkedin-810\" class=\"share-linkedin sd-button share-icon no-text\" href=\"https:\/\/www.2-ruote.com\/IT\/?p=810&amp;share=linkedin\" target=\"_blank\" title=\"Fai clic qui per condividere su LinkedIn\"><span><\/span><span class=\"sharing-screen-reader-text\">Fai clic qui per condividere su LinkedIn (Si apre in una nuova finestra)<\/span><\/a><\/li><li class=\"share-tumblr\"><a rel=\"nofollow noopener noreferrer\" data-shared=\"\" class=\"share-tumblr sd-button share-icon no-text\" href=\"https:\/\/www.2-ruote.com\/IT\/?p=810&amp;share=tumblr\" target=\"_blank\" title=\"Fai clic qui per condividere su Tumblr\"><span><\/span><span class=\"sharing-screen-reader-text\">Fai clic qui per condividere su Tumblr (Si apre in una nuova finestra)<\/span><\/a><\/li><li class=\"share-pocket\"><a rel=\"nofollow noopener noreferrer\" data-shared=\"\" class=\"share-pocket sd-button share-icon no-text\" href=\"https:\/\/www.2-ruote.com\/IT\/?p=810&amp;share=pocket\" target=\"_blank\" title=\"Fai clic qui per condividere su Pocket\"><span><\/span><span class=\"sharing-screen-reader-text\">Fai clic qui per condividere su Pocket (Si apre in una nuova finestra)<\/span><\/a><\/li><li class=\"share-reddit\"><a rel=\"nofollow noopener noreferrer\" data-shared=\"\" class=\"share-reddit sd-button share-icon no-text\" href=\"https:\/\/www.2-ruote.com\/IT\/?p=810&amp;share=reddit\" target=\"_blank\" title=\"Fai clic qui per condividere su Reddit\"><span><\/span><span class=\"sharing-screen-reader-text\">Fai clic qui per condividere su Reddit (Si apre in una nuova finestra)<\/span><\/a><\/li><li class=\"share-print\"><a rel=\"nofollow noopener noreferrer\" data-shared=\"\" class=\"share-print sd-button share-icon no-text\" href=\"https:\/\/www.2-ruote.com\/IT\/?p=810\" target=\"_blank\" title=\"Fai clic qui per stampare\"><span><\/span><span class=\"sharing-screen-reader-text\">Fai clic qui per stampare (Si apre in una nuova finestra)<\/span><\/a><\/li><li class=\"share-end\"><\/li><\/ul><\/div><\/div><\/div>","protected":false},"excerpt":{"rendered":"<p>Danilo Petrucci conquista un&#8217;entusiasmante Top 10 nelle qualifiche del Gran Premio de la Comunitata Valenciana che domani chiuder\u00e0 la stagione&hellip;<\/p>\n<div class=\"sharedaddy sd-sharing-enabled\"><div class=\"robots-nocontent sd-block sd-social sd-social-icon sd-sharing\"><h3 class=\"sd-title\">Condividi:<\/h3><div class=\"sd-content\"><ul><li class=\"share-facebook\"><a rel=\"nofollow noopener noreferrer\" data-shared=\"sharing-facebook-810\" class=\"share-facebook sd-button share-icon no-text\" href=\"https:\/\/www.2-ruote.com\/IT\/?p=810&amp;share=facebook\" target=\"_blank\" title=\"Fai clic per condividere su Facebook\"><span><\/span><span class=\"sharing-screen-reader-text\">Fai clic per condividere su Facebook (Si apre in una nuova finestra)<\/span><\/a><\/li><li class=\"share-twitter\"><a rel=\"nofollow noopener noreferrer\" data-shared=\"sharing-twitter-810\" class=\"share-twitter sd-button share-icon no-text\" href=\"https:\/\/www.2-ruote.com\/IT\/?p=810&amp;share=twitter\" target=\"_blank\" title=\"Fai clic qui per condividere su Twitter\"><span><\/span><span class=\"sharing-screen-reader-text\">Fai clic qui per condividere su Twitter (Si apre in una nuova finestra)<\/span><\/a><\/li><li class=\"share-pinterest\"><a rel=\"nofollow noopener noreferrer\" data-shared=\"sharing-pinterest-810\" class=\"share-pinterest sd-button share-icon no-text\" href=\"https:\/\/www.2-ruote.com\/IT\/?p=810&amp;share=pinterest\" target=\"_blank\" title=\"Fai clic qui per condividere su Pinterest\"><span><\/span><span class=\"sharing-screen-reader-text\">Fai clic qui per condividere su Pinterest (Si apre in una nuova finestra)<\/span><\/a><\/li><li class=\"share-whatsapp\"><a rel=\"nofollow noopener noreferrer\" data-shared=\"\" class=\"share-whatsapp sd-button share-icon no-text\" href=\"https:\/\/www.2-ruote.com\/IT\/?p=810&amp;share=whatsapp\" target=\"_blank\" title=\"Clicca per condividere su WhatsApp\"><span><\/span><span class=\"sharing-screen-reader-text\">Clicca per condividere su WhatsApp (Si apre in una nuova finestra)<\/span><\/a><\/li><li class=\"share-linkedin\"><a rel=\"nofollow noopener noreferrer\" data-shared=\"sharing-linkedin-810\" class=\"share-linkedin sd-button share-icon no-text\" href=\"https:\/\/www.2-ruote.com\/IT\/?p=810&amp;share=linkedin\" target=\"_blank\" title=\"Fai clic qui per condividere su LinkedIn\"><span><\/span><span class=\"sharing-screen-reader-text\">Fai clic qui per condividere su LinkedIn (Si apre in una nuova finestra)<\/span><\/a><\/li><li class=\"share-tumblr\"><a rel=\"nofollow noopener noreferrer\" data-shared=\"\" class=\"share-tumblr sd-button share-icon no-text\" href=\"https:\/\/www.2-ruote.com\/IT\/?p=810&amp;share=tumblr\" target=\"_blank\" title=\"Fai clic qui per condividere su Tumblr\"><span><\/span><span class=\"sharing-screen-reader-text\">Fai clic qui per condividere su Tumblr (Si apre in una nuova finestra)<\/span><\/a><\/li><li class=\"share-pocket\"><a rel=\"nofollow noopener noreferrer\" data-shared=\"\" class=\"share-pocket sd-button share-icon no-text\" href=\"https:\/\/www.2-ruote.com\/IT\/?p=810&amp;share=pocket\" target=\"_blank\" title=\"Fai clic qui per condividere su Pocket\"><span><\/span><span class=\"sharing-screen-reader-text\">Fai clic qui per condividere su Pocket (Si apre in una nuova finestra)<\/span><\/a><\/li><li class=\"share-reddit\"><a rel=\"nofollow noopener noreferrer\" data-shared=\"\" class=\"share-reddit sd-button share-icon no-text\" href=\"https:\/\/www.2-ruote.com\/IT\/?p=810&amp;share=reddit\" target=\"_blank\" title=\"Fai clic qui per condividere su Reddit\"><span><\/span><span class=\"sharing-screen-reader-text\">Fai clic qui per condividere su Reddit (Si apre in una nuova finestra)<\/span><\/a><\/li><li class=\"share-print\"><a rel=\"nofollow noopener noreferrer\" data-shared=\"\" class=\"share-print sd-button share-icon no-text\" href=\"https:\/\/www.2-ruote.com\/IT\/?p=810\" target=\"_blank\" title=\"Fai clic qui per stampare\"><span><\/span><span class=\"sharing-screen-reader-text\">Fai clic qui per stampare (Si apre in una nuova finestra)<\/span><\/a><\/li><li class=\"share-end\"><\/li><\/ul><\/div><\/div><\/div>","protected":false},"author":1,"featured_media":812,"comment_status":"open","ping_status":"open","sticky":false,"template":"","format":"standard","meta":{"_mi_skip_tracking":false,"_monsterinsights_sitenote_active":false,"_monsterinsights_sitenote_note":"","_monsterinsights_sitenote_category":0,"spay_email":"","jetpack_publicize_message":"","jetpack_is_tweetstorm":false},"categories":[3,4,1],"tags":[],"aioseo_notices":[],"jetpack_featured_media_url":"https:\/\/i1.wp.com\/www.2-ruote.com\/IT\/wp-content\/uploads\/2015\/11\/23.jpg?fit=780%2C520&ssl=1","jetpack_publicize_connections":[],"jetpack_sharing_enabled":true,"jetpack_shortlink":"https:\/\/wp.me\/p6TDfQ-d4","jetpack-related-posts":[{"id":771,"url":"https:\/\/www.2-ruote.com\/IT\/?p=771","url_meta":{"origin":810,"position":0},"title":"Petrux inizia alla grande il venerd\u00ec di Valencia. Buon feeling anche per Yonny","date":"6 Novembre 2015","format":false,"excerpt":"#TheGrandFinale inizia alla grande per OCTO Pramac Racing che al termine delle FP2 celebra il fantastico 6\u00b0 posto di Danilo Petrucci ed il buon feeling di Yonny Hernadez che ha fatto registrare il 13\u00b0 tempo. Sul circuito Ricardo Tormo di Valencia, l'ultimo venerd\u00ec della stagione ha visto protagonista il pilota\u2026","rel":"","context":"In &quot;MotoGP&quot;","img":{"alt_text":"","src":"https:\/\/i2.wp.com\/www.2-ruote.com\/IT\/wp-content\/uploads\/2015\/11\/16.jpg?fit=780%2C520&ssl=1&resize=350%2C200","width":350,"height":200},"classes":[]},{"id":926,"url":"https:\/\/www.2-ruote.com\/IT\/?p=926","url_meta":{"origin":810,"position":1},"title":"Le pagelle del 2015 - Giacomo Guidotti su Yonny, Scott e gli obiettivi 2016","date":"23 Novembre 2015","format":false,"excerpt":"Dopo i voti del Team Manager Francesco Guidotti (scoprili su www.pramacracing.com) \u00e8 il momento di conoscere le sensazioni dei due crew-chief di OCTO Pramac Racing. Oggi \u00e8 il turno di Giacomo Guidotti che fa le pagelle alla stagione 2015 con Yonny Hernandez e ci racconta le prime sensazioni dei test\u2026","rel":"","context":"In &quot;MotoGP&quot;","img":{"alt_text":"","src":"https:\/\/i0.wp.com\/www.2-ruote.com\/IT\/wp-content\/uploads\/2015\/11\/25.jpg?fit=693%2C520&ssl=1&resize=350%2C200","width":350,"height":200},"classes":[]},{"id":792,"url":"https:\/\/www.2-ruote.com\/IT\/?p=792","url_meta":{"origin":810,"position":2},"title":"Per Petrux una fantastica Top 10. Yonny emozionato: \"Grazie a tutti, mi mancherete\".","date":"8 Novembre 2015","format":false,"excerpt":"La straordinaria stagione di Danilo Petrucci si conclude con la Top 10 nella classifica del campionato mondiale. Yonny chiude in 14\u00b0 posizione e ringrazia il team dopo due anni intensi. Questi gli high lights di OCTO Pramac Racing sotto la bandiera a scacchi dell'ultimo Gp della stagione, #TheGrandFinale vinta da\u2026","rel":"","context":"In &quot;MotoGP&quot;","img":{"alt_text":"","src":"https:\/\/i0.wp.com\/www.2-ruote.com\/IT\/wp-content\/uploads\/2015\/11\/17.jpg?resize=350%2C200","width":350,"height":200},"classes":[]},{"id":922,"url":"https:\/\/www.2-ruote.com\/IT\/?p=922","url_meta":{"origin":810,"position":3},"title":"La stagione 2015 di OCTO Pramac Racing nelle pagelle di Francesco Guidotti","date":"17 Novembre 2015","format":false,"excerpt":"E\u2019 stata la stagione pi\u00f9 emozionante, combattuta, coinvolgente e discussa. La sensazione che la competitivit\u00e0 fosse cresciuta verticalmente rispetto allo scorso anno era stata forte fin dai test invernali. E il Campionato del Mondo 2015 di MotoGp non ha tradito le attese con un fantastico testa a testa di vertice\u2026","rel":"","context":"In &quot;MotoGP&quot;","img":{"alt_text":"","src":"https:\/\/i1.wp.com\/www.2-ruote.com\/IT\/wp-content\/uploads\/2015\/11\/ff.jpg?fit=696%2C520&ssl=1&resize=350%2C200","width":350,"height":200},"classes":[]},{"id":930,"url":"https:\/\/www.2-ruote.com\/IT\/?p=930","url_meta":{"origin":810,"position":4},"title":"Daniele Romagnoli d\u00e0 i voti alla stagione 2015: \"Petrux ha sorpreso tutti. Grande lavoro del team\"","date":"23 Novembre 2015","format":false,"excerpt":"Terzo appuntamento con le pagelle della stagione 2015 di OCTO Pramac Racing. Dopo i voti del Team Manager Francesco Guidotti e di Giacomo Guidotti che dopo aver guidato Yonny Hernandez sar\u00e0 il crew chief di Scotte Redding nella prossima stagione, oggi \u00e8 il turno di Daniele Romagnoli che d\u00e0 i\u2026","rel":"","context":"In &quot;MotoGP&quot;","img":{"alt_text":"","src":"https:\/\/i0.wp.com\/www.2-ruote.com\/IT\/wp-content\/uploads\/2015\/11\/112.jpg?fit=684%2C456&ssl=1&resize=350%2C200","width":350,"height":200},"classes":[]},{"id":614,"url":"https:\/\/www.2-ruote.com\/IT\/?p=614","url_meta":{"origin":810,"position":5},"title":"Paolo Campinoti: \"Un onore aver sponsorizzato il GP di Australia\". Per Pramac un bilancio straordinario","date":"4 Novembre 2015","format":false,"excerpt":"Nella settimana che si concluder\u00e0 con il Gran Premio de la Comunitat Valenciana, ultima tappa della stagione 2015 di MotoGp, \u00e8 giunto il momento di tracciare un bilancio sull'esperienza australiana che ha visto Pramac protagonista come title sponsor dell'Australian Motorcycle Grand Prix di Phillip Island che da molti addetti ai\u2026","rel":"","context":"In &quot;MotoGP&quot;","img":{"alt_text":"","src":"https:\/\/i0.wp.com\/www.2-ruote.com\/IT\/wp-content\/uploads\/2015\/11\/1.png?fit=708%2C520&ssl=1&resize=350%2C200","width":350,"height":200},"classes":[]}],"jetpack_likes_enabled":true,"_links":{"self":[{"href":"https:\/\/www.2-ruote.com\/IT\/index.php?rest_route=\/wp\/v2\/posts\/810"}],"collection":[{"href":"https:\/\/www.2-ruote.com\/IT\/index.php?rest_route=\/wp\/v2\/posts"}],"about":[{"href":"https:\/\/www.2-ruote.com\/IT\/index.php?rest_route=\/wp\/v2\/types\/post"}],"author":[{"embeddable":true,"href":"https:\/\/www.2-ruote.com\/IT\/index.php?rest_route=\/wp\/v2\/users\/1"}],"replies":[{"embeddable":true,"href":"https:\/\/www.2-ruote.com\/IT\/index.php?rest_route=%2Fwp%2Fv2%2Fcomments&post=810"}],"version-history":[{"count":1,"href":"https:\/\/www.2-ruote.com\/IT\/index.php?rest_route=\/wp\/v2\/posts\/810\/revisions"}],"predecessor-version":[{"id":813,"href":"https:\/\/www.2-ruote.com\/IT\/index.php?rest_route=\/wp\/v2\/posts\/810\/revisions\/813"}],"wp:featuredmedia":[{"embeddable":true,"href":"https:\/\/www.2-ruote.com\/IT\/index.php?rest_route=\/wp\/v2\/media\/812"}],"wp:attachment":[{"href":"https:\/\/www.2-ruote.com\/IT\/index.php?rest_route=%2Fwp%2Fv2%2Fmedia&parent=810"}],"wp:term":[{"taxonomy":"category","embeddable":true,"href":"https:\/\/www.2-ruote.com\/IT\/index.php?rest_route=%2Fwp%2Fv2%2Fcategories&post=810"},{"taxonomy":"post_tag","embeddable":true,"href":"https:\/\/www.2-ruote.com\/IT\/index.php?rest_route=%2Fwp%2Fv2%2Ftags&post=810"}],"curies":[{"name":"wp","href":"https:\/\/api.w.org\/{rel}","templated":true}]}}