{"id":871,"date":"2015-11-12T09:30:14","date_gmt":"2015-11-12T08:30:14","guid":{"rendered":"http:\/\/www.2-ruote.com\/It\/?p=871"},"modified":"2015-11-12T09:30:14","modified_gmt":"2015-11-12T08:30:14","slug":"le-prime-impressioni-di-petrux-11-e-scott-13-dopo-i-test-di-valencia","status":"publish","type":"post","link":"https:\/\/www.2-ruote.com\/IT\/?p=871","title":{"rendered":"Le prime impressioni di Petrux (11\u00b0) e Scott (13\u00b0) dopo i test di Valencia"},"content":{"rendered":"<p class=\"jetpack-slideshow-noscript robots-nocontent\">Questo slideshow richiede JavaScript.<\/p><div id=\"gallery-871-1-slideshow\" class=\"slideshow-window jetpack-slideshow slideshow-black\" data-trans=\"fade\" data-autostart=\"1\" data-gallery=\"[{&quot;src&quot;:&quot;https:\\\/\\\/i0.wp.com\\\/www.2-ruote.com\\\/IT\\\/wp-content\\\/uploads\\\/2015\\\/11\\\/19.jpg?fit=780%2C520\\u0026ssl=1&quot;,&quot;id&quot;:&quot;872&quot;,&quot;title&quot;:&quot;1&quot;,&quot;alt&quot;:&quot;&quot;,&quot;caption&quot;:&quot;&quot;,&quot;itemprop&quot;:&quot;image&quot;},{&quot;src&quot;:&quot;https:\\\/\\\/i2.wp.com\\\/www.2-ruote.com\\\/IT\\\/wp-content\\\/uploads\\\/2015\\\/11\\\/24.jpg?fit=780%2C520\\u0026ssl=1&quot;,&quot;id&quot;:&quot;873&quot;,&quot;title&quot;:&quot;2&quot;,&quot;alt&quot;:&quot;&quot;,&quot;caption&quot;:&quot;&quot;,&quot;itemprop&quot;:&quot;image&quot;}]\" itemscope itemtype=\"https:\/\/schema.org\/ImageGallery\"><\/div>\n<p style=\"text-align: justify;\">Al termine dei test ufficiali di Valencia \u00e8 il momento per tracciare un bilancio con Danilo Petrucci e Scott Redding che negli ultimi due giorni hanno avuto modo di prendere confidenza con la Ducati Desmosedici GP griffata OCTO Pramac Racing Team e gi\u00e0 settata interamente sulla nuova configurazione 2016.<\/p>\n<p>Per Petrux una giornata molto intensa in cui il pilota di Terni \u00e8 stato tra i pi\u00f9 attivi (62 due giri collezionati, pi\u00f9 di lui solo Smith con 71) e la soddisfazione di aver girato nell&#8217;ultima run con un ottimo passo chiudendo con il tempo di 1&#8217;31.717 a soli 23 millesimi dalla Top 10.<\/p>\n<p>Alla sua prima esperienza sulla nuova Ducati, Scott ha avuto il merito di concludere 54 giri senza commettere errori che avrebbero potuto rallentare lo sviluppo della moto. Il tempo di 1&#8217;31.901 (con una velocit\u00e0 di punta di 324.4) gli \u00e8 valso la 13\u00b0 posizione nei primi test della nuova avventura con OCTO Pramac Racing.<\/p>\n<blockquote>\n<p style=\"text-align: center;\"><strong>11\u00b0 &#8211; Danilo Petrucci<\/strong><br \/>\nOCTO Pramac Racing #9<\/p>\n<p style=\"text-align: justify;\">Sono solo i primi giorni e servono per prendere fiducia, senza guardare molto ai tempi. Anche perch\u00e8 andare dentro con gomme nuove e spingere subito non \u00e8 facile. Abbiamo lavorato per creare il feeling. Sono rimasto nello stesso team ma per me \u00e8 tutto nuovo: moto, gomme, elettronica. E&#8217; stato un salto molto grande. La squadra ha gi\u00e0 fatto un lavorone in questi due giorni anche se dobbiamo fare molti chilometri visto che siamo un po&#8217; lontano da dove vorremmo essere. Devo ammettere di essere un po&#8217; stanco anche perch\u00e8 fare i test a fine campionato non \u00e8 il massimo in termini di motivazione. Ma posso confessare che avrei voglia di tornare a correre domani in pista. Per questo andiamo a Jerez con la determinazione e la grinta necessaria per fare ulteriori passi in avanti.<\/p>\n<\/blockquote>\n<p style=\"text-align: justify;\">\n<blockquote>\n<p style=\"text-align: center;\">\n<strong>13\u00b0 &#8211; Scott Redding<\/strong><br \/>\nOCTO Pramac Racing #45<\/p>\n<p style=\"text-align: justify;\">Sono molto contento per questi primi due giorni. Inizia una nuova avventura e non mi interessa molto cosa dice il cronometro. Abbiamo lavorato soprattutto per trovare il giusto feeling, in particolar modo sull&#8217;anteriore. La prima volta che sali su una moto nuova \u00e8 importante avere subito buone sensazioni ed io mi sono sentito immediatamente a mio agio. Poi con il team si \u00e8 gi\u00e0 instaurato un ottimo rapporto. Non vedo l&#8217;ora di andare a Jerez per continuare a lavorare e cresce.<\/p>\n<\/blockquote>\n<div class=\"sharedaddy sd-sharing-enabled\"><div class=\"robots-nocontent sd-block sd-social sd-social-icon sd-sharing\"><h3 class=\"sd-title\">Condividi:<\/h3><div class=\"sd-content\"><ul><li class=\"share-facebook\"><a rel=\"nofollow noopener noreferrer\" data-shared=\"sharing-facebook-871\" class=\"share-facebook sd-button share-icon no-text\" href=\"https:\/\/www.2-ruote.com\/IT\/?p=871&amp;share=facebook\" target=\"_blank\" title=\"Fai clic per condividere su Facebook\"><span><\/span><span class=\"sharing-screen-reader-text\">Fai clic per condividere su Facebook (Si apre in una nuova finestra)<\/span><\/a><\/li><li class=\"share-twitter\"><a rel=\"nofollow noopener noreferrer\" data-shared=\"sharing-twitter-871\" class=\"share-twitter sd-button share-icon no-text\" href=\"https:\/\/www.2-ruote.com\/IT\/?p=871&amp;share=twitter\" target=\"_blank\" title=\"Fai clic qui per condividere su Twitter\"><span><\/span><span class=\"sharing-screen-reader-text\">Fai clic qui per condividere su Twitter (Si apre in una nuova finestra)<\/span><\/a><\/li><li class=\"share-pinterest\"><a rel=\"nofollow noopener noreferrer\" data-shared=\"sharing-pinterest-871\" class=\"share-pinterest sd-button share-icon no-text\" href=\"https:\/\/www.2-ruote.com\/IT\/?p=871&amp;share=pinterest\" target=\"_blank\" title=\"Fai clic qui per condividere su Pinterest\"><span><\/span><span class=\"sharing-screen-reader-text\">Fai clic qui per condividere su Pinterest (Si apre in una nuova finestra)<\/span><\/a><\/li><li class=\"share-whatsapp\"><a rel=\"nofollow noopener noreferrer\" data-shared=\"\" class=\"share-whatsapp sd-button share-icon no-text\" href=\"https:\/\/www.2-ruote.com\/IT\/?p=871&amp;share=whatsapp\" target=\"_blank\" title=\"Clicca per condividere su WhatsApp\"><span><\/span><span class=\"sharing-screen-reader-text\">Clicca per condividere su WhatsApp (Si apre in una nuova finestra)<\/span><\/a><\/li><li class=\"share-linkedin\"><a rel=\"nofollow noopener noreferrer\" data-shared=\"sharing-linkedin-871\" class=\"share-linkedin sd-button share-icon no-text\" href=\"https:\/\/www.2-ruote.com\/IT\/?p=871&amp;share=linkedin\" target=\"_blank\" title=\"Fai clic qui per condividere su LinkedIn\"><span><\/span><span class=\"sharing-screen-reader-text\">Fai clic qui per condividere su LinkedIn (Si apre in una nuova finestra)<\/span><\/a><\/li><li class=\"share-tumblr\"><a rel=\"nofollow noopener noreferrer\" data-shared=\"\" class=\"share-tumblr sd-button share-icon no-text\" href=\"https:\/\/www.2-ruote.com\/IT\/?p=871&amp;share=tumblr\" target=\"_blank\" title=\"Fai clic qui per condividere su Tumblr\"><span><\/span><span class=\"sharing-screen-reader-text\">Fai clic qui per condividere su Tumblr (Si apre in una nuova finestra)<\/span><\/a><\/li><li class=\"share-pocket\"><a rel=\"nofollow noopener noreferrer\" data-shared=\"\" class=\"share-pocket sd-button share-icon no-text\" href=\"https:\/\/www.2-ruote.com\/IT\/?p=871&amp;share=pocket\" target=\"_blank\" title=\"Fai clic qui per condividere su Pocket\"><span><\/span><span class=\"sharing-screen-reader-text\">Fai clic qui per condividere su Pocket (Si apre in una nuova finestra)<\/span><\/a><\/li><li class=\"share-reddit\"><a rel=\"nofollow noopener noreferrer\" data-shared=\"\" class=\"share-reddit sd-button share-icon no-text\" href=\"https:\/\/www.2-ruote.com\/IT\/?p=871&amp;share=reddit\" target=\"_blank\" title=\"Fai clic qui per condividere su Reddit\"><span><\/span><span class=\"sharing-screen-reader-text\">Fai clic qui per condividere su Reddit (Si apre in una nuova finestra)<\/span><\/a><\/li><li class=\"share-print\"><a rel=\"nofollow noopener noreferrer\" data-shared=\"\" class=\"share-print sd-button share-icon no-text\" href=\"https:\/\/www.2-ruote.com\/IT\/?p=871\" target=\"_blank\" title=\"Fai clic qui per stampare\"><span><\/span><span class=\"sharing-screen-reader-text\">Fai clic qui per stampare (Si apre in una nuova finestra)<\/span><\/a><\/li><li class=\"share-end\"><\/li><\/ul><\/div><\/div><\/div>","protected":false},"excerpt":{"rendered":"<p>Al termine dei test ufficiali di Valencia \u00e8 il momento per tracciare un bilancio con Danilo Petrucci e Scott Redding&hellip;<\/p>\n<div class=\"sharedaddy sd-sharing-enabled\"><div class=\"robots-nocontent sd-block sd-social sd-social-icon sd-sharing\"><h3 class=\"sd-title\">Condividi:<\/h3><div class=\"sd-content\"><ul><li class=\"share-facebook\"><a rel=\"nofollow noopener noreferrer\" data-shared=\"sharing-facebook-871\" class=\"share-facebook sd-button share-icon no-text\" href=\"https:\/\/www.2-ruote.com\/IT\/?p=871&amp;share=facebook\" target=\"_blank\" title=\"Fai clic per condividere su Facebook\"><span><\/span><span class=\"sharing-screen-reader-text\">Fai clic per condividere su Facebook (Si apre in una nuova finestra)<\/span><\/a><\/li><li class=\"share-twitter\"><a rel=\"nofollow noopener noreferrer\" data-shared=\"sharing-twitter-871\" class=\"share-twitter sd-button share-icon no-text\" href=\"https:\/\/www.2-ruote.com\/IT\/?p=871&amp;share=twitter\" target=\"_blank\" title=\"Fai clic qui per condividere su Twitter\"><span><\/span><span class=\"sharing-screen-reader-text\">Fai clic qui per condividere su Twitter (Si apre in una nuova finestra)<\/span><\/a><\/li><li class=\"share-pinterest\"><a rel=\"nofollow noopener noreferrer\" data-shared=\"sharing-pinterest-871\" class=\"share-pinterest sd-button share-icon no-text\" href=\"https:\/\/www.2-ruote.com\/IT\/?p=871&amp;share=pinterest\" target=\"_blank\" title=\"Fai clic qui per condividere su Pinterest\"><span><\/span><span class=\"sharing-screen-reader-text\">Fai clic qui per condividere su Pinterest (Si apre in una nuova finestra)<\/span><\/a><\/li><li class=\"share-whatsapp\"><a rel=\"nofollow noopener noreferrer\" data-shared=\"\" class=\"share-whatsapp sd-button share-icon no-text\" href=\"https:\/\/www.2-ruote.com\/IT\/?p=871&amp;share=whatsapp\" target=\"_blank\" title=\"Clicca per condividere su WhatsApp\"><span><\/span><span class=\"sharing-screen-reader-text\">Clicca per condividere su WhatsApp (Si apre in una nuova finestra)<\/span><\/a><\/li><li class=\"share-linkedin\"><a rel=\"nofollow noopener noreferrer\" data-shared=\"sharing-linkedin-871\" class=\"share-linkedin sd-button share-icon no-text\" href=\"https:\/\/www.2-ruote.com\/IT\/?p=871&amp;share=linkedin\" target=\"_blank\" title=\"Fai clic qui per condividere su LinkedIn\"><span><\/span><span class=\"sharing-screen-reader-text\">Fai clic qui per condividere su LinkedIn (Si apre in una nuova finestra)<\/span><\/a><\/li><li class=\"share-tumblr\"><a rel=\"nofollow noopener noreferrer\" data-shared=\"\" class=\"share-tumblr sd-button share-icon no-text\" href=\"https:\/\/www.2-ruote.com\/IT\/?p=871&amp;share=tumblr\" target=\"_blank\" title=\"Fai clic qui per condividere su Tumblr\"><span><\/span><span class=\"sharing-screen-reader-text\">Fai clic qui per condividere su Tumblr (Si apre in una nuova finestra)<\/span><\/a><\/li><li class=\"share-pocket\"><a rel=\"nofollow noopener noreferrer\" data-shared=\"\" class=\"share-pocket sd-button share-icon no-text\" href=\"https:\/\/www.2-ruote.com\/IT\/?p=871&amp;share=pocket\" target=\"_blank\" title=\"Fai clic qui per condividere su Pocket\"><span><\/span><span class=\"sharing-screen-reader-text\">Fai clic qui per condividere su Pocket (Si apre in una nuova finestra)<\/span><\/a><\/li><li class=\"share-reddit\"><a rel=\"nofollow noopener noreferrer\" data-shared=\"\" class=\"share-reddit sd-button share-icon no-text\" href=\"https:\/\/www.2-ruote.com\/IT\/?p=871&amp;share=reddit\" target=\"_blank\" title=\"Fai clic qui per condividere su Reddit\"><span><\/span><span class=\"sharing-screen-reader-text\">Fai clic qui per condividere su Reddit (Si apre in una nuova finestra)<\/span><\/a><\/li><li class=\"share-print\"><a rel=\"nofollow noopener noreferrer\" data-shared=\"\" class=\"share-print sd-button share-icon no-text\" href=\"https:\/\/www.2-ruote.com\/IT\/?p=871\" target=\"_blank\" title=\"Fai clic qui per stampare\"><span><\/span><span class=\"sharing-screen-reader-text\">Fai clic qui per stampare (Si apre in una nuova finestra)<\/span><\/a><\/li><li class=\"share-end\"><\/li><\/ul><\/div><\/div><\/div>","protected":false},"author":1,"featured_media":873,"comment_status":"open","ping_status":"open","sticky":false,"template":"","format":"standard","meta":{"_mi_skip_tracking":false,"_monsterinsights_sitenote_active":false,"_monsterinsights_sitenote_note":"","_monsterinsights_sitenote_category":0,"spay_email":"","jetpack_publicize_message":"","jetpack_is_tweetstorm":false},"categories":[3,4,1],"tags":[],"aioseo_notices":[],"jetpack_featured_media_url":"https:\/\/i2.wp.com\/www.2-ruote.com\/IT\/wp-content\/uploads\/2015\/11\/24.jpg?fit=780%2C520&ssl=1","jetpack_publicize_connections":[],"jetpack_sharing_enabled":true,"jetpack_shortlink":"https:\/\/wp.me\/p6TDfQ-e3","jetpack-related-posts":[{"id":964,"url":"https:\/\/www.2-ruote.com\/IT\/?p=964","url_meta":{"origin":871,"position":0},"title":"Test di Jerez: le impressioni di Redding, Petrucci, Guidotti e Romagnoli","date":"30 Novembre 2015","format":false,"excerpt":"Con i test di Jerez si sono concluse le attivit\u00e0 2015 di OCTO Pramac Racing che pu\u00f2 godersi lo stop invernale con la certezza di aver svolto un gran lavoro sia per quanto riguarda l'inserimento nel team di Scott Redding che nell'approccio con la nuova Ducati Desmosedici Gp su cui\u2026","rel":"","context":"In &quot;MotoGP&quot;","img":{"alt_text":"","src":"https:\/\/i1.wp.com\/www.2-ruote.com\/IT\/wp-content\/uploads\/2015\/11\/114.jpg?fit=780%2C520&ssl=1&resize=350%2C200","width":350,"height":200},"classes":[]},{"id":4025,"url":"https:\/\/www.2-ruote.com\/IT\/?p=4025","url_meta":{"origin":871,"position":1},"title":"Inizio molto positivo nei primi test ufficiali della stagione 2016: a Sepang Petrux \u00e8 4\u00b0, Scott 8\u00b0","date":"1 Febbraio 2016","format":false,"excerpt":"I primi test ufficiali della stagione 2016 di MotoGp iniziano in modo estremamente positivo per i due piloti di Octo Pramac Yakhnich. Danilo Petrucci e Scott Redding hanno infatti confermato le buone impressioni avute a Jerez (Spagna) a fine novembre con la loro nuova Ducati Desmosedici Gp e sul circuito\u2026","rel":"","context":"In &quot;MotoGP&quot;","img":{"alt_text":"","src":"https:\/\/i0.wp.com\/www.2-ruote.com\/IT\/wp-content\/uploads\/2016\/02\/1.jpg?fit=780%2C520&ssl=1&resize=350%2C200","width":350,"height":200},"classes":[]},{"id":771,"url":"https:\/\/www.2-ruote.com\/IT\/?p=771","url_meta":{"origin":871,"position":2},"title":"Petrux inizia alla grande il venerd\u00ec di Valencia. Buon feeling anche per Yonny","date":"6 Novembre 2015","format":false,"excerpt":"#TheGrandFinale inizia alla grande per OCTO Pramac Racing che al termine delle FP2 celebra il fantastico 6\u00b0 posto di Danilo Petrucci ed il buon feeling di Yonny Hernadez che ha fatto registrare il 13\u00b0 tempo. Sul circuito Ricardo Tormo di Valencia, l'ultimo venerd\u00ec della stagione ha visto protagonista il pilota\u2026","rel":"","context":"In &quot;MotoGP&quot;","img":{"alt_text":"","src":"https:\/\/i2.wp.com\/www.2-ruote.com\/IT\/wp-content\/uploads\/2015\/11\/16.jpg?fit=780%2C520&ssl=1&resize=350%2C200","width":350,"height":200},"classes":[]},{"id":810,"url":"https:\/\/www.2-ruote.com\/IT\/?p=810","url_meta":{"origin":871,"position":3},"title":"Petrucci in gran forma si conquista la Top 10. Yonny chiude il sabato di Valencia al 18\u00b0 posto","date":"7 Novembre 2015","format":false,"excerpt":"Danilo Petrucci conquista un'entusiasmante Top 10 nelle qualifiche del Gran Premio de la Comunitata Valenciana che domani chiuder\u00e0 la stagione 2015 di MotoGp. Yonny Hernandez si \u00e8 invece dovuto accontentare della 18\u00b0 posizione a causa di un errore in staccata che non gli ha permesso di sfruttare al meglio la\u2026","rel":"","context":"In &quot;MotoGP&quot;","img":{"alt_text":"","src":"https:\/\/i1.wp.com\/www.2-ruote.com\/IT\/wp-content\/uploads\/2015\/11\/23.jpg?fit=780%2C520&ssl=1&resize=350%2C200","width":350,"height":200},"classes":[]},{"id":169,"url":"https:\/\/www.2-ruote.com\/IT\/?p=169","url_meta":{"origin":871,"position":4},"title":"DE PUNIET E CAPIROSSI PER LA PRIMA VOLTA SULLA DUCATI DEL PRAMAC RACING TEAM","date":"9 Novembre 2010","format":false,"excerpt":"Primo giorno di prove per i nuovi piloti del Pramac Racing Team, Randy De Puniet e Loris Capirossi. Entrambi i piloti hanno percorso molti giri nonostante una leggera pioggia mattutina abbia bagnato la pista nelle prime ore della giornata. Il pilota Italiano \u00e8 stato il primo a scendere in pista\u2026","rel":"","context":"In &quot;MotoGP&quot;","img":{"alt_text":"","src":"","width":0,"height":0},"classes":[]},{"id":930,"url":"https:\/\/www.2-ruote.com\/IT\/?p=930","url_meta":{"origin":871,"position":5},"title":"Daniele Romagnoli d\u00e0 i voti alla stagione 2015: \"Petrux ha sorpreso tutti. Grande lavoro del team\"","date":"23 Novembre 2015","format":false,"excerpt":"Terzo appuntamento con le pagelle della stagione 2015 di OCTO Pramac Racing. Dopo i voti del Team Manager Francesco Guidotti e di Giacomo Guidotti che dopo aver guidato Yonny Hernandez sar\u00e0 il crew chief di Scotte Redding nella prossima stagione, oggi \u00e8 il turno di Daniele Romagnoli che d\u00e0 i\u2026","rel":"","context":"In &quot;MotoGP&quot;","img":{"alt_text":"","src":"https:\/\/i0.wp.com\/www.2-ruote.com\/IT\/wp-content\/uploads\/2015\/11\/112.jpg?fit=684%2C456&ssl=1&resize=350%2C200","width":350,"height":200},"classes":[]}],"jetpack_likes_enabled":true,"_links":{"self":[{"href":"https:\/\/www.2-ruote.com\/IT\/index.php?rest_route=\/wp\/v2\/posts\/871"}],"collection":[{"href":"https:\/\/www.2-ruote.com\/IT\/index.php?rest_route=\/wp\/v2\/posts"}],"about":[{"href":"https:\/\/www.2-ruote.com\/IT\/index.php?rest_route=\/wp\/v2\/types\/post"}],"author":[{"embeddable":true,"href":"https:\/\/www.2-ruote.com\/IT\/index.php?rest_route=\/wp\/v2\/users\/1"}],"replies":[{"embeddable":true,"href":"https:\/\/www.2-ruote.com\/IT\/index.php?rest_route=%2Fwp%2Fv2%2Fcomments&post=871"}],"version-history":[{"count":1,"href":"https:\/\/www.2-ruote.com\/IT\/index.php?rest_route=\/wp\/v2\/posts\/871\/revisions"}],"predecessor-version":[{"id":874,"href":"https:\/\/www.2-ruote.com\/IT\/index.php?rest_route=\/wp\/v2\/posts\/871\/revisions\/874"}],"wp:featuredmedia":[{"embeddable":true,"href":"https:\/\/www.2-ruote.com\/IT\/index.php?rest_route=\/wp\/v2\/media\/873"}],"wp:attachment":[{"href":"https:\/\/www.2-ruote.com\/IT\/index.php?rest_route=%2Fwp%2Fv2%2Fmedia&parent=871"}],"wp:term":[{"taxonomy":"category","embeddable":true,"href":"https:\/\/www.2-ruote.com\/IT\/index.php?rest_route=%2Fwp%2Fv2%2Fcategories&post=871"},{"taxonomy":"post_tag","embeddable":true,"href":"https:\/\/www.2-ruote.com\/IT\/index.php?rest_route=%2Fwp%2Fv2%2Ftags&post=871"}],"curies":[{"name":"wp","href":"https:\/\/api.w.org\/{rel}","templated":true}]}}