{"id":916,"date":"2015-11-16T09:17:06","date_gmt":"2015-11-16T08:17:06","guid":{"rendered":"http:\/\/www.2-ruote.com\/It\/?p=916"},"modified":"2015-11-16T09:17:06","modified_gmt":"2015-11-16T08:17:06","slug":"nicolo-bulega-campione-del-mondo-junior","status":"publish","type":"post","link":"https:\/\/www.2-ruote.com\/IT\/?p=916","title":{"rendered":"NICOLO\u2019 BULEGA, CAMPIONE DEL MONDO JUNIOR"},"content":{"rendered":"<h3 style=\"text-align: center;\">Junior Team VR46 Riders Academy<\/h3>\n<h1 style=\"text-align: center;\"><strong>NICOLO\u2019 BULEGA, CAMPIONE DEL MONDO JUNIOR<\/strong><\/h1>\n<h4 style=\"text-align: center;\">Con un quarto e terzo posto diventa anche il primo italiano a vincere il CEV moto3.<\/h4>\n<p style=\"text-align: justify;\">Domenica, 15 Novembre 2015 \u2013 Sul circuito di Valencia il VR46 Junior Team era impegnato quest\u2019oggi nelle ultime due gare del CEV, Campionato del Mondo Junior.<br \/>\nNicol\u00f2 Bulega che proprio al \u201cRicardo Tormo\u201d domenica scorsa aveva fatto un convincente esordio del mondiale moto3, ha ottenuto un quarto e un terzo conquistando il titolo del CEV moto3 e di Campione del Mondo Junior.<br \/>\nIl pilota della VR46 Riders Academy \u00e8 il primo italiano a vincere il campionato spagnolo e ad aggiudicarsi la prima edizione del Mondiale Junior.<\/p>\n<p>Gara1 \u00e8 stata ricca di colpi di scena. Dopo una \u201cfalsa partenza\u201d con gara interrotta al terzo giro per una caduta, alla ripresa (solo 9 giri), Bulega ha sofferto perdendo subito otto posizioni. La rimonta lo ha portato fino al comando ma pur in difficolt\u00e0 con le gomme, ha centrando il quarto posto, posizione che, comunque, gli ha dato la possibilit\u00e0 di prendere punti su Canet, suo inseguitore in campionato, caduto nell\u2019ultimo giro.<\/p>\n<p>In gara 2 Nicol\u00f2 ha guidato fin dall\u2019inizio la gara, gestendola con intelligenza e controllando il gruppetto degli avversari, in primis Arenas, distante in classifica di soli 13 punti. La gara si \u00e8 giocata in volata con il pilota della VR46 Riders Academy che ha gestito il distacco dallo spagnolo, classificandosi al terzo posto dopo Arenas e Canet.<\/p>\n<p>\u201cSono senza parole. E\u2019 stato un anno fantastico dove abbiamo lavorato benissimo e duramente. Il fine stagione ha dell\u2019 incredibile. Siamo andati sempre a podio a parte la penultima gara qui a Valencia ma ci sta vista la pressione che avevamo addosso. Voglio ringraziare tutto il team, la mia famiglia, gli amici che mi sono stati vicini e dedico questo campionato a Vale &#8211; dice Nicol\u00f2 Bulega -\u201d.<\/p>\n<p>\u201cSono emozionato e faccio ancora fatica a crederci. E\u2019 stato un gran week end. Nicol\u00f2 \u00e8 stato veloce fin dai primi turni stando sempre davanti &#8211; spiega Luca Brivio, team Manager dello Junior Team VR46 -\u201d.<br \/>\nIn generale il bilancio della stagione \u00e8 pi\u00f9 che positivo: siamo riusciti a centrare la vittoria partendo da esordienti. Vorrei fare tantissimi complimenti a Nicol\u00f2 che ha guidato in modo fantastico. Abbiamo fatto una seconda parte di stagione importante e nonostante qualche momento difficile, insieme ai ragazzi del team non abbiamo mai mollato credendoci sempre e continuando a lavorare con tanti sacrifici e alla fine ce l\u2019abbiamo fatta. Un grazie speciale va a loro e a tutta la VR46, a Uccio, Albi e a Vale soprattutto e a tutti quelli che hanno reso possibile arrivare a questo traguardo\u201d.<\/p>\n<p>\u201cVoglio complimentarmi con Nicol\u00f2, Luca Brivio e con tutta la squadra per la vittoria del Campionato &#8211; dice Alessio Salucci responsabile della VR46 Riders Academy -. Il lavoro svolto durante tutta la stagione \u00e8 stato molto importante, ci siamo concentrati e soprattutto non abbiamo mai smesso di crederci. Bravi!\u201d.<\/p>\n<p>\u201cComplimenti a Nicol\u00f2, a tutto il team e a tutti i nostri partner per la vittoria del campionato &#8211; dice Alberto Tebaldi, responsabile relazioni esterne VR46 Riders Academy -. Un grande impegno, premiato gi\u00e0 al nostro primo anno nel CEV\u201d.<\/p>\n<div class=\"sharedaddy sd-sharing-enabled\"><div class=\"robots-nocontent sd-block sd-social sd-social-icon sd-sharing\"><h3 class=\"sd-title\">Condividi:<\/h3><div class=\"sd-content\"><ul><li class=\"share-facebook\"><a rel=\"nofollow noopener noreferrer\" data-shared=\"sharing-facebook-916\" class=\"share-facebook sd-button share-icon no-text\" href=\"https:\/\/www.2-ruote.com\/IT\/?p=916&amp;share=facebook\" target=\"_blank\" title=\"Fai clic per condividere su Facebook\"><span><\/span><span class=\"sharing-screen-reader-text\">Fai clic per condividere su Facebook (Si apre in una nuova finestra)<\/span><\/a><\/li><li class=\"share-twitter\"><a rel=\"nofollow noopener noreferrer\" data-shared=\"sharing-twitter-916\" class=\"share-twitter sd-button share-icon no-text\" href=\"https:\/\/www.2-ruote.com\/IT\/?p=916&amp;share=twitter\" target=\"_blank\" title=\"Fai clic qui per condividere su Twitter\"><span><\/span><span class=\"sharing-screen-reader-text\">Fai clic qui per condividere su Twitter (Si apre in una nuova finestra)<\/span><\/a><\/li><li class=\"share-pinterest\"><a rel=\"nofollow noopener noreferrer\" data-shared=\"sharing-pinterest-916\" class=\"share-pinterest sd-button share-icon no-text\" href=\"https:\/\/www.2-ruote.com\/IT\/?p=916&amp;share=pinterest\" target=\"_blank\" title=\"Fai clic qui per condividere su Pinterest\"><span><\/span><span class=\"sharing-screen-reader-text\">Fai clic qui per condividere su Pinterest (Si apre in una nuova finestra)<\/span><\/a><\/li><li class=\"share-whatsapp\"><a rel=\"nofollow noopener noreferrer\" data-shared=\"\" class=\"share-whatsapp sd-button share-icon no-text\" href=\"https:\/\/www.2-ruote.com\/IT\/?p=916&amp;share=whatsapp\" target=\"_blank\" title=\"Clicca per condividere su WhatsApp\"><span><\/span><span class=\"sharing-screen-reader-text\">Clicca per condividere su WhatsApp (Si apre in una nuova finestra)<\/span><\/a><\/li><li class=\"share-linkedin\"><a rel=\"nofollow noopener noreferrer\" data-shared=\"sharing-linkedin-916\" class=\"share-linkedin sd-button share-icon no-text\" href=\"https:\/\/www.2-ruote.com\/IT\/?p=916&amp;share=linkedin\" target=\"_blank\" title=\"Fai clic qui per condividere su LinkedIn\"><span><\/span><span class=\"sharing-screen-reader-text\">Fai clic qui per condividere su LinkedIn (Si apre in una nuova finestra)<\/span><\/a><\/li><li class=\"share-tumblr\"><a rel=\"nofollow noopener noreferrer\" data-shared=\"\" class=\"share-tumblr sd-button share-icon no-text\" href=\"https:\/\/www.2-ruote.com\/IT\/?p=916&amp;share=tumblr\" target=\"_blank\" title=\"Fai clic qui per condividere su Tumblr\"><span><\/span><span class=\"sharing-screen-reader-text\">Fai clic qui per condividere su Tumblr (Si apre in una nuova finestra)<\/span><\/a><\/li><li class=\"share-pocket\"><a rel=\"nofollow noopener noreferrer\" data-shared=\"\" class=\"share-pocket sd-button share-icon no-text\" href=\"https:\/\/www.2-ruote.com\/IT\/?p=916&amp;share=pocket\" target=\"_blank\" title=\"Fai clic qui per condividere su Pocket\"><span><\/span><span class=\"sharing-screen-reader-text\">Fai clic qui per condividere su Pocket (Si apre in una nuova finestra)<\/span><\/a><\/li><li class=\"share-reddit\"><a rel=\"nofollow noopener noreferrer\" data-shared=\"\" class=\"share-reddit sd-button share-icon no-text\" href=\"https:\/\/www.2-ruote.com\/IT\/?p=916&amp;share=reddit\" target=\"_blank\" title=\"Fai clic qui per condividere su Reddit\"><span><\/span><span class=\"sharing-screen-reader-text\">Fai clic qui per condividere su Reddit (Si apre in una nuova finestra)<\/span><\/a><\/li><li class=\"share-print\"><a rel=\"nofollow noopener noreferrer\" data-shared=\"\" class=\"share-print sd-button share-icon no-text\" href=\"https:\/\/www.2-ruote.com\/IT\/?p=916\" target=\"_blank\" title=\"Fai clic qui per stampare\"><span><\/span><span class=\"sharing-screen-reader-text\">Fai clic qui per stampare (Si apre in una nuova finestra)<\/span><\/a><\/li><li class=\"share-end\"><\/li><\/ul><\/div><\/div><\/div>","protected":false},"excerpt":{"rendered":"<p>Junior Team VR46 Riders Academy NICOLO\u2019 BULEGA, CAMPIONE DEL MONDO JUNIOR Con un quarto e terzo posto diventa anche il&hellip;<\/p>\n<div class=\"sharedaddy sd-sharing-enabled\"><div class=\"robots-nocontent sd-block sd-social sd-social-icon sd-sharing\"><h3 class=\"sd-title\">Condividi:<\/h3><div class=\"sd-content\"><ul><li class=\"share-facebook\"><a rel=\"nofollow noopener noreferrer\" data-shared=\"sharing-facebook-916\" class=\"share-facebook sd-button share-icon no-text\" href=\"https:\/\/www.2-ruote.com\/IT\/?p=916&amp;share=facebook\" target=\"_blank\" title=\"Fai clic per condividere su Facebook\"><span><\/span><span class=\"sharing-screen-reader-text\">Fai clic per condividere su Facebook (Si apre in una nuova finestra)<\/span><\/a><\/li><li class=\"share-twitter\"><a rel=\"nofollow noopener noreferrer\" data-shared=\"sharing-twitter-916\" class=\"share-twitter sd-button share-icon no-text\" href=\"https:\/\/www.2-ruote.com\/IT\/?p=916&amp;share=twitter\" target=\"_blank\" title=\"Fai clic qui per condividere su Twitter\"><span><\/span><span class=\"sharing-screen-reader-text\">Fai clic qui per condividere su Twitter (Si apre in una nuova finestra)<\/span><\/a><\/li><li class=\"share-pinterest\"><a rel=\"nofollow noopener noreferrer\" data-shared=\"sharing-pinterest-916\" class=\"share-pinterest sd-button share-icon no-text\" href=\"https:\/\/www.2-ruote.com\/IT\/?p=916&amp;share=pinterest\" target=\"_blank\" title=\"Fai clic qui per condividere su Pinterest\"><span><\/span><span class=\"sharing-screen-reader-text\">Fai clic qui per condividere su Pinterest (Si apre in una nuova finestra)<\/span><\/a><\/li><li class=\"share-whatsapp\"><a rel=\"nofollow noopener noreferrer\" data-shared=\"\" class=\"share-whatsapp sd-button share-icon no-text\" href=\"https:\/\/www.2-ruote.com\/IT\/?p=916&amp;share=whatsapp\" target=\"_blank\" title=\"Clicca per condividere su WhatsApp\"><span><\/span><span class=\"sharing-screen-reader-text\">Clicca per condividere su WhatsApp (Si apre in una nuova finestra)<\/span><\/a><\/li><li class=\"share-linkedin\"><a rel=\"nofollow noopener noreferrer\" data-shared=\"sharing-linkedin-916\" class=\"share-linkedin sd-button share-icon no-text\" href=\"https:\/\/www.2-ruote.com\/IT\/?p=916&amp;share=linkedin\" target=\"_blank\" title=\"Fai clic qui per condividere su LinkedIn\"><span><\/span><span class=\"sharing-screen-reader-text\">Fai clic qui per condividere su LinkedIn (Si apre in una nuova finestra)<\/span><\/a><\/li><li class=\"share-tumblr\"><a rel=\"nofollow noopener noreferrer\" data-shared=\"\" class=\"share-tumblr sd-button share-icon no-text\" href=\"https:\/\/www.2-ruote.com\/IT\/?p=916&amp;share=tumblr\" target=\"_blank\" title=\"Fai clic qui per condividere su Tumblr\"><span><\/span><span class=\"sharing-screen-reader-text\">Fai clic qui per condividere su Tumblr (Si apre in una nuova finestra)<\/span><\/a><\/li><li class=\"share-pocket\"><a rel=\"nofollow noopener noreferrer\" data-shared=\"\" class=\"share-pocket sd-button share-icon no-text\" href=\"https:\/\/www.2-ruote.com\/IT\/?p=916&amp;share=pocket\" target=\"_blank\" title=\"Fai clic qui per condividere su Pocket\"><span><\/span><span class=\"sharing-screen-reader-text\">Fai clic qui per condividere su Pocket (Si apre in una nuova finestra)<\/span><\/a><\/li><li class=\"share-reddit\"><a rel=\"nofollow noopener noreferrer\" data-shared=\"\" class=\"share-reddit sd-button share-icon no-text\" href=\"https:\/\/www.2-ruote.com\/IT\/?p=916&amp;share=reddit\" target=\"_blank\" title=\"Fai clic qui per condividere su Reddit\"><span><\/span><span class=\"sharing-screen-reader-text\">Fai clic qui per condividere su Reddit (Si apre in una nuova finestra)<\/span><\/a><\/li><li class=\"share-print\"><a rel=\"nofollow noopener noreferrer\" data-shared=\"\" class=\"share-print sd-button share-icon no-text\" href=\"https:\/\/www.2-ruote.com\/IT\/?p=916\" target=\"_blank\" title=\"Fai clic qui per stampare\"><span><\/span><span class=\"sharing-screen-reader-text\">Fai clic qui per stampare (Si apre in una nuova finestra)<\/span><\/a><\/li><li class=\"share-end\"><\/li><\/ul><\/div><\/div><\/div>","protected":false},"author":1,"featured_media":917,"comment_status":"open","ping_status":"open","sticky":false,"template":"","format":"standard","meta":{"_mi_skip_tracking":false,"_monsterinsights_sitenote_active":false,"_monsterinsights_sitenote_note":"","_monsterinsights_sitenote_category":0,"spay_email":"","jetpack_publicize_message":"","jetpack_is_tweetstorm":false},"categories":[18,1],"tags":[],"aioseo_notices":[],"jetpack_featured_media_url":"https:\/\/i0.wp.com\/www.2-ruote.com\/IT\/wp-content\/uploads\/2015\/11\/110.jpg?fit=540%2C360&ssl=1","jetpack_publicize_connections":[],"jetpack_sharing_enabled":true,"jetpack_shortlink":"https:\/\/wp.me\/p6TDfQ-eM","jetpack-related-posts":[{"id":1789,"url":"https:\/\/www.2-ruote.com\/IT\/?p=1789","url_meta":{"origin":916,"position":0},"title":"Celestino Vietti e Dennis Foggia entrano ufficialmente nella VR46 Riders Academy","date":"15 Dicembre 2015","format":false,"excerpt":"Tavullia (PU) 15 Dicembre 2015 \u2013 VR46 Riders Academy (VR46RA) annuncia oggi l\u2019ingresso ufficiale di due nuovi giovani talenti delle due ruote: Celestino Vietti Ramus e Dennis Foggia. Sale cos\u00ec a 10 il numero dei piloti dell\u2019Accademia di Tavullia. Vietti (il vincitore del Campionato italiano Premoto3 250 4t) e Foggia\u2026","rel":"","context":"In &quot;Altri campionati&quot;","img":{"alt_text":"","src":"https:\/\/i1.wp.com\/www.2-ruote.com\/IT\/wp-content\/uploads\/2015\/12\/cele.jpg?fit=534%2C800&ssl=1&resize=350%2C200","width":350,"height":200},"classes":[]},{"id":461,"url":"https:\/\/www.2-ruote.com\/IT\/?p=461","url_meta":{"origin":916,"position":1},"title":"WEEKEND DA PRIMATO A JEREZ DE LA FRONTERA UN SECONDO E UN PRIMO POSTO CHE VALGONO PER NICOLO\u2019 BULEGA LA VETTA NEL CAMPIONATO","date":"2 Novembre 2015","format":false,"excerpt":"Domenica, 1 Novembre 2015 \u2013 Il VR46 Junior Team con Nicol\u00f2 Bulega era chiamato in questo fine settimana del CEV (Campionato Mondiale Junior) sul circuito di Jerez, a confermare il secondo posto dell\u2019ultima gara a Navarra. In programma un doppio appuntamento con un risultato che \u00e8 andato ben oltre le\u2026","rel":"","context":"In &quot;Altri campionati&quot;","img":{"alt_text":"","src":"https:\/\/i0.wp.com\/www.2-ruote.com\/IT\/wp-content\/uploads\/2015\/11\/1.jpg?fit=540%2C360&ssl=1&resize=350%2C200","width":350,"height":200},"classes":[]},{"id":3971,"url":"https:\/\/www.2-ruote.com\/IT\/?p=3971","url_meta":{"origin":916,"position":2},"title":"Aruba.it Ducati - Presentazione Piloti","date":"10 Febbraio 2016","format":false,"excerpt":"Chaz Davies DATA DI NASCITA: 10 febbraio 1987 a Knighton, Galles ALTEZZA: 183 cm PESO: 70 kg NUMERO FORTUNATO: 7 NUMERO DI GARA: 7 HOBBY: Snowboard, Xbox e tutti gli sport su due e quattro ruote \u2013 ciclismo, MX, trial, kart\u2026 PISTA PREFERITA: Aragon, ma anche tutte le altre piste\u2026","rel":"","context":"In &quot;SBK&quot;","img":{"alt_text":"","src":"https:\/\/i2.wp.com\/www.2-ruote.com\/IT\/wp-content\/uploads\/2016\/02\/1-_ZAC3364.jpg?resize=350%2C200","width":350,"height":200},"classes":[]},{"id":495,"url":"https:\/\/www.2-ruote.com\/IT\/?p=495","url_meta":{"origin":916,"position":3},"title":"Chaz Davies","date":"16 Febbraio 2015","format":false,"excerpt":"NATO: il 10 febbraio 1987 a Knighton, Galles ALTEZZA: 183 cm PESO: 70 kg NUMERO FORTUNATO: 7 NUMERO DI GARA: 7 HOBBY: Snowboard, Xbox e tutti gli sport su due e quattro ruote - ciclismo, MX, trial, kart\u2026 PISTA PREFERITA: Aragon, ma anche tutte le piste dove ha vinto! PRIMA\u2026","rel":"","context":"In &quot;SBK&quot;","img":{"alt_text":"","src":"https:\/\/i2.wp.com\/www.2-ruote.com\/IT\/wp-content\/uploads\/2015\/02\/1-004.jpg?fit=799%2C1200&ssl=1&resize=350%2C200","width":350,"height":200},"classes":[]},{"id":525,"url":"https:\/\/www.2-ruote.com\/IT\/?p=525","url_meta":{"origin":916,"position":4},"title":"Andrea Iannone","date":"16 Febbraio 2015","format":false,"excerpt":"Andrea Iannone, al suo terzo anno in MotoGP, quest\u2019anno \u00e8 stato promosso nella squadra ufficiale Ducati Team, dove sar\u00e0 il compagno di squadra di Andrea Dovizioso. Il pilota abruzzese ha dimostrato gi\u00e0 lo scorso anno di avere tutte le carte in regola per poter essere tra i protagonisti della classe\u2026","rel":"","context":"In &quot;Ducati Corse&quot;","img":{"alt_text":"","src":"https:\/\/i2.wp.com\/www.2-ruote.com\/IT\/wp-content\/uploads\/2015\/02\/17-Ducati_MotGP_Team_2015_50_Iannone.jpg?fit=801%2C1200&ssl=1&resize=350%2C200","width":350,"height":200},"classes":[]}],"jetpack_likes_enabled":true,"_links":{"self":[{"href":"https:\/\/www.2-ruote.com\/IT\/index.php?rest_route=\/wp\/v2\/posts\/916"}],"collection":[{"href":"https:\/\/www.2-ruote.com\/IT\/index.php?rest_route=\/wp\/v2\/posts"}],"about":[{"href":"https:\/\/www.2-ruote.com\/IT\/index.php?rest_route=\/wp\/v2\/types\/post"}],"author":[{"embeddable":true,"href":"https:\/\/www.2-ruote.com\/IT\/index.php?rest_route=\/wp\/v2\/users\/1"}],"replies":[{"embeddable":true,"href":"https:\/\/www.2-ruote.com\/IT\/index.php?rest_route=%2Fwp%2Fv2%2Fcomments&post=916"}],"version-history":[{"count":1,"href":"https:\/\/www.2-ruote.com\/IT\/index.php?rest_route=\/wp\/v2\/posts\/916\/revisions"}],"predecessor-version":[{"id":918,"href":"https:\/\/www.2-ruote.com\/IT\/index.php?rest_route=\/wp\/v2\/posts\/916\/revisions\/918"}],"wp:featuredmedia":[{"embeddable":true,"href":"https:\/\/www.2-ruote.com\/IT\/index.php?rest_route=\/wp\/v2\/media\/917"}],"wp:attachment":[{"href":"https:\/\/www.2-ruote.com\/IT\/index.php?rest_route=%2Fwp%2Fv2%2Fmedia&parent=916"}],"wp:term":[{"taxonomy":"category","embeddable":true,"href":"https:\/\/www.2-ruote.com\/IT\/index.php?rest_route=%2Fwp%2Fv2%2Fcategories&post=916"},{"taxonomy":"post_tag","embeddable":true,"href":"https:\/\/www.2-ruote.com\/IT\/index.php?rest_route=%2Fwp%2Fv2%2Ftags&post=916"}],"curies":[{"name":"wp","href":"https:\/\/api.w.org\/{rel}","templated":true}]}}